{"id":1282218,"date":"2026-09-05T12:09:26","date_gmt":"2026-09-05T12:09:26","guid":{"rendered":"https:\/\/www.europesays.com\/de\/1282218\/"},"modified":"2026-09-05T12:09:26","modified_gmt":"2026-09-05T12:09:26","slug":"jordan-bardella-und-nigel-farage-gemeinsame-pressekonferenz-zur-migration-reform-uk-konferenz-2026-nachrichten-und-statistiken","status":"publish","type":"post","link":"https:\/\/www.europesays.com\/de\/1282218\/","title":{"rendered":"Jordan Bardella und Nigel Farage: Gemeinsame Pressekonferenz zur Migration | Reform-UK-Konferenz 2026 &#8211; Nachrichten und Statistiken"},"content":{"rendered":"<p>\n\t\t\t\t\t\t\t\t\t\t\t\t04.09.2026\t\t\t\t\t<\/p>\n<p>Jordan Bardella vom Rassemblement National soll am Freitagnachmittag gemeinsam mit dem Reform-UK-Vorsitzenden Nigel Farage bei einer Pressekonferenz auftreten, zeitgleich mit dem Beginn der j\u00e4hrlichen Reform-Veranstaltung in Birmingham. Ein Vertreter des Rassemblement National teilte Euronews mit, dass die beiden Politiker beabsichtigen, sich mit unerlaubter Einwanderung und bilateralen Bem\u00fchungen zwischen Gro\u00dfbritannien und Frankreich zur Eind\u00e4mmung kleiner Boots\u00fcberfahrten zu befassen. Dies geschieht einen Tag, nachdem der britische Premierminister Andy Burnham und der franz\u00f6sische Pr\u00e4sident Emmanuel Macron Gespr\u00e4che \u00fcber verst\u00e4rkte Ma\u00dfnahmen gegen solche \u00dcberfahrten und engere Beziehungen zwischen Gro\u00dfbritannien und Europa gef\u00fchrt haben.<\/p>\n<p>Der 30-j\u00e4hrige Bardella galt zuvor als f\u00fchrender Anw\u00e4rter des Rassemblement National f\u00fcr die franz\u00f6sische Pr\u00e4sidentschaftswahl 2027. Derzeit steht er auf einer gemeinsamen Plattform mit Marine Le Pen und strebt an, ihr Premierminister zu werden. Trotz dieser \u00e4u\u00dferlichen Einheit sind bemerkenswerte Unterschiede zwischen Bardella und Le Pen zutage getreten, insbesondere bei den Rentenreformen und den Regelungen zum Hijab in Frankreich. Bardella hat das bestehende Rentensystem als unbrauchbar bezeichnet und versucht zugleich, die Kritik an Le Pens vorgeschlagenem Verbot des Hijabs in \u00f6ffentlichen Bereichen zu mildern. Gegen\u00fcber Journalisten erkl\u00e4rte er am Montag, das Ziel sei nicht, Kleidung vorzuschreiben, und betonte, dass eine \u00f6ffentliche Abstimmung zu dieser Frage durchgef\u00fchrt werde.<\/p>\n<p>Der Vorsitzende der Patriots-Fraktion im Europ\u00e4ischen Parlament positioniert sich zudem als Kandidat mit einer wirtschaftsfreundlicheren Ausrichtung als Le Pen, die traditionell protektionistische Handelspolitik bef\u00fcrwortet hat. Diese Unterschiede haben Spekulationen \u00fcber interne Dynamiken ausgel\u00f6st, insbesondere da Bardellas internationales Profil w\u00e4chst. Nach seinem Besuch in Birmingham wird er nach Cernobbio, Italien, reisen, um am Ambrosetti-Forum teilzunehmen, einer j\u00e4hrlichen Veranstaltung zu wirtschaftlichen und geopolitischen Themen, die f\u00fcr Samstag geplant ist.<\/p>\n<p>Farage und Bardella hatten sich zuvor im Dezember in einem privaten Club in London getroffen. Obwohl beide eine EU-skeptische Haltung teilen, waren Farages Beziehungen zum Rassemblement National nicht immer herzlich. Bereits 2014 warf Le Pen Farage Feindseligkeit gegen\u00fcber ihrer Partei vor, nachdem er sich geweigert hatte, ein B\u00fcndnis mit dem damaligen Front National im Europ\u00e4ischen Parlament einzugehen, und Bedenken wegen Antisemitismus und Voreingenommenheit anf\u00fchrte.<\/p>\n<p>Seit der Ank\u00fcndigung ihrer Kandidatur f\u00fcr die Pr\u00e4sidentschaftswahl 2027 hat Le Pen eine entschieden EU-kritische Haltung beibehalten. Vergangene Woche erkl\u00e4rte sie gegen\u00fcber Unternehmensf\u00fchrern, dass Frankreichs Beitr\u00e4ge zur Union, die 2026 fast 29 Milliarden Euro betrugen, 5 Milliarden Euro nicht \u00fcberschreiten sollten. Sie hat sich auch f\u00fcr die Abschaffung Tausender EU-Vorschriften ausgesprochen und behauptet, Frankreich \u00fcbertreffe oft die Mindeststandards aus Br\u00fcssel und solle nicht l\u00e4nger der Spitzenreiter sein wollen.<\/p>\n<p>Am Freitag, kurz vor Beginn der Reform-Konferenz, wurde die Partei wegen mutma\u00dflicher unrechtm\u00e4\u00dfiger Spenden an die Metropolitan Police und die Electoral Commission verwiesen. Diese Entwicklung folgte einer verdeckten Enth\u00fcllung, die Channel 4 News ausstrahlte, bei der eine investigative Organisation namens Verbatim vorgab, ein wohlhabender amerikanischer Investor und sein in Gro\u00dfbritannien lebender Sohn zu sein. Beitr\u00e4ge ausl\u00e4ndischer Investoren sind nach britischem Recht verboten. Reform hat jegliches Fehlverhalten zur\u00fcckgewiesen und den Bericht als Inszenierung von Klimaaktivisten mit ausl\u00e4ndischer Finanzierung bezeichnet, die sich als potenzielle Spender ausgegeben h\u00e4tten, und bekr\u00e4ftigt, dass man ein gr\u00fcndliches, von der Electoral Commission gebilligtes Spenderpr\u00fcfverfahren unterhalte.<\/p>\n<p>Nigel Farage versucht zudem, eine umstrittene Angelegenheit hinter sich zu lassen, die eine Spende von 5 Millionen Pfund (5,8 Millionen Euro) des britischen Kryptomilliard\u00e4rs Christopher Harborne betrifft, die er als Geschenk bezeichnete. Farage behauptet, dass die Gelder, die derzeit vom Ethikausschuss des Parlaments gepr\u00fcft werden, f\u00fcr seine pers\u00f6nliche Sicherheit bestimmt waren. Er versichert, dass die Zahlung vor seiner Wahl zum Abgeordneten eingegangen sei und daher nicht den parlamentarischen Aufsichtsgremien offengelegt werden m\u00fcsse.<\/p>\n<p>Reform verzeichnete bei den Kommunalwahlen im Mai beachtliche Gewinne und lag bis Ende Juli in Meinungsumfragen \u00fcber ein Jahr lang vor Labour, ist jedoch in letzter Zeit zur\u00fcckgefallen.<\/p>\n","protected":false},"excerpt":{"rendered":"04.09.2026 Jordan Bardella vom Rassemblement National soll am Freitagnachmittag gemeinsam mit dem Reform-UK-Vorsitzenden Nigel Farage bei einer Pressekonferenz&hellip;\n","protected":false},"author":2,"featured_media":1282219,"comment_status":"","ping_status":"","sticky":false,"template":"","format":"standard","meta":{"footnotes":"","_share_on_mastodon":"0"},"categories":[3976],"tags":[331,332,120736,264499,264500,189968,1356,264503,264502,13,264501,20229,3022,157,14,15,30683,1323,28671,264504,22123,12,3992,3993,3994,3995,3996,3997],"class_list":["post-1282218","post","type-post","status-publish","format-standard","has-post-thumbnail","category-vereinigtes-koenigreich","tag-aktuelle-nachrichten","tag-aktuelle-news","tag-andy-burnham","tag-aermelkanal-ueberfahrten","tag-britisch-franzoesische-zusammenarbeit","tag-christopher-harborne","tag-emmanuel-macron","tag-eu-beitraege","tag-eu-skeptisch","tag-headlines","tag-hijab-verbot","tag-illegale-migration","tag-jordan-bardella","tag-marine-le-pen","tag-nachrichten","tag-news","tag-nigel-farage","tag-rassemblement-national","tag-reform-uk","tag-reform-uk-spenden","tag-rentenreform","tag-schlagzeilen","tag-uk","tag-united-kingdom","tag-united-kingdom-of-great-britain-and-northern-ireland","tag-vereinigtes-koenigreich","tag-vereinigtes-koenigreich-grossbritannien-und-nordirland","tag-vereinigtes-koenigreich-von-grossbritannien-und-nordirland"],"share_on_mastodon":{"url":"","error":"Validation failed: Text character limit of 500 exceeded"},"_links":{"self":[{"href":"https:\/\/www.europesays.com\/de\/wp-json\/wp\/v2\/posts\/1282218","targetHints":{"allow":["GET"]}}],"collection":[{"href":"https:\/\/www.europesays.com\/de\/wp-json\/wp\/v2\/posts"}],"about":[{"href":"https:\/\/www.europesays.com\/de\/wp-json\/wp\/v2\/types\/post"}],"author":[{"embeddable":true,"href":"https:\/\/www.europesays.com\/de\/wp-json\/wp\/v2\/users\/2"}],"replies":[{"embeddable":true,"href":"https:\/\/www.europesays.com\/de\/wp-json\/wp\/v2\/comments?post=1282218"}],"version-history":[{"count":0,"href":"https:\/\/www.europesays.com\/de\/wp-json\/wp\/v2\/posts\/1282218\/revisions"}],"wp:featuredmedia":[{"embeddable":true,"href":"https:\/\/www.europesays.com\/de\/wp-json\/wp\/v2\/media\/1282219"}],"wp:attachment":[{"href":"https:\/\/www.europesays.com\/de\/wp-json\/wp\/v2\/media?parent=1282218"}],"wp:term":[{"taxonomy":"category","embeddable":true,"href":"https:\/\/www.europesays.com\/de\/wp-json\/wp\/v2\/categories?post=1282218"},{"taxonomy":"post_tag","embeddable":true,"href":"https:\/\/www.europesays.com\/de\/wp-json\/wp\/v2\/tags?post=1282218"}],"curies":[{"name":"wp","href":"https:\/\/api.w.org\/{rel}","templated":true}]}}