{"id":1282239,"date":"2026-09-05T12:23:13","date_gmt":"2026-09-05T12:23:13","guid":{"rendered":"https:\/\/www.europesays.com\/de\/1282239\/"},"modified":"2026-09-05T12:23:13","modified_gmt":"2026-09-05T12:23:13","slug":"werk68-in-nuernberg-neuer-club-in-den-raeumen-des-frueheren-cult-eroeffnet-2","status":"publish","type":"post","link":"https:\/\/www.europesays.com\/de\/1282239\/","title":{"rendered":"Werk68 in N\u00fcrnberg: Neuer Club in den R\u00e4umen des fr\u00fcheren Cult er\u00f6ffnet"},"content":{"rendered":"<p>                                &#8211;                                Viele helfende H\u00e4nde machen es m\u00f6glich: In kurzer Zeit wird aus der Kultlocation Cult das Werk68. Was \u00fcber Dekaden gewachsen ist, soll weiterleben \u2013 als Ort f\u00fcr Musik, Begegnung und Szene. Jetzt wird offiziell er\u00f6ffnet.<\/p>\n<p>                Am Anfang stand das Gef\u00fchl: \u201eEine so tolle Location kann man nicht sterben lassen\u201c, sagten sich Dorko und seine Frau Birgit Grell, als Anfang Juni 2026 klar war, dass der fr\u00fchere N\u00fcrnberger Kultclub <a href=\"https:\/\/www.nordbayern.de\/nuernberg\/aus-cult-wird-subcultura-das-ist-an-der-stadtgrenze-nurnberg-furth-geplant-shog-rep-1-1.15171635\" target=\"_blank\" onclick=\"trackClickEventForLink(&#039;Article Link Click&#039;, &#039;\u201eEine so tolle Location kann man nicht sterben lassen\u201c: So geht es im ehemaligen Kult-Club weiter&#039;, &#039;article&#039;, \" https:=\"\" der=\"\" cult=\"\" weiterlebt:=\"\" werk68=\"\" bald=\"\" schon=\"\" h=\"\" offiziell=\"\" seine=\"\" t=\"\" rel=\"nofollow noopener\">Der Cult an der Stadtgrenze seinen Abschied einl\u00e4utete<\/a>. Sie fassten sich ein Herz: \u201e \u201eMeine Frau und ich haben uns gesagt: Das Abenteuer g\u00f6nnen wir uns. Und haben eine GmbH gegr\u00fcndet\u201c, erz\u00e4hlt der 64-j\u00e4hrige Betreiber im ersten Gespr\u00e4ch mit nordbayern im Juni.<\/p>\n<p>Denn der Club an der Grenze zwischen N\u00fcrnberg und F\u00fcrth ist in der Region Kult, eine Institution, die vielen Subkulturen \u00fcber Jahrzehnte hinweg ein Zuhause gab. Jetzt erwacht der ehemalige Cult unter neuem Namen Werk68 in seinen zweiten Fr\u00fchling. Dennoch: Grells ist wichtig, den besonderen Charakter der Location bewahren &#8211; sie soll weiterhin ein Zuhause f\u00fcr Gothic-, Rock-, Metal-, Wave- sowie Fetisch- und andere Subkulturen sein.<\/p>\n<p>Am 1. Juli 2026 erst haben die neuen Betreiber die Schl\u00fcssel f\u00fcr das Areal in der Dooser Stra\u00dfe 60 erhalten &#8211; eineinhalb Monate sp\u00e4ter erstrahlt der ehemalige Cult in frischem Glanz und feierte am <strong>Samstag, 15. August<\/strong>, ab 22 Uhr seine inoffizielle Er\u00f6ffnung: \u201eEs ist und bleibt weiterhin unser Wohnzimmer, aber abgestaubt\u201c, fasste eine Sprecherin des Clubs im Gespr\u00e4ch mit der Redaktion nun zusammen. Das vertraute \u201eWohnzimmergef\u00fchl\u201c soll erhalten bleiben, aber mit zeitgem\u00e4\u00dfer Technik und etwas mehr Moderne in die Zukunft starten. Die bekannten Veranstaltungen bleiben unter neuen Namen bestehen, aber auch Konzerte sind wieder st\u00e4rker geplant \u2013 trotz der wirtschaftlichen Herausforderungen die Bandauftritte inzwischen mit sich bringen.<\/p>\n<p>Zun\u00e4chst sollte der Club den Namen Subcultura tragen, doch dann, so die Sprecherin ging kurz vor Fristablauf der Markenanmeldung der Einspruch eines franz\u00f6sischen Konzerns ein, man wollte Aufwand und vor allem Kosten eines Prozesses sparen. \u201eWir mussten Subcultura loslassen. Das war kein guter Tag\u201c, hei\u00dft es auch in einem Instagram-Post der neuen Lokalit\u00e4t.<\/p>\n<p>                                                        Aus Der Cult wird letztlich Werk68<\/p>\n<p>Schnell entwickelte sich mit dem neuen und nun festen Namen Werk68 eine Alternative, die zu vielem passte: Zum derben Mauerwerk der Fassade, zur Geschichte des Geb\u00e4udes, in dem fr\u00fcher ein Fabrikwerk und eine Werkstatt waren und &#8211; vor allem &#8211; zu dem Werk von 68 festen und registrierten Helferinnen und Helfern, die in den vergangenen eineinhalb Monaten Tag und Nacht daran gearbeitet haben, die neue Lokalit\u00e4t mit der Verbundenheit in ihre Vergangenheit schnell Wirklichkeit werden zu lassen. \u201eOhne diese 68 h\u00e4tten wir es niemals geschafft\u201c, sagt die Club-Sprecherin, \u201ees war wirklich ein Sprint\u201c. Als dann auch das Bauamt durchwinkte und die Konzession im ersten Anlauf direkt vorlag, stand beh\u00f6rdlich gesehen dem Neuanfang nichts mehr im Wege &#8211; oder verz\u00f6gerte ihn.<\/p>\n<p>                                    <img decoding=\"async\" loading=\"lazy\" src=\"https:\/\/www.europesays.com\/de\/wp-content\/uploads\/2026\/09\/shared_image__20260815T161209.jpg\" alt=\"So sieht das neue Werk68 im Inneren aus.\" class=\" aspect-ratio-16-9\" title=\"So sieht das neue Werk68 im Inneren aus.\" data-id=\"115242044\"\/><\/p>\n<p class=\"article__context__meta article__context__meta__full\">\n                    So sieht das neue Werk68 im Inneren aus.<br \/>\n                            \u00a9 Georgina Block\/Werk68\n            <\/p>\n<p>W\u00e4hrend ein Teil der helfenden H\u00e4nde drau\u00df\u00e9n das Unkraut j\u00e4tete, eine andere Helferin die Spinnweben entfernte, lackierten andere beispielsweise die Bar frisch oder installierten die Lichtanlage f\u00fcr das neue Werk68. \u201eDass unser Zuhause bald zur\u00fcckkehrt und Dorko Grell sagte: \u2018Wir er\u00f6ffnen am 15. August\u2018, hat bei allen eine Energie und Schwung freigesetzt.\u201c Der leidenschaftliche Spirit sei \u201eso greifbar gewesen\u201c, so die Sprecherin. Dennoch erinnert vieles an die Geschichte der Club-Legende, an den Vorbetreiber Rick, der vor wenigen Jahren starb. \u201eWir geben der Erinnerung Platz und erm\u00f6glichen Raum f\u00fcr Neues.\u201c<\/p>\n<p>Nach einem Soft Opening und einhergehend damit der ersten Veranstaltung \u201eNachtwerk\u201c wird nun Mitte September eine gro\u00dfe Feier den Neustart von Werk68 markieren. Am <strong>Freitag, 18. September<\/strong>, wird ab 21 Uhr gro\u00df er\u00f6ffnet, die schwarze Szene feiert mit. Am <strong>Samstag, 19. September,<\/strong> gibt es dann einen Abend f\u00fcr die Fetisch-Szene, zu der der Einlass ebenfalls um 21 Uhr beginnt. Dazwischen tummeln bereits sich einige Clubn\u00e4chte, wie Zirkus Beretton am Samstag, 5. September oder die legend\u00e4re Depeche-Mode-Party am Freitag, 11. September.<\/p>\n","protected":false},"excerpt":{"rendered":"&#8211; Viele helfende H\u00e4nde machen es m\u00f6glich: In kurzer Zeit wird aus der Kultlocation Cult das Werk68. Was&hellip;\n","protected":false},"author":2,"featured_media":1282240,"comment_status":"","ping_status":"","sticky":false,"template":"","format":"standard","meta":{"footnotes":"","_share_on_mastodon":"0"},"categories":[1837],"tags":[772,3364,29,30,3783],"class_list":["post-1282239","post","type-post","status-publish","format-standard","has-post-thumbnail","category-nuernberg","tag-bayern","tag-de","tag-deutschland","tag-germany","tag-nuernberg"],"share_on_mastodon":{"url":"https:\/\/pubeurope.com\/@de\/117218417424911358","error":""},"_links":{"self":[{"href":"https:\/\/www.europesays.com\/de\/wp-json\/wp\/v2\/posts\/1282239","targetHints":{"allow":["GET"]}}],"collection":[{"href":"https:\/\/www.europesays.com\/de\/wp-json\/wp\/v2\/posts"}],"about":[{"href":"https:\/\/www.europesays.com\/de\/wp-json\/wp\/v2\/types\/post"}],"author":[{"embeddable":true,"href":"https:\/\/www.europesays.com\/de\/wp-json\/wp\/v2\/users\/2"}],"replies":[{"embeddable":true,"href":"https:\/\/www.europesays.com\/de\/wp-json\/wp\/v2\/comments?post=1282239"}],"version-history":[{"count":0,"href":"https:\/\/www.europesays.com\/de\/wp-json\/wp\/v2\/posts\/1282239\/revisions"}],"wp:featuredmedia":[{"embeddable":true,"href":"https:\/\/www.europesays.com\/de\/wp-json\/wp\/v2\/media\/1282240"}],"wp:attachment":[{"href":"https:\/\/www.europesays.com\/de\/wp-json\/wp\/v2\/media?parent=1282239"}],"wp:term":[{"taxonomy":"category","embeddable":true,"href":"https:\/\/www.europesays.com\/de\/wp-json\/wp\/v2\/categories?post=1282239"},{"taxonomy":"post_tag","embeddable":true,"href":"https:\/\/www.europesays.com\/de\/wp-json\/wp\/v2\/tags?post=1282239"}],"curies":[{"name":"wp","href":"https:\/\/api.w.org\/{rel}","templated":true}]}}