{"id":1282249,"date":"2026-09-05T12:33:22","date_gmt":"2026-09-05T12:33:22","guid":{"rendered":"https:\/\/www.europesays.com\/de\/1282249\/"},"modified":"2026-09-05T12:33:22","modified_gmt":"2026-09-05T12:33:22","slug":"pol-del-autobahnpolizei-ahlhorn-verkehrsunfall-auf-der-autobahn-1-im-bereich-der","status":"publish","type":"post","link":"https:\/\/www.europesays.com\/de\/1282249\/","title":{"rendered":"POL-DEL: Autobahnpolizei Ahlhorn: Verkehrsunfall auf der Autobahn 1 im Bereich der &#8230;"},"content":{"rendered":"<p class=\"date\">05.09.2026 \u2013 10:56<\/p>\n<p class=\"customer\">\n                        <a class=\"story-customer\" title=\"weiter zum newsroom von Polizeiinspektion Delmenhorst \/ Oldenburg - Land \/ Wesermarsch\" href=\"https:\/\/www.presseportal.de\/blaulicht\/nr\/68438\" rel=\"nofollow noopener\" target=\"_blank\">Polizeiinspektion Delmenhorst \/ Oldenburg &#8211; Land \/ Wesermarsch<\/a>\n                    <\/p>\n<p><a data-category=\"citylink-story-view\" data-action=\"click\" data-label=\"Citylink in Meldungsansicht\" class=\"story-city event-trigger\" href=\"https:\/\/www.presseportal.de\/regional\/Delmenhorst\" title=\"News aus Delmenhorst \" rel=\"nofollow noopener\" target=\"_blank\">Delmenhorst<\/a> (ots)<\/p>\n<p>Am Freitag, 04. September 2026, ereignete sich um 14:07 Uhr ein Verkehrsunfall auf der Autobahn 1 im Bereich der Gemeinde Emstek.<\/p>\n<p>Ein 52-J\u00e4hriger Niederl\u00e4nder beabsichtigte \u00fcber die Anschlussstelle Cloppenburg auf die Autobahn 1 in Fahrtrichtung Bremen aufzufahren.<br \/>\nInfolge nicht angepasster Geschwindigkeit bei Starkregen verlor der Niederl\u00e4nder die Kontrolle \u00fcber seinen Pkw und schleuderte auf die durchgehende Fahrbahn. Hier kam es auf dem mittleren Fahrstreifen zu einem Zusammensto\u00df mit einem Kleintransporter, der von einem 41-J\u00e4hrigen aus dem Rhein-Sieg-Kreis gef\u00fchrt wurde. Im weiteren Verlauf stie\u00df der Niederl\u00e4nder auf dem linken Fahrstreifen noch mit dem Pkw einer 43-J\u00e4hrigen aus Bremen zusammen.<\/p>\n<p>Alle drei Pkw wurden derart stark besch\u00e4digt, dass sie abgeschleppt werden mussten. Der Gesamtschaden wird auf ca. 16.500 Euro gesch\u00e4tzt.<\/p>\n<p>Der Niederl\u00e4nder wurde bei dem Unfall leicht verletzt. Aufgrund der nicht mehr fahrbereiten Fahrzeuge und auslaufenden Betriebsstoffe musste die Autobahn bis ca. 16 Uhr voll gesperrt werden.<\/p>\n<p class=\"contact-headline\">R\u00fcckfragen bitte an:<\/p>\n<p class=\"contact-text\">Autobahnpolizei Ahlhorn<br \/>Telefon: 04435\/9316-0<br \/>E-Mail: <a href=\"https:\/\/www.presseportal.de\/blaulicht\/pm\/68438\/mailto:pressestelle@pi-del.polizei.niedersachsen.de\" class=\"uri-mailto\" rel=\"nofollow noopener\" target=\"_blank\">pressestelle@pi-del.polizei.niedersachsen.de<\/a> <br \/>Homepage: <a target=\"_blank\" class=\"uri-ext outbound\" rel=\"noopener nofollow\" href=\"https:\/\/t.co\/aQZG7qf8EJ\">https:\/\/t.co\/aQZG7qf8EJ<\/a><br \/>Social Media: <a target=\"_blank\" class=\"uri-ext outbound\" rel=\"noopener nofollow\" href=\"https:\/\/x.com\/Polizei_DEL\">https:\/\/x.com\/Polizei_DEL<\/a><\/p>\n<p class=\"originator\">Original-Content von: Polizeiinspektion Delmenhorst \/ Oldenburg &#8211; Land \/ Wesermarsch, \u00fcbermittelt durch news aktuell<\/p>\n","protected":false},"excerpt":{"rendered":"05.09.2026 \u2013 10:56 Polizeiinspektion Delmenhorst \/ Oldenburg &#8211; Land \/ Wesermarsch Delmenhorst (ots) Am Freitag, 04. September 2026,&hellip;\n","protected":false},"author":2,"featured_media":1266941,"comment_status":"","ping_status":"","sticky":false,"template":"","format":"standard","meta":{"footnotes":"","_share_on_mastodon":"0"},"categories":[1824],"tags":[2420,3364,29,30,177,5404,121,178,180,179,181],"class_list":["post-1282249","post","type-post","status-publish","format-standard","has-post-thumbnail","category-bremen","tag-bremen","tag-de","tag-deutschland","tag-germany","tag-kriminalitt","tag-ni","tag-polizei","tag-presse","tag-pressemeldung","tag-pressemitteilung","tag-pressemitteilungen"],"share_on_mastodon":{"url":"https:\/\/pubeurope.com\/@de\/117218456742204598","error":""},"_links":{"self":[{"href":"https:\/\/www.europesays.com\/de\/wp-json\/wp\/v2\/posts\/1282249","targetHints":{"allow":["GET"]}}],"collection":[{"href":"https:\/\/www.europesays.com\/de\/wp-json\/wp\/v2\/posts"}],"about":[{"href":"https:\/\/www.europesays.com\/de\/wp-json\/wp\/v2\/types\/post"}],"author":[{"embeddable":true,"href":"https:\/\/www.europesays.com\/de\/wp-json\/wp\/v2\/users\/2"}],"replies":[{"embeddable":true,"href":"https:\/\/www.europesays.com\/de\/wp-json\/wp\/v2\/comments?post=1282249"}],"version-history":[{"count":0,"href":"https:\/\/www.europesays.com\/de\/wp-json\/wp\/v2\/posts\/1282249\/revisions"}],"wp:featuredmedia":[{"embeddable":true,"href":"https:\/\/www.europesays.com\/de\/wp-json\/wp\/v2\/media\/1266941"}],"wp:attachment":[{"href":"https:\/\/www.europesays.com\/de\/wp-json\/wp\/v2\/media?parent=1282249"}],"wp:term":[{"taxonomy":"category","embeddable":true,"href":"https:\/\/www.europesays.com\/de\/wp-json\/wp\/v2\/categories?post=1282249"},{"taxonomy":"post_tag","embeddable":true,"href":"https:\/\/www.europesays.com\/de\/wp-json\/wp\/v2\/tags?post=1282249"}],"curies":[{"name":"wp","href":"https:\/\/api.w.org\/{rel}","templated":true}]}}