{"id":1282263,"date":"2026-09-05T12:45:18","date_gmt":"2026-09-05T12:45:18","guid":{"rendered":"https:\/\/www.europesays.com\/de\/1282263\/"},"modified":"2026-09-05T12:45:18","modified_gmt":"2026-09-05T12:45:18","slug":"duesseldorf-u80-zum-flughafen-so-war-die-erste-fahrt","status":"publish","type":"post","link":"https:\/\/www.europesays.com\/de\/1282263\/","title":{"rendered":"D\u00fcsseldorf: U80 zum Flughafen &#8211; so war die erste Fahrt"},"content":{"rendered":"<p class=\"text_ohne_einzug richtext text-em-55 !leading-serif mx-6 desktop:mx-0\">Eines wird schnell deutlich in der Bahn der neuen Linie U80 in Richtung Flughafen: Wegfliegen will hier niemand. Es ist Tag eins der neuen Verbindung vom Hauptbahnhof zum Airport, nach jahrelanger Baut\u00e4tigkeit wurde die Strecke endlich er\u00f6ffnet. F\u00fcr unsere Testfahrt haben wir die zweite Bahn \u00fcberhaupt erwischt, die Fahrg\u00e4ste aus der Innenstadt nach Lohausen bringt.<\/p>\n","protected":false},"excerpt":{"rendered":"Eines wird schnell deutlich in der Bahn der neuen Linie U80 in Richtung Flughafen: Wegfliegen will hier niemand.&hellip;\n","protected":false},"author":2,"featured_media":1282264,"comment_status":"","ping_status":"","sticky":false,"template":"","format":"standard","meta":{"footnotes":"","_share_on_mastodon":"0"},"categories":[1831],"tags":[1739,2037,69500,3364,29,3405,25928,3490,2109,30,3601,1330,26507,1209,112366,6191,73254,182889,264510,182497],"class_list":["post-1282263","post","type-post","status-publish","format-standard","has-post-thumbnail","category-duesseldorf","tag-bahn","tag-bahnhof","tag-bahnsteigen","tag-de","tag-deutschland","tag-duesseldorf","tag-fahrgaeste","tag-fahrt","tag-flughafen","tag-germany","tag-hauptbahnhof","tag-julia","tag-linie","tag-nordrhein-westfalen","tag-probefahrt","tag-strecke","tag-testfahrt","tag-u80","tag-ueberfahrt","tag-wehrhahnlinie"],"share_on_mastodon":{"url":"https:\/\/pubeurope.com\/@de\/117218507092049077","error":""},"_links":{"self":[{"href":"https:\/\/www.europesays.com\/de\/wp-json\/wp\/v2\/posts\/1282263","targetHints":{"allow":["GET"]}}],"collection":[{"href":"https:\/\/www.europesays.com\/de\/wp-json\/wp\/v2\/posts"}],"about":[{"href":"https:\/\/www.europesays.com\/de\/wp-json\/wp\/v2\/types\/post"}],"author":[{"embeddable":true,"href":"https:\/\/www.europesays.com\/de\/wp-json\/wp\/v2\/users\/2"}],"replies":[{"embeddable":true,"href":"https:\/\/www.europesays.com\/de\/wp-json\/wp\/v2\/comments?post=1282263"}],"version-history":[{"count":0,"href":"https:\/\/www.europesays.com\/de\/wp-json\/wp\/v2\/posts\/1282263\/revisions"}],"wp:featuredmedia":[{"embeddable":true,"href":"https:\/\/www.europesays.com\/de\/wp-json\/wp\/v2\/media\/1282264"}],"wp:attachment":[{"href":"https:\/\/www.europesays.com\/de\/wp-json\/wp\/v2\/media?parent=1282263"}],"wp:term":[{"taxonomy":"category","embeddable":true,"href":"https:\/\/www.europesays.com\/de\/wp-json\/wp\/v2\/categories?post=1282263"},{"taxonomy":"post_tag","embeddable":true,"href":"https:\/\/www.europesays.com\/de\/wp-json\/wp\/v2\/tags?post=1282263"}],"curies":[{"name":"wp","href":"https:\/\/api.w.org\/{rel}","templated":true}]}}