{"id":1282276,"date":"2026-09-05T12:52:19","date_gmt":"2026-09-05T12:52:19","guid":{"rendered":"https:\/\/www.europesays.com\/de\/1282276\/"},"modified":"2026-09-05T12:52:19","modified_gmt":"2026-09-05T12:52:19","slug":"gestatten-mattheo-tierpark-hellabrunn-in-muenchen-hat-einen-neuen-mitbewohner","status":"publish","type":"post","link":"https:\/\/www.europesays.com\/de\/1282276\/","title":{"rendered":"&#8222;Gestatten, Mattheo!&#8220; Tierpark Hellabrunn in M\u00fcnchen hat einen neuen Mitbewohner"},"content":{"rendered":"<p><a href=\"https:\/\/www.abendzeitung-muenchen.de\/thema\/tierpark-hellabrunn\/\" rel=\"nofollow noopener\" target=\"_blank\">Hellabrunn<\/a> hat erneut Zuwachs bekommen. <a href=\"https:\/\/www.abendzeitung-muenchen.de\/muenchen\/sie-heissen-wie-sie-klingen-hellabrunn-praesentiert-zwei-mini-antilopen-art-1153745\" target=\"_blank\" title=\"Sie hei\u00dfen wie sie klingen: Hellabrunn pr\u00e4sentiert zwei Mini-Antilopen\" rel=\"nofollow noopener\">Nachdem vor einer Woche zwei Kirk-Dikdiks eingezogen sind<\/a>, nennt nun Baird-Tapir Mattheo seit Dienstag den Tierpark sein neues Zuhause.<\/p>\n<p>Baird-Tapire stammen aus Mittelamerika, Mattheo kommt allerdings aus dem Zoo Cottbus nach <a href=\"https:\/\/www.abendzeitung-muenchen.de\/muenchen\/\" rel=\"nofollow noopener\" target=\"_blank\">M\u00fcnchen<\/a> und ist in das Hellabrunner Nashornhaus eingezogen.<\/p>\n<p>\u00a0Gesamtpopulation in Mittelamerika weniger als 5500 Exemplare<\/p>\n<p>Baird-Tapire geh\u00f6ren zu den gr\u00f6\u00dften S\u00e4ugetieren Mittelamerikas und k\u00f6nnen mehr als 300 Kilogramm auf die Waage bringen. Ihr Fell ist graubraun, ihr Erkennungsmerkmal sind die wei\u00dfen Ohrenspitzen.\u00a0<\/p>\n<p>In ihrer mittelamerikanischen Heimat leben Baird-Tapire in W\u00e4ldern, Feuchtgebieten und anderen naturnahen Lebensr\u00e4umen. Sie ern\u00e4hren sich haupts\u00e4chlich von Bl\u00e4ttern, Trieben, Fr\u00fcchten und Wasserpflanzen. Die Gesamtpopulation in Mittelamerika wird auf weniger als 5500 Exemplare gesch\u00e4tzt. Besonders der Verlust und die Zerschneidung ihrer Lebensr\u00e4ume bedrohen die Art.<\/p>\n<p>      <img decoding=\"async\" loading=\"lazy\" src=\"https:\/\/www.europesays.com\/de\/wp-content\/uploads\/2026\/09\/1737182_tapir_artikelbild-100proz_1GCnce_k4bueq.jpg\" alt=\"Tapir Mattheo hier als Jungtier im Zoo Cottbus.\" title=\"Tapir Mattheo hier als Jungtier im Zoo Cottbus.\" width=\"812\" height=\"541\"\/><\/p>\n<p>      Tapir Mattheo hier als Jungtier im Zoo Cottbus.<br \/>\n      \u00a9 Anna Tesch<\/p>\n<p>    Tapir Mattheo hier als Jungtier im Zoo Cottbus.<\/p>\n<p>von Anna Tesch <\/p>\n<p>&#8222;}&#8220;&gt; <\/p>\n<p>Momentan ist Tapir-M\u00e4nnchen Mattheo noch alleine in Hellabrunn, aber perspektivisch soll ihm ein Weibchen aus S\u00fcdamerika Gesellschaft in M\u00fcnchen leisten.<\/p>\n<p>Dietl: &#8222;Tapire geh\u00f6ren wirklich zu meinen Lieblingstieren&#8220;<\/p>\n<p>&#8222;Wir freuen uns sehr, mit dem Mittelamerikanischen Tapir eine neue Tierart in Hellabrunn begr\u00fc\u00dfen zu k\u00f6nnen. Die neue Tapir-Anlage erm\u00f6glicht es uns, das Nashornhaus im Sinne des Hellabrunner Masterplans weiterzuentwickeln und den Bereich k\u00fcnftig st\u00e4rker auf die Geozone Amerika auszurichten&#8220;, so die zust\u00e4ndige Kuratorin Lena Bockrei\u00df.<\/p>\n<p>Auch B\u00fcrgermeisterin und Aufsichtsratsvorsitzende Verena Dietl ist total hin und weg und zeigt sich total begeistert vom Neuzugang: &#8222;Tapire geh\u00f6ren wirklich zu meinen Lieblingstieren. Deshalb freue ich mich pers\u00f6nlich sehr, dass wir diese besondere und zugleich stark gef\u00e4hrdete Tierart k\u00fcnftig in M\u00fcnchen zeigen und unseren Besucherinnen und Besuchern n\u00e4herbringen k\u00f6nnen.&#8220;<\/p>\n<p>      <img decoding=\"async\" loading=\"lazy\" src=\"https:\/\/www.europesays.com\/de\/wp-content\/uploads\/2026\/09\/1737183_tapir_artikelbild-100proz_1GCndH_cCBm8Y.jpg\" alt=\"Ist er nicht zum Knuddeln? Baird-Tapir Mattheo ist ins Hellabrunner Nashornhaus eingezogen.\" title=\"Ist er nicht zum Knuddeln? Baird-Tapir Mattheo ist ins Hellabrunner Nashornhaus eingezogen.\" width=\"812\" height=\"543\"\/><\/p>\n<p>      Ist er nicht zum Knuddeln? Baird-Tapir Mattheo ist ins Hellabrunner Nashornhaus eingezogen.<br \/>\n      \u00a9 Tierpark Hellabrunn \/ Stephan Schumann<\/p>\n<p>    Ist er nicht zum Knuddeln? Baird-Tapir Mattheo ist ins Hellabrunner Nashornhaus eingezogen.<\/p>\n<p>von Tierpark Hellabrunn \/ Stephan Schumann <\/p>\n<p>&#8222;}&#8220;&gt; <\/p>\n<p>F\u00fcr die wird der charismatische Neuzugang voraussichtlich ab Freitag sukzessive zu sehen sein, abh\u00e4ngig vom Verlauf der Eingew\u00f6hnung in seiner neuen Heimat. \u00a0Neben Hellabrunn sind Baird-Tapire aktuell in Europa nur noch im Zoo Cottbus zu sehen.<\/p>\n","protected":false},"excerpt":{"rendered":"Hellabrunn hat erneut Zuwachs bekommen. Nachdem vor einer Woche zwei Kirk-Dikdiks eingezogen sind, nennt nun Baird-Tapir Mattheo seit&hellip;\n","protected":false},"author":2,"featured_media":1282277,"comment_status":"","ping_status":"","sticky":false,"template":"","format":"standard","meta":{"footnotes":"","_share_on_mastodon":"0"},"categories":[1827],"tags":[91958,772,29,30,239745,1268,2242,6500],"class_list":["post-1282276","post","type-post","status-publish","format-standard","has-post-thumbnail","category-muenchen","tag-tapir","tag-bayern","tag-deutschland","tag-germany","tag-hellabrunn","tag-muenchen","tag-tierpark","tag-zoo"],"share_on_mastodon":{"url":"https:\/\/pubeurope.com\/@de\/117218534173772245","error":""},"_links":{"self":[{"href":"https:\/\/www.europesays.com\/de\/wp-json\/wp\/v2\/posts\/1282276","targetHints":{"allow":["GET"]}}],"collection":[{"href":"https:\/\/www.europesays.com\/de\/wp-json\/wp\/v2\/posts"}],"about":[{"href":"https:\/\/www.europesays.com\/de\/wp-json\/wp\/v2\/types\/post"}],"author":[{"embeddable":true,"href":"https:\/\/www.europesays.com\/de\/wp-json\/wp\/v2\/users\/2"}],"replies":[{"embeddable":true,"href":"https:\/\/www.europesays.com\/de\/wp-json\/wp\/v2\/comments?post=1282276"}],"version-history":[{"count":0,"href":"https:\/\/www.europesays.com\/de\/wp-json\/wp\/v2\/posts\/1282276\/revisions"}],"wp:featuredmedia":[{"embeddable":true,"href":"https:\/\/www.europesays.com\/de\/wp-json\/wp\/v2\/media\/1282277"}],"wp:attachment":[{"href":"https:\/\/www.europesays.com\/de\/wp-json\/wp\/v2\/media?parent=1282276"}],"wp:term":[{"taxonomy":"category","embeddable":true,"href":"https:\/\/www.europesays.com\/de\/wp-json\/wp\/v2\/categories?post=1282276"},{"taxonomy":"post_tag","embeddable":true,"href":"https:\/\/www.europesays.com\/de\/wp-json\/wp\/v2\/tags?post=1282276"}],"curies":[{"name":"wp","href":"https:\/\/api.w.org\/{rel}","templated":true}]}}