{"id":1282301,"date":"2026-09-05T13:11:15","date_gmt":"2026-09-05T13:11:15","guid":{"rendered":"https:\/\/www.europesays.com\/de\/1282301\/"},"modified":"2026-09-05T13:11:15","modified_gmt":"2026-09-05T13:11:15","slug":"publikumspreis-goldene-henne-2026-das-sind-die-preistraeger","status":"publish","type":"post","link":"https:\/\/www.europesays.com\/de\/1282301\/","title":{"rendered":"Publikumspreis Goldene Henne 2026: Das sind die Preistr\u00e4ger"},"content":{"rendered":"<p class=\"text_ohne_einzug richtext text-em-55 !leading-serif mx-6 desktop:mx-0\">Nach seinem emotionalen B\u00fchnen-Comeback bei der Gala im vergangenen Jahr ist Unheilig-S\u00e4nger Der Graf bei der Verleihung der Goldenen Henne 2026 mit einem Publikumspreis ausgezeichnet worden. \u201eIch bin wirklich \u00fcberw\u00e4ltigt\u201c, sagte der Musiker in seiner Dankesrede \u2013 und das sah man ihm auch an. Der Graf erhielt den Medienpreis in der Kategorie Musik.<\/p>\n<p class=\"richtext text-em-55 !leading-serif mx-6 desktop:mx-0\">Insgesamt wurden in der Live-Sendung an dem Abend auf der Leipziger Messe elf Preise an Stars aus Musik, Film, Entertainment und Sport sowie an Alltagshelden verliehen. Moderiert wurde die Veranstaltung von <a href=\"https:\/\/rp-online.de\/thema\/esther-sedlaczek\/\" rel=\"nofollow noopener\" target=\"_blank\">Esther Sedlaczek<\/a> und <a href=\"https:\/\/rp-online.de\/thema\/florian-silbereisen\/\" rel=\"nofollow noopener\" target=\"_blank\">Florian Silbereisen<\/a>. Hinter der Goldenen Henne stehen <a href=\"https:\/\/rp-online.de\/thema\/mdr\/\" rel=\"nofollow noopener\" target=\"_blank\">MDR<\/a> und \u201eSuperIllu\u201c in Zusammenarbeit mit NDR, BR und rbb.<\/p>\n<p class=\"richtext text-em-55 !leading-serif mx-6 desktop:mx-0\">Die weiteren Publikumspreise gingen an Comedian und Podcaster <a href=\"https:\/\/rp-online.de\/thema\/felix-lobrecht\/\" rel=\"nofollow noopener\" target=\"_blank\">Felix Lobrecht<\/a>, die Paarlauf-Weltmeister Minerva Hase und Nikita Volodin und Entertainer <a href=\"https:\/\/rp-online.de\/thema\/hape-kerkeling\/\" rel=\"nofollow noopener\" target=\"_blank\">Hape Kerkeling<\/a>. Ehrenpreise erhielten unter anderem die S\u00e4ngerin Helene Fischer, die britische Boyband Take That, die Fernsehserie \u201eBabylon Berlin\u201c und Majeed Yarim, der nach der Amokfahrt in <a href=\"https:\/\/rp-online.de\/thema\/leipzig\/\" rel=\"nofollow noopener\" target=\"_blank\">Leipzig<\/a> im Mai als Ersthelfer vor Ort war.<\/p>\n<p>Armin Mueller-Stahl erh\u00e4lt Goldene Henne f\u00fcr Lebenswerk      <\/p>\n<p class=\"richtext text-em-55 !leading-serif mx-6 desktop:mx-0\">Der Schauspieler <a href=\"https:\/\/rp-online.de\/thema\/armin-mueller-stahl\/\" rel=\"nofollow noopener\" target=\"_blank\">Armin Mueller-Stahl<\/a> erhielt eine <a href=\"https:\/\/rp-online.de\/thema\/goldene-henne\/\" rel=\"nofollow noopener\" target=\"_blank\">Goldene Henne<\/a> f\u00fcr sein Lebenswerk. Der 95-J\u00e4hrige nahm die Auszeichnung pers\u00f6nlich entgegen. Mueller-Stahl geh\u00f6rt zu den wenigen K\u00fcnstlern, die sowohl in der DDR als auch in der Bundesrepublik Erfolge feierten. Sp\u00e4ter gelangen ihm auch in Hollywood hochgelobte Filme.<\/p>\n<p class=\"richtext text-em-55 !leading-serif mx-6 desktop:mx-0\">\u201eNebenbei gesagt, bin ich ja schon mehrmals f\u00fcr mein Lebenswerk ausgezeichnet worden. Immer zu fr\u00fch\u201c, sagte Mueller-Stahl bei der \u00dcbergabe des Preises. Die Henne ist nah an seinem 96. Geburtstag. Und er sei froh, dass er noch hier sei. \u201eUnd noch bleibe ich hier\u201c, sagte der Schauspieler weiter.<\/p>\n<p class=\"richtext text-em-55 !leading-serif mx-6 desktop:mx-0\">Die Goldene Henne ist eine aus Bronze gegossene Skulptur. Seit 1995 wird sie j\u00e4hrlich in Erinnerung an die 1991 verstorbene Entertainerin Helga Hahnemann vergeben. Rekordpreistr\u00e4gerin ist Helene Fischer mit inzwischen neun Auszeichnungen.<\/p>\n","protected":false},"excerpt":{"rendered":"Nach seinem emotionalen B\u00fchnen-Comeback bei der Gala im vergangenen Jahr ist Unheilig-S\u00e4nger Der Graf bei der Verleihung der&hellip;\n","protected":false},"author":2,"featured_media":1282008,"comment_status":"","ping_status":"","sticky":false,"template":"","format":"standard","meta":{"footnotes":"","_share_on_mastodon":"0"},"categories":[1772],"tags":[9223,4709,29,214,30,55939,46398,264471,71,1779,810,92795,2270,1911,101472,55727,215],"class_list":["post-1282301","post","type-post","status-publish","format-standard","has-post-thumbnail","category-musik","tag-buehnen","tag-comeback","tag-deutschland","tag-entertainment","tag-germany","tag-goldene","tag-graf","tag-henne","tag-leipzig","tag-music","tag-musik","tag-publikumspreis","tag-saenger","tag-saengerin","tag-ueberwaeltigt","tag-unheilig","tag-unterhaltung"],"share_on_mastodon":{"url":"https:\/\/pubeurope.com\/@de\/117218606294834632","error":""},"_links":{"self":[{"href":"https:\/\/www.europesays.com\/de\/wp-json\/wp\/v2\/posts\/1282301","targetHints":{"allow":["GET"]}}],"collection":[{"href":"https:\/\/www.europesays.com\/de\/wp-json\/wp\/v2\/posts"}],"about":[{"href":"https:\/\/www.europesays.com\/de\/wp-json\/wp\/v2\/types\/post"}],"author":[{"embeddable":true,"href":"https:\/\/www.europesays.com\/de\/wp-json\/wp\/v2\/users\/2"}],"replies":[{"embeddable":true,"href":"https:\/\/www.europesays.com\/de\/wp-json\/wp\/v2\/comments?post=1282301"}],"version-history":[{"count":0,"href":"https:\/\/www.europesays.com\/de\/wp-json\/wp\/v2\/posts\/1282301\/revisions"}],"wp:featuredmedia":[{"embeddable":true,"href":"https:\/\/www.europesays.com\/de\/wp-json\/wp\/v2\/media\/1282008"}],"wp:attachment":[{"href":"https:\/\/www.europesays.com\/de\/wp-json\/wp\/v2\/media?parent=1282301"}],"wp:term":[{"taxonomy":"category","embeddable":true,"href":"https:\/\/www.europesays.com\/de\/wp-json\/wp\/v2\/categories?post=1282301"},{"taxonomy":"post_tag","embeddable":true,"href":"https:\/\/www.europesays.com\/de\/wp-json\/wp\/v2\/tags?post=1282301"}],"curies":[{"name":"wp","href":"https:\/\/api.w.org\/{rel}","templated":true}]}}