{"id":1282327,"date":"2026-09-05T13:31:15","date_gmt":"2026-09-05T13:31:15","guid":{"rendered":"https:\/\/www.europesays.com\/de\/1282327\/"},"modified":"2026-09-05T13:31:15","modified_gmt":"2026-09-05T13:31:15","slug":"moenchengladbach-gartenlaube-motorraeder-und-ein-auto-voellig-ausgebrannt","status":"publish","type":"post","link":"https:\/\/www.europesays.com\/de\/1282327\/","title":{"rendered":"M\u00f6nchengladbach: Gartenlaube, Motorr\u00e4der und ein Auto v\u00f6llig ausgebrannt"},"content":{"rendered":"<p class=\"text_ohne_einzug richtext text-em-55 !leading-serif mx-6 desktop:mx-0\">Auf einem Gartengrundst\u00fcck brannte eine Gartenlaube, in der sich zwei Motorr\u00e4der befanden. Die Flammen hatten bereits auf umliegendes Buschwerk und ein geparktes Auto \u00fcbergegriffen. Schon bei der Anfahrt der Einsatzkr\u00e4fte war eine deutliche Rauchentwicklung \u00fcber dem Gel\u00e4nde sichtbar. Die Einsatzkr\u00e4fte d\u00e4mmten mit zwei C-Rohren das Feuer ein. Weil der n\u00e4chste Hydrant erst weit entfernt lag, wurde die Wasserversorgung \u00fcber zwei L\u00f6schfahrzeuge mit Wassertank im Pendelverkehr sichergestellt.<\/p>\n<p class=\"richtext text-em-55 !leading-serif mx-6 desktop:mx-0\">Der Brand konnte schnell gel\u00f6scht werden. Der Hochneukircher Weg und der Eisvogelweg waren teilweise gesperrt. Ein Trupp unter Atemschutz suchte nach Glutnestern und l\u00f6schte diese schlie\u00dflich ab. Die Laube und die drei Fahrzeuge wurden durch das Feuer v\u00f6llig zerst\u00f6rt.<\/p>\n<p class=\"italic richtext text-em-55 !leading-serif mx-6 desktop:mx-0\">Im Einsatz waren der L\u00f6schzug der Feuer- und Rettungswache III (Rheydt), der Abrollbeh\u00e4lter Atemschutz und der Ger\u00e4tewagen <a href=\"https:\/\/rp-online.de\/thema\/hygiene\/\" rel=\"nofollow noopener\" target=\"_blank\">Hygiene<\/a> aus dem Technik- und Logistikzentrum (Holt), die Einheiten Wickrathberg und Wanlo der Freiwilligen <a href=\"https:\/\/rp-online.de\/thema\/feuerwehr\/\" rel=\"nofollow noopener\" target=\"_blank\">Feuerwehr<\/a>, die Drehleiter der Einheit Wickrath, ein Rettungswagen sowie der F\u00fchrungsdienst der Berufsfeuerwehr.<\/p>\n","protected":false},"excerpt":{"rendered":"Auf einem Gartengrundst\u00fcck brannte eine Gartenlaube, in der sich zwei Motorr\u00e4der befanden. Die Flammen hatten bereits auf umliegendes&hellip;\n","protected":false},"author":2,"featured_media":1282328,"comment_status":"","ping_status":"","sticky":false,"template":"","format":"standard","meta":{"footnotes":"","_share_on_mastodon":"0"},"categories":[1849],"tags":[30708,3364,29,548,663,3934,987,24677,30,13,4455,3932,14,15,1209,12],"class_list":["post-1282327","post","type-post","status-publish","format-standard","has-post-thumbnail","category-moenchengladbach","tag-ausgebrannt","tag-de","tag-deutschland","tag-eu","tag-europa","tag-europe","tag-feuer","tag-gartenlaube","tag-germany","tag-headlines","tag-moenchengladbach","tag-motorraeder","tag-nachrichten","tag-news","tag-nordrhein-westfalen","tag-schlagzeilen"],"share_on_mastodon":{"url":"https:\/\/pubeurope.com\/@de\/117218684950048662","error":""},"_links":{"self":[{"href":"https:\/\/www.europesays.com\/de\/wp-json\/wp\/v2\/posts\/1282327","targetHints":{"allow":["GET"]}}],"collection":[{"href":"https:\/\/www.europesays.com\/de\/wp-json\/wp\/v2\/posts"}],"about":[{"href":"https:\/\/www.europesays.com\/de\/wp-json\/wp\/v2\/types\/post"}],"author":[{"embeddable":true,"href":"https:\/\/www.europesays.com\/de\/wp-json\/wp\/v2\/users\/2"}],"replies":[{"embeddable":true,"href":"https:\/\/www.europesays.com\/de\/wp-json\/wp\/v2\/comments?post=1282327"}],"version-history":[{"count":0,"href":"https:\/\/www.europesays.com\/de\/wp-json\/wp\/v2\/posts\/1282327\/revisions"}],"wp:featuredmedia":[{"embeddable":true,"href":"https:\/\/www.europesays.com\/de\/wp-json\/wp\/v2\/media\/1282328"}],"wp:attachment":[{"href":"https:\/\/www.europesays.com\/de\/wp-json\/wp\/v2\/media?parent=1282327"}],"wp:term":[{"taxonomy":"category","embeddable":true,"href":"https:\/\/www.europesays.com\/de\/wp-json\/wp\/v2\/categories?post=1282327"},{"taxonomy":"post_tag","embeddable":true,"href":"https:\/\/www.europesays.com\/de\/wp-json\/wp\/v2\/tags?post=1282327"}],"curies":[{"name":"wp","href":"https:\/\/api.w.org\/{rel}","templated":true}]}}