{"id":1282341,"date":"2026-09-05T13:41:56","date_gmt":"2026-09-05T13:41:56","guid":{"rendered":"https:\/\/www.europesays.com\/de\/1282341\/"},"modified":"2026-09-05T13:41:56","modified_gmt":"2026-09-05T13:41:56","slug":"bischoefe-von-muenster-und-paderborn-warnen-vor-populisten","status":"publish","type":"post","link":"https:\/\/www.europesays.com\/de\/1282341\/","title":{"rendered":"Bisch\u00f6fe von M\u00fcnster und Paderborn warnen vor Populisten"},"content":{"rendered":"<p>Vor der Wahl in Sachsen-Anhalt warnen die Bisch\u00f6fe von M\u00fcnster und Paderborn, Rechtspopulisten und Spaltern nicht auf den Leim zu gehen.<\/p>\n<p>Paderborn\/M\u00fcnster (dpa\/lnw) &#8211; Der Paderborner Erzbischof Udo Markus Bentz spricht sich vor den Landtagswahlen in Sachsen-Anhalt, Berlin und Mecklenburg Vorpommern daf\u00fcr aus, Rechtspopulisten konkret und sachlich zu entlarven. Der Bischof von M\u00fcnster und Vorsitzende der Deutschen Bischofskonferenz, Heiner Wilmer, warnte in Dresden vor Polarisierung und Spaltung der Gesellschaft.<\/p>\n<p class=\"contextmenu caption\">Sorgen der Menschen ernst nehmen<\/p>\n<p>Bei der Auseinandersetzung mit der AfD m\u00fcsse die Kirche die Sorgen der Menschen ernst nehmen. So sei das Thema Migration zwar von der Partei zum Hauptthema erkl\u00e4rt worden, es sei aber nicht das Hauptproblem der Menschen in Sachsen-Anhalt. Der Katholik Bentz spricht von gef\u00fchlten Wirklichkeiten.\u00a0<\/p>\n<p>Sachsen-Anhalt habe ein Problem mit der \u00dcberalterung, es gebe wirtschaftliche Probleme, eine Mangelversorgung in der Medizin und ein Bildungsproblem. &#8222;Zehn Prozent der Schulabg\u00e4nger sind ohne Hauptschulabschluss&#8220;, sagte der Erzbischof. &#8222;Das sind echte Probleme, die man angehen muss.&#8220;\u00a0<\/p>\n<p class=\"contextmenu caption\">Rechtspopulisten bieten keine L\u00f6sungen<\/p>\n<p>Rechtspopulisten bieten nach seiner \u00dcberzeugung f\u00fcr diese Probleme allerdings keine L\u00f6sungen. Er verwies auf die seiner Meinung nach inhaltslosen Wahlplakate. Und der Erzbischof fragt: In welchem Land haben Populisten die Welt verbessert? Dies sei nach dem Brexit in Gro\u00dfbritannien nicht geschehen, nicht in Polen oder Ungarn und auch nicht durch Trump in den USA. Laut Bentz kann die Kirche mit dazu beitragen, Werte wie Freiheit und Demokratie lebendig zu halten, und dadurch in die Gesellschaft ausstrahlen.\u00a0<\/p>\n<p>Er selbst werde am Samstag und am Wahlsonntag im Bistum Magdeburg in Sachsen-Anhalt bei einer Wallfahrt sein. Beide Bist\u00fcmer verbindet eine langj\u00e4hrige Freundschaft. <\/p>\n<p class=\"contextmenu caption\">M\u00fcnsters Bischof spricht in Dresden<\/p>\n<p><img decoding=\"async\" src=\"https:\/\/www.europesays.com\/de\/wp-content\/uploads\/2026\/09\/online_muenster_a9738022_7c2d_4345_9f7e_8b2c0431250e.jpg\" class=\"img-responsive inline-image\"\/>Heiner Wilmer, Bischof von M\u00fcnster, mahnt zu Vers\u00f6hnung statt Polarisierung. Archivfoto: dpa\/VennenberndDer M\u00fcnsteraner Bischof und Vorsitzende der Deutschen Bischofskonferenz warnt vor den Folgen der Polarisierungen und hat zu Vers\u00f6hnung aufgerufen, um Spaltungen der Gesellschaft zu begegnen. \u201eWir brauchen kein Verh\u00e4rtetes Ost gegen West, kein Rechts gegen Links, kein Alt gegen Jung und kein Muslimisch gegen Christlich\u201c, sagte der Bischof von M\u00fcnster bei einer Messe in Dresden.<\/p>\n<p class=\"contextmenu caption\">Aufruf zur Vers\u00f6hnung<\/p>\n<p>\u201eEs ist eure Freiheit, die Polarisierungen nicht weiterzutreiben, sondern Vers\u00f6hnung zu stiften.\u201c Es gelte zu vergeben, wo Fehler passieren, mahnte Wilmer und rief die Menschen auf: \u201eSucht das Gute im Anderen, weil im Anderen Gott wohnt.\u201c Ein solches Verhalten k\u00f6nne auch Folgen f\u00fcr die politische Landschaft haben. \u201eWo Menschen, die vers\u00f6hnen, \u00fcberzeugen, werden sie Mehrheiten erhalten und die P\u00f6bler und Populisten von den Sitzen verdr\u00e4ngen.\u201c\u00a0<\/p>\n<p>Anlass f\u00fcr Wilmers Festpredigt in der Dresdner Kathedrale war die Verabschiedung von Heinrich Timmerevers als Bischof des Bistums Dresden-Mei\u00dfen.<\/p>\n<p>Texte und Fotos von die-glocke.de sind urheberrechtlich gesch\u00fctzt.<br \/>\n            Weiterverwendung nur mit Genehmigung der Chefredaktion.<\/p>\n","protected":false},"excerpt":{"rendered":"Vor der Wahl in Sachsen-Anhalt warnen die Bisch\u00f6fe von M\u00fcnster und Paderborn, Rechtspopulisten und Spaltern nicht auf den&hellip;\n","protected":false},"author":2,"featured_media":1282342,"comment_status":"","ping_status":"","sticky":false,"template":"","format":"standard","meta":{"footnotes":"","_share_on_mastodon":"0"},"categories":[1843],"tags":[3274,186,3364,29,38751,30,1985,8970,1209,4442,860,4672],"class_list":["post-1282341","post","type-post","status-publish","format-standard","has-post-thumbnail","category-muenster","tag-kirche","tag-afd","tag-de","tag-deutschland","tag-erzbischof","tag-germany","tag-landtag","tag-muenster","tag-nordrhein-westfalen","tag-rechtspopulismus","tag-sachsen-anhalt","tag-wahlen"],"share_on_mastodon":{"url":"https:\/\/pubeurope.com\/@de\/117218729823490922","error":""},"_links":{"self":[{"href":"https:\/\/www.europesays.com\/de\/wp-json\/wp\/v2\/posts\/1282341","targetHints":{"allow":["GET"]}}],"collection":[{"href":"https:\/\/www.europesays.com\/de\/wp-json\/wp\/v2\/posts"}],"about":[{"href":"https:\/\/www.europesays.com\/de\/wp-json\/wp\/v2\/types\/post"}],"author":[{"embeddable":true,"href":"https:\/\/www.europesays.com\/de\/wp-json\/wp\/v2\/users\/2"}],"replies":[{"embeddable":true,"href":"https:\/\/www.europesays.com\/de\/wp-json\/wp\/v2\/comments?post=1282341"}],"version-history":[{"count":0,"href":"https:\/\/www.europesays.com\/de\/wp-json\/wp\/v2\/posts\/1282341\/revisions"}],"wp:featuredmedia":[{"embeddable":true,"href":"https:\/\/www.europesays.com\/de\/wp-json\/wp\/v2\/media\/1282342"}],"wp:attachment":[{"href":"https:\/\/www.europesays.com\/de\/wp-json\/wp\/v2\/media?parent=1282341"}],"wp:term":[{"taxonomy":"category","embeddable":true,"href":"https:\/\/www.europesays.com\/de\/wp-json\/wp\/v2\/categories?post=1282341"},{"taxonomy":"post_tag","embeddable":true,"href":"https:\/\/www.europesays.com\/de\/wp-json\/wp\/v2\/tags?post=1282341"}],"curies":[{"name":"wp","href":"https:\/\/api.w.org\/{rel}","templated":true}]}}