{"id":1282344,"date":"2026-09-05T13:44:31","date_gmt":"2026-09-05T13:44:31","guid":{"rendered":"https:\/\/www.europesays.com\/de\/1282344\/"},"modified":"2026-09-05T13:44:31","modified_gmt":"2026-09-05T13:44:31","slug":"jetzt-bewerben-wir-suchen-einlaufkinder-fuer-das-u21-laenderspiel-in-bielefeld","status":"publish","type":"post","link":"https:\/\/www.europesays.com\/de\/1282344\/","title":{"rendered":"Jetzt bewerben! Wir suchen Einlaufkinder f\u00fcr das U21-L\u00e4nderspiel in Bielefeld"},"content":{"rendered":"<p id=\"absatz1\" class=\"em_text\">Bielefeld. Der Adler auf der Brust, das Trikot in Schwarz-Rot-Gold, die Nationalhymne erklingt \u2013 eine gr\u00f6\u00dfere Ehre gibt es f\u00fcr deutsche Fu\u00dfballer einfach nicht. Das gilt auch f\u00fcr Cheftrainer Antonio Di Salvo, der mit der deutschen U21-Nationalmannschaft am Dienstag, 6. Oktober, (Ansto\u00df 18 Uhr) in der Sch\u00fcco-Arena gegen Georgien antreten wird. Es wird das letzte Qualifikationsspiel f\u00fcr die Europameisterschaft 2027 in Serbien und Albanien sein, dementsprechend motiviert werden seine Spieler sein.<\/p>\n<p id=\"absatz2\" class=\"em_text\">Auch bei elf Kindern aus Ostwestfalen-Lippe wird vor dem Anpfiff des Spiels der Puls schlagartig in die H\u00f6he schnellen \u2013 allerdings nicht als Fans auf der Trib\u00fcne, sondern als Einlaufkinder an der Hand der U21-Nationalspieler auf dem Stadionrasen. Gemeinsam mit Volkswagen verlosen Neue Westf\u00e4lische, Haller Kreisblatt, Lippische Landes-Zeitung und Mindener Tageblatt elf Pl\u00e4tze f\u00fcr die \u201eVolkswagen Junior Eskorte\u201c, welche die Mannschaft von der Kabine auf den Rasen f\u00fchrt. Zu diesem unvergesslichen Erlebnis geh\u00f6ren zudem zwei Trib\u00fcnentickets f\u00fcr das Spiel (Kind und Begleitperson) und ein komplettes Bekleidungsset, bestehend aus Trikot, Hose, Stutzen und Schuhen, das anschlie\u00dfend behalten werden darf \u2013 ein unvergessliches Erlebnis!<\/p>\n<p id=\"absatz3\" class=\"em_text\">Das hatten auch die elf Kinder aus Ostwestfalen beim DFB-Pokalfinale 2025 in Berlin, die als \u201eVolkswagen Junior Eskorte\u201c an der Hand der Arminia-Profis ins Olympiastadion eingelaufen sind. \u201eAls wir da im Spielertunnel gewartet haben und dann ins Stadion reingekommen sind, das war schon ganz besonders\u201c, war f\u00fcr Jona R\u00f6hr aus Bielefeld ein Traum in Erf\u00fcllung gegangen. \u201eWenn man die ganzen Menschen sieht, merkt man erst, wie riesig so ein Stadion ist.\u201c<\/p>\n<p>        <a href=\"https:\/\/www.nw.de\/_em_daten\/_cache\/image\/1xQnQyRHJhOHlLdkxVS3l4K0V0UjVXRWlhN0Q2SHMxQUFaTjRqYWgyRWJONjlmMzZJVERNR3k5Um0wYUUwcU91UlVZWW0wbG9nMGNua0Z6M1ZFcVIxcEE9PQ\/260901-2055-925355760.jpg\" class=\"nw-article-image\" title=\"F\u00fcr elf Kinder aus OWL war das Pokalfinale im vergangenen Jahr in Berlin ein besonderer Abend.\" data-glightbox=\"type: image; description: F\u00fcr elf Kinder aus OWL war das Pokalfinale im vergangenen Jahr in Berlin ein besonderer Abend.  | \u00a9 getty f\u00fcr Volkswagen - Alexander Scheuber \" rel=\"nofollow noopener\" target=\"_blank\"><br \/>\n            <img decoding=\"async\" src=\"https:\/\/www.europesays.com\/de\/wp-content\/uploads\/2026\/09\/260901-2055-925355760.jpg\" class=\"nw-img-fluid nw-w-full nw-lazy nw-rounded-t-md\" alt=\"F\u00fcr elf Kinder aus OWL war das Pokalfinale im vergangenen Jahr in Berlin ein besonderer Abend. - \u00a9 getty f\u00fcr Volkswagen - Alexander Scheuber\" data-format=\"16:9\"\/><br \/>\n        <\/a><\/p>\n<p>                F\u00fcr elf Kinder aus OWL war das Pokalfinale im vergangenen Jahr in Berlin ein besonderer Abend.<br \/>\n                                    | \u00a9 getty f\u00fcr Volkswagen &#8211; Alexander Scheuber<\/p>\n<p>\n        \u00d7\n    <\/p>\n<p>\n            Sie erhalten in wenigen Minuten eine E-Mail zur Best\u00e4tigung Ihrer Anmeldung.\n        <\/p>\n<p>Erst danach ist diese abgeschlossen.<\/p>\n<p>Bitte pr\u00fcfen Sie auch den Spam-Ordner.<\/p>\n<p>\n        \u00d7\n    <\/p>\n<p>\n            Sie haben bisher Ihre E-Mail-Adresse noch nicht best\u00e4tigt.\n        <\/p>\n<p>Erst danach ist diese abgeschlossen.<\/p>\n<p>Bitte pr\u00fcfen Sie auch den Spam-Ordner.<\/p>\n<p>\n        \u00d7\n    <\/p>\n<p>\n            Es ist einen Fehler aufgetreten\n        <\/p>\n<p>Bei Fragen hilft unser Newsletter-Support<\/p>\n<p> Newsletter<\/p>\n<p> Aus Bielefeld<\/p>\n<p>W\u00f6chentliche News direkt aus der Redaktion Bielefeld.<\/p>\n<p>                Jetzt anmelden<\/p>\n<p>Voraussetzung f\u00fcr die Bewerbung in der \u201eVolkswagen Junior Eskorte\u201c<\/p>\n<p class=\"em_text\">Dieses besondere Gef\u00fchl kann auch Ihr Kind erleben. Voraussetzung f\u00fcr die Bewerbung in der \u201eVolkswagen Junior Eskorte\u201c: Teilnahmeberechtigt sind Kinder mit Wohnsitz in Deutschland, die zum Zeitpunkt des Spiels zwischen sechs und zehn Jahre alt und maximal 1,50 Meter gro\u00df sind. Die Teilnahme setzt die Zustimmung eines erziehungsberechtigten Erwachsenen voraus.<\/p>\n<p id=\"absatz5\"><b class=\"bold\">Lesen Sie auch:<\/b> <a href=\"https:\/\/www.nw.de\/sport\/fussball\/dsc_arminia_bielefeld\/24106005_Aufregung-Traenen-und-Stolz-So-erlebten-die-Einlaufkinder-den-Pokalabend.html\" rel=\"nofollow noopener\" target=\"_blank\">Aufregung, Tr\u00e4nen und Stolz: So erlebten die Einlaufkinder den Pokalabend<\/a><\/p>\n<p id=\"absatz6\" class=\"em_text\">Melden Sie daf\u00fcr einfach ihr Kind per E-Mail unter <a href=\"https:\/\/www.nw.de\/lokal\/bielefeld\/mitte\/mailto:redaktion@nw.de\" rel=\"nofollow noopener\" target=\"_blank\"><b class=\"bold\">redaktion@nw.de<\/b><\/a> unter dem Betreff \u201eVolkswagen Junior Eskorte\u201c an. Nennen Sie uns bitte in der Mail Name, Alter, Adresse, Handynummer der Eltern und ein Bild, das zeigt, warum der kleine Fu\u00dfballfan bei diesem U21-L\u00e4nderspiel unbedingt dabei sein will. Die Gewinner werden von uns benachrichtigt. Das Gewinnspiel ist ab sofort bis einschlie\u00dflich <b class=\"bold\">Sonntag, 6. September<\/b> freigeschaltet. Mit etwas Gl\u00fcck ist Ihr Kind dabei.<\/p>\n<p>        <a href=\"https:\/\/www.nw.de\/_em_daten\/_cache\/image\/1xR3pCcWFNRzlOTWJaZ29rbmJaY3d4bEVURjVscUExTUtwbFFVdXp2bk9FczhWUUJZV0tMSlB2TVZ3K2NtQlRlUjhNZkU4YUFxSFlsUEVTZUwzVEVlTkE9PQ\/260901-2055-926422377.jpg\" class=\"nw-article-image\" title=\"Volkswagen sponsert die \" junior=\"\" eskorte=\"\" data-glightbox=\"type: image; description: Volkswagen sponsert die &quot;Junior Eskorte&quot;.  | \u00a9 VW \" rel=\"nofollow noopener\" target=\"_blank\"><br \/>\n            <img decoding=\"async\" src=\"https:\/\/www.europesays.com\/de\/wp-content\/uploads\/2026\/09\/260901-2055-926422377.jpg\" class=\"nw-img-fluid nw-w-full nw-lazy nw-rounded-t-md\" alt=\"Volkswagen sponsert die &quot;Junior Eskorte&quot;. - \u00a9 VW\" data-format=\"16:9\"\/><br \/>\n        <\/a><\/p>\n<p>                Volkswagen sponsert die &#8222;Junior Eskorte&#8220;.<br \/>\n                                    | \u00a9 VW<\/p>\n<p>Auf der Alm die Quali feiern<\/p>\n<p class=\"em_text\">Erstmals findet eine L\u00e4nderspielphase mit drei Spielen \u00fcber einen Zeitraum von 20 Tagen statt. Antonio Di Salvo hat seine Spieler zuletzt vor knapp sechs Monaten beisammen gehabt, \u00e4u\u00dfert aber eine klare Erwartungshaltung: \u201eWir wollen als Mannschaft wieder schnell zusammenfinden, um die neuen Herausforderungen erfolgreich zu gestalten. Es gilt, mit drei Siegen in Lettland, auf Malta und gegen Georgien unsere Tabellenf\u00fchrung zu verteidigen und damit die Qualifikation f\u00fcr die Europameisterschaft im kommenden Jahr in Serbien und Albanien klarzumachen. Besonders freuen wir uns auf das abschlie\u00dfende Gruppenspiel in der Sch\u00fcco-Arena in Bielefeld. Auf der Alm wollen wir gemeinsam mit unseren Fans einen Heimsieg und die Quali feiern. Ich bin sicher, dass uns dies mit der Unterst\u00fctzung des Publikums gelingen wird.\u201c<\/p>\n<p id=\"absatz8\"><b class=\"bold\">Auch interessant:<\/b> <a href=\"https:\/\/www.dfb.de\/news\/tickets-fuers-georgien-spiel-in-bielefeld\" rel=\"noopener nofollow\" target=\"_blank\">Hier gibt es Tickets f\u00fcr die U21 zu kaufen<\/a><\/p>\n<p id=\"absatz9\" class=\"em_text\">Die deutsche U21-Nationalmannschaft ist derzeit mit 18 Punkten aus sieben Spielen Tabellenf\u00fchrer in der EM-Qualifikationsgruppe F. Zweiter ist Griechenland mit ebenfalls sechs Siegen aus sieben Spielen, das deutsche Team entschied den direkten Vergleich aber f\u00fcr sich. Nordirland belegt mit aktuell zehn Punkten Rang drei in der Gruppe, gefolgt von Georgien, dem Gegner in Bielefeld. F\u00fcr die Endrunde der Europameisterschaft qualifizieren sich die neun Gruppensieger und der beste Gruppenzweite. Die acht verbleibenden Gruppenzweiten bestreiten Playoffs, um die letzten vier Endrundenteilnehmer zu ermitteln.<\/p>\n<p>Emotionales Video: Kinder aus OWL begleiten Arminia-Spieler ins DFB-Pokalfinale<\/p>\n","protected":false},"excerpt":{"rendered":"Bielefeld. Der Adler auf der Brust, das Trikot in Schwarz-Rot-Gold, die Nationalhymne erklingt \u2013 eine gr\u00f6\u00dfere Ehre gibt&hellip;\n","protected":false},"author":2,"featured_media":1275019,"comment_status":"","ping_status":"","sticky":false,"template":"","format":"standard","meta":{"footnotes":"","_share_on_mastodon":"0"},"categories":[1841],"tags":[9237,59785,49976,296,1605,12433,3364,29,204595,11400,347,13538,30,9311,1611,1607,2379,9308,9310,2377,1608,10124,118550,16896,13328,98674,198343,736,164252,229797,9312,1613,1209,3144,22058,100875,5157,10123,373],"class_list":["post-1282344","post","type-post","status-publish","format-standard","has-post-thumbnail","category-bielefeld","tag-albanien","tag-antonio-di-salvo","tag-arminia-im-pokalfinale","tag-berlin","tag-bielefeld","tag-bielefelder-alm","tag-de","tag-deutschland","tag-eskorte","tag-europameisterschaft","tag-fussball","tag-georgien","tag-germany","tag-label_familie-freizeit","tag-label_informiere-mich","tag-label_knaller","tag-label_push","tag-label_republish","tag-label_social","tag-label_startseite","tag-label_top-news","tag-label_video","tag-label_whatsapp","tag-label_xl-160","tag-laenderspiel","tag-landsmannschaft-im-cc-sorabia-westfalen-zu-muenster","tag-meta_artikelklasse_aboanker","tag-meta_copyrights_nw","tag-meta_eo_zusammenfassung","tag-meta_prio_1","tag-meta_themen_familie_bildung_freizeit","tag-meta_userneeds_informieremich","tag-nordrhein-westfalen","tag-ostwestfalen","tag-ostwestfalen-lippe","tag-rohr","tag-serbien","tag-serie_nlmittagsnotiz","tag-volkswagen"],"share_on_mastodon":{"url":"","error":""},"_links":{"self":[{"href":"https:\/\/www.europesays.com\/de\/wp-json\/wp\/v2\/posts\/1282344","targetHints":{"allow":["GET"]}}],"collection":[{"href":"https:\/\/www.europesays.com\/de\/wp-json\/wp\/v2\/posts"}],"about":[{"href":"https:\/\/www.europesays.com\/de\/wp-json\/wp\/v2\/types\/post"}],"author":[{"embeddable":true,"href":"https:\/\/www.europesays.com\/de\/wp-json\/wp\/v2\/users\/2"}],"replies":[{"embeddable":true,"href":"https:\/\/www.europesays.com\/de\/wp-json\/wp\/v2\/comments?post=1282344"}],"version-history":[{"count":0,"href":"https:\/\/www.europesays.com\/de\/wp-json\/wp\/v2\/posts\/1282344\/revisions"}],"wp:featuredmedia":[{"embeddable":true,"href":"https:\/\/www.europesays.com\/de\/wp-json\/wp\/v2\/media\/1275019"}],"wp:attachment":[{"href":"https:\/\/www.europesays.com\/de\/wp-json\/wp\/v2\/media?parent=1282344"}],"wp:term":[{"taxonomy":"category","embeddable":true,"href":"https:\/\/www.europesays.com\/de\/wp-json\/wp\/v2\/categories?post=1282344"},{"taxonomy":"post_tag","embeddable":true,"href":"https:\/\/www.europesays.com\/de\/wp-json\/wp\/v2\/tags?post=1282344"}],"curies":[{"name":"wp","href":"https:\/\/api.w.org\/{rel}","templated":true}]}}