{"id":1282380,"date":"2026-09-05T14:08:16","date_gmt":"2026-09-05T14:08:16","guid":{"rendered":"https:\/\/www.europesays.com\/de\/1282380\/"},"modified":"2026-09-05T14:08:16","modified_gmt":"2026-09-05T14:08:16","slug":"zeitweise-vollsperrung-der-a9-richtung-nuernberg-am-freitag-oelspur-ueber-komplette-fahrbahn","status":"publish","type":"post","link":"https:\/\/www.europesays.com\/de\/1282380\/","title":{"rendered":"Zeitweise Vollsperrung der A9 Richtung N\u00fcrnberg am Freitag: \u00d6lspur \u00fcber komplette Fahrbahn"},"content":{"rendered":"<p>                                &#8211;                                Zum Start ins Wochenende mussten viele Reisende auf der A9 in Oberbayern auf dem Weg nach Franken Verz\u00f6gerungen und Stau hinnehmen &#8211; jetzt ist klar, warum.<\/p>\n<p>                Am Freitag, den 04.09.2026, gegen 18 Uhr war ein 42-J\u00e4hriger mit seinem Wagen auf dem den linken Fahrstreifen der A9 in Richtung N\u00fcrnberg unterwegs. Ab bei der Anschlussstelle Manching verlor er aufgrund eines Motorschadens \u00d6l, wie die Verkehrspolizeiinspektion Ingolstadt berichtet. Ehe er auf dem Seitenstreifen zum Stehen kam, wurde die Fl\u00fcssigkeit \u00fcber etwa 800 Meter auf allen drei Fahrstreifen verteilt.<\/p>\n<p>F\u00fcr die Reinigung der Fahrbahn herrschte deshalb in Richtung N\u00fcrnberg eine halbst\u00fcndige Vollsperrung. Bis zur vollst\u00e4ndigen Reinigung war der rechte und mittlere Fahrstreifen noch eine Stunde gesperrt. Dadurch sei es zu einer \u201eerheblichen Beeintr\u00e4chtigung des Verkehrsflusses\u201c gekommen, weswegen ein etwa f\u00fcnf Kilometer langer R\u00fcckstau entstand, hei\u00dft es abschlie\u00dfend.<\/p>\n<p><strong><a href=\"https:\/\/www.nordbayern.de\/polizeiberichte\" onclick=\"trackClickEventForLink(&#039;Article Link Click&#039;, &#039;Hier geht es zu allen aktuellen Polizeimeldungen.&#039;, &#039;&#039;, &#039;https:\/\/www.nordbayern.de\/polizeiberichte&#039;, &#039;1.15266803&#039;, &#039;Vollsperrung und Stau: Deshalb ging auf der A9 Richtung N\u00fcrnberg am Freitag zeitweise nichts mehr&#039;)\" rel=\"nofollow noopener\" target=\"_blank\">Hier geht es zu allen aktuellen Polizeimeldungen.<\/a><\/strong><\/p>\n","protected":false},"excerpt":{"rendered":"&#8211; Zum Start ins Wochenende mussten viele Reisende auf der A9 in Oberbayern auf dem Weg nach Franken&hellip;\n","protected":false},"author":2,"featured_media":1282381,"comment_status":"","ping_status":"","sticky":false,"template":"","format":"standard","meta":{"footnotes":"","_share_on_mastodon":"0"},"categories":[1837],"tags":[772,3364,29,30,3783],"class_list":["post-1282380","post","type-post","status-publish","format-standard","has-post-thumbnail","category-nuernberg","tag-bayern","tag-de","tag-deutschland","tag-germany","tag-nuernberg"],"share_on_mastodon":{"url":"","error":""},"_links":{"self":[{"href":"https:\/\/www.europesays.com\/de\/wp-json\/wp\/v2\/posts\/1282380","targetHints":{"allow":["GET"]}}],"collection":[{"href":"https:\/\/www.europesays.com\/de\/wp-json\/wp\/v2\/posts"}],"about":[{"href":"https:\/\/www.europesays.com\/de\/wp-json\/wp\/v2\/types\/post"}],"author":[{"embeddable":true,"href":"https:\/\/www.europesays.com\/de\/wp-json\/wp\/v2\/users\/2"}],"replies":[{"embeddable":true,"href":"https:\/\/www.europesays.com\/de\/wp-json\/wp\/v2\/comments?post=1282380"}],"version-history":[{"count":0,"href":"https:\/\/www.europesays.com\/de\/wp-json\/wp\/v2\/posts\/1282380\/revisions"}],"wp:featuredmedia":[{"embeddable":true,"href":"https:\/\/www.europesays.com\/de\/wp-json\/wp\/v2\/media\/1282381"}],"wp:attachment":[{"href":"https:\/\/www.europesays.com\/de\/wp-json\/wp\/v2\/media?parent=1282380"}],"wp:term":[{"taxonomy":"category","embeddable":true,"href":"https:\/\/www.europesays.com\/de\/wp-json\/wp\/v2\/categories?post=1282380"},{"taxonomy":"post_tag","embeddable":true,"href":"https:\/\/www.europesays.com\/de\/wp-json\/wp\/v2\/tags?post=1282380"}],"curies":[{"name":"wp","href":"https:\/\/api.w.org\/{rel}","templated":true}]}}