{"id":1282382,"date":"2026-09-05T14:09:23","date_gmt":"2026-09-05T14:09:23","guid":{"rendered":"https:\/\/www.europesays.com\/de\/1282382\/"},"modified":"2026-09-05T14:09:23","modified_gmt":"2026-09-05T14:09:23","slug":"vogelwilder-ritt-am-valznerweiher-in-halbzeit-eins-die-schnuedel-kassieren-in-nuernberg-zu-viele-gegentore-mainfranken-news","status":"publish","type":"post","link":"https:\/\/www.europesays.com\/de\/1282382\/","title":{"rendered":"Vogelwilder Ritt am Valznerweiher in Halbzeit eins: Die Schn\u00fcdel kassieren in N\u00fcrnberg zu viele Gegentore \u2013 Mainfranken News"},"content":{"rendered":"<p class=\"wp-block-paragraph\"><strong>N\u00dcRNBERG \/ SCHWEINFURT \u2013 Was ist drin f\u00fcr den FC 05 in dieser Saison? Diese Frage stellte sich sp\u00e4testens vor dem Anpfiff der Samstagspartie beim schlecht in die Runde gestarteten, amtierenden Regionalliga-Meister 1. FC N\u00fcrnberg 2 angesichts so manchem Ergebnisses am Freitagabend (siehe unten). Die Antwort lautet: So wird\u00b4s nichts mit einem Spitzenplatz!<\/strong><\/p>\n<p class=\"wp-block-paragraph\">Volle Kapelle, 18 Feldspieler im Kader, nur der geschonte Mike Dellinger fehlte: Personell sah\u00b4s gut aus, was die Schn\u00fcdel auf den Platz brachten. Doch schon nach sieben Minuten klingelte es hinter Jan Mootl. Per wundersch\u00f6nem Hackentrick wurde der Schlussmann \u00fcberwunden.<\/p>\n<p class=\"wp-block-paragraph\">Doch schon vier Minuten sp\u00e4ter \u2013 was f\u00fcr eine hei\u00dfe Anfangsphase! \u2013 wurde Jason Prodanovic im Strafraum gelegt. Elfmeter f\u00fcr Schweinfurt! Philipp Hack, der dreifache Torsch\u00fctze vom letzten Freitag gegen F\u00fcrth 2, verwandelte souver\u00e4n: 1:1.<\/p>\n<p class=\"wp-block-paragraph\">Und so ging\u00b4s weiter: Nach 18 Minuten brachte Luca-Paul Schulten nach einer Flanke per Linksschuss den kleinen Club wieder in F\u00fchrung. Mottl war wie beim 1:0 v\u00f6llig machtlos. Zu diesem Zeitpunkt deutete vieles auf einen Endstand von 10:5 hin. Was f\u00fcr ein Spektakel bis dazu am Valznerweiher!<\/p>\n<p class=\"wp-block-paragraph\">Kleinere Chancen waren die Folge, Mottls Parade gegen David Klos verhinderte das 3:1. Ehe sich das Spiel etwas beruhigte. Was den FC 05 nicht daran hinderte, nach etwas mehr als einer halben Stunde wieder auszugleichen: Berkay \u00d6zt\u00fcrk (auf unserem Aufmacherbild) bewies mit einer tollen Einzelaktion, warum es wert war, ihn aus Ingolstadt zu holen. Danach fiel fast das 2:3 durch Kevin Fery.<\/p>\n<p class=\"wp-block-paragraph\">Das aber wurde dann auf der anderen Seite gefeiert, als Nizar \u00dcstel kurz vor der Pause Keeper Jan Mottl mit seinem Kopfball ein drittes Mal an diesem Nachmittag bezwang. Das schon 14. Gegentor im erst siebten Spiel. Als es vorerst in die Kabine ging, war klar: Ein Schnitt von zwei Gegentreffern wird nicht taugen, um oben mitspielen zu k\u00f6nnen.<\/p>\n<p class=\"wp-block-paragraph\">Vorerst unver\u00e4ndert sollte mit Beginn von Halbzeit zwei erst einmal die Wende am Valznerweiher vor den offiziell 464 Zuschauern gelingen. Ungewohnt ereignislos ging es aber weiter. Vor allem hatten die Schweinfurter keine echten M\u00f6glichkeiten zum Ausgleich. Und dann gelang Can Yahya Mustafa zehn Minuten vor dem Ende auch noch das 4:2. Das war der Deckel auf die Partie, die durch das 5:2 durch Pascal Fuchs in der nachspielzeit sogar zu einem kleinen Debakel f\u00fcr den FC 05 wurde. Zumindest zu einem herben R\u00fcckschlag nach zuvor drei Siegen in Serie.<\/p>\n<p class=\"wp-block-paragraph\">Bereits am Freitagabend siegte der TSV Aubstadt gegen das noch immer punktlose Schlusslicht Spvgg Ansbach m\u00fchevoll mit 2:0. Ingo Feser per Elfmeter und Joshua Endres trafen jeweils gleich zu Beginn der beiden Halbzeiten. Mit nun acht Punkten aus sechs Partien starten die Grabfelder in die n\u00e4chste Englische Woche, die es in sich hat: Kommenden Freitag zuhause gegen Unterhaching, Dienstag in Bayreuth und wieder Freitag daheim gegen Bayern M\u00fcnchen 2. Dann jeweils vor sicherlich mehr als den knapp 600 Zuschauer, wie sie diesen Freitag in die NGN-Arena kamen.<\/p>\n<p class=\"wp-block-paragraph\">Und der TSV 1860 M\u00fcnchen? Bleibt ungeschlagen, kommt aber nicht so recht vom Fleck: Vor ausverkaufter H\u00fctte der DJK Vilzing f\u00fchrten die L\u00f6wen zwei Mal, kassierten aber ausgerechnet durch ihren Ex-Spieler Markus Ziereis in der Nachspielzeit das 2:2. Bayreuth (gegen Burghausen) und Illertissen (in Eltersdorf) verloren sogar am Freitagabend.<\/p>\n<p class=\"wp-block-paragraph\">Und in der Bayernliga lief es f\u00fcr die unterfr\u00e4nkischen Vertreter h\u00f6chst unterschiedlich. W\u00e4hrend Regionalliga-Absteiger Viktoria Aschaffenburg, kommenden Mittwoch in Gro\u00dfbardorf zu Gast, bei Landesliga-Aufsteiger DJK Ammerthal gleich mit 6:0 gewann, verlor der W\u00fcrzburger FV durch ein Tor in der 90. Minute bei Neuling Don Bosco Bamberg.<\/p>\n<p class=\"wp-block-paragraph\">Schweinfurt: Jan Mottl \u2013 Kevin Frisorger, Pietro Besso (ab 83. Nils Benedikt Piwernetz), Johannes Theinhardt, Kevin Fery, Lauris Bausenwein, Gil Ebner (ab 75. Leonard Krasniqi), Philipp Hack (ab 83. Lukas Mrozek), Berkay \u00d6zt\u00fcrk, Jason Prodanovic, Morris Adelabu (ab 62. Mirco Geisler); auf der Ersatzbank: Julian Br\u00e4tz \u2013 Valentin Schmitt, Mustafa \u00d6zden, Maximilian Stahl, Radzivon Hushcha; Trainer; Jan Gernlein.<\/p>\n<p class=\"wp-block-paragraph\"><strong>Sport K\u00f6nig aus Werneck pr\u00e4sentiert den regionalen und lokalen Fu\u00dfball.<\/strong><\/p>\n<p><img loading=\"lazy\" decoding=\"async\" width=\"1024\" height=\"525\" src=\"https:\/\/www.europesays.com\/de\/wp-content\/uploads\/2026\/09\/Sport-Koenig-Banner-1024x525.jpg\" alt=\"\" class=\"wp-image-64802\"  \/><br \/>\n<img loading=\"lazy\" decoding=\"async\" id=\"metis-img-pixel\" src=\"https:\/\/www.europesays.com\/de\/wp-content\/uploads\/2026\/09\/dcde2cf8367d4a369009ee45daa08bd3.gif\" width=\"1\" height=\"1\" alt=\"\"\/>Gef\u00e4llt mir:Gef\u00e4llt mir Wird geladen\u00a0\u2026<a class=\"sd-link-color\"\/><\/p>\n","protected":false},"excerpt":{"rendered":"N\u00dcRNBERG \/ SCHWEINFURT \u2013 Was ist drin f\u00fcr den FC 05 in dieser Saison? Diese Frage stellte sich&hellip;\n","protected":false},"author":2,"featured_media":1282383,"comment_status":"","ping_status":"","sticky":false,"template":"","format":"standard","meta":{"footnotes":"","_share_on_mastodon":"0"},"categories":[1837],"tags":[772,3364,29,30,3783],"class_list":["post-1282382","post","type-post","status-publish","format-standard","has-post-thumbnail","category-nuernberg","tag-bayern","tag-de","tag-deutschland","tag-germany","tag-nuernberg"],"share_on_mastodon":{"url":"https:\/\/pubeurope.com\/@de\/117218837208803300","error":""},"_links":{"self":[{"href":"https:\/\/www.europesays.com\/de\/wp-json\/wp\/v2\/posts\/1282382","targetHints":{"allow":["GET"]}}],"collection":[{"href":"https:\/\/www.europesays.com\/de\/wp-json\/wp\/v2\/posts"}],"about":[{"href":"https:\/\/www.europesays.com\/de\/wp-json\/wp\/v2\/types\/post"}],"author":[{"embeddable":true,"href":"https:\/\/www.europesays.com\/de\/wp-json\/wp\/v2\/users\/2"}],"replies":[{"embeddable":true,"href":"https:\/\/www.europesays.com\/de\/wp-json\/wp\/v2\/comments?post=1282382"}],"version-history":[{"count":0,"href":"https:\/\/www.europesays.com\/de\/wp-json\/wp\/v2\/posts\/1282382\/revisions"}],"wp:featuredmedia":[{"embeddable":true,"href":"https:\/\/www.europesays.com\/de\/wp-json\/wp\/v2\/media\/1282383"}],"wp:attachment":[{"href":"https:\/\/www.europesays.com\/de\/wp-json\/wp\/v2\/media?parent=1282382"}],"wp:term":[{"taxonomy":"category","embeddable":true,"href":"https:\/\/www.europesays.com\/de\/wp-json\/wp\/v2\/categories?post=1282382"},{"taxonomy":"post_tag","embeddable":true,"href":"https:\/\/www.europesays.com\/de\/wp-json\/wp\/v2\/tags?post=1282382"}],"curies":[{"name":"wp","href":"https:\/\/api.w.org\/{rel}","templated":true}]}}