{"id":1282409,"date":"2026-09-05T14:29:15","date_gmt":"2026-09-05T14:29:15","guid":{"rendered":"https:\/\/www.europesays.com\/de\/1282409\/"},"modified":"2026-09-05T14:29:15","modified_gmt":"2026-09-05T14:29:15","slug":"fortuna-duesseldorf-wekesser-drueckt-sich-bei-f95-nicht-vor-verantwortung","status":"publish","type":"post","link":"https:\/\/www.europesays.com\/de\/1282409\/","title":{"rendered":"Fortuna D\u00fcsseldorf: Wekesser dr\u00fcckt sich bei F95 nicht vor Verantwortung"},"content":{"rendered":"<p class=\"text_ohne_einzug richtext text-em-55 !leading-serif mx-6 desktop:mx-0\">Erik Wekesser erlebte bei Fortuna einen Start nach Ma\u00df: Gleich im ersten Spiel wurde der Zugang vom 1. FC Kaiserslautern eingewechselt und half dabei, die F\u00fchrung \u00fcber die Zeit zu bringen. Mit dem 1:0-Sieg gegen den VfB Stuttgart II feierte er ein rundum erfolgreiches Deb\u00fct f\u00fcr die D\u00fcsseldorfer. Das soll aber nur der Anfang gewesen sein. \u201eEs war nicht selbstverst\u00e4ndlich, nach ein paar Tagen reingeschmissen zu werden. Es war ein gelungener Start und das gibt der ganzen Mannschaft Auftrieb\u201c, sagt Wekesser, der mit Fortuna am Sonntag vor seinem zweiten Pflichtspiel steht.<\/p>\n","protected":false},"excerpt":{"rendered":"Erik Wekesser erlebte bei Fortuna einen Start nach Ma\u00df: Gleich im ersten Spiel wurde der Zugang vom 1.&hellip;\n","protected":false},"author":2,"featured_media":1282410,"comment_status":"","ping_status":"","sticky":false,"template":"","format":"standard","meta":{"footnotes":"","_share_on_mastodon":"0"},"categories":[1831],"tags":[97766,20566,3364,29,3405,3679,6223,30,1209,28138,259062,42408],"class_list":["post-1282409","post","type-post","status-publish","format-standard","has-post-thumbnail","category-duesseldorf","tag-97766","tag-20566","tag-de","tag-deutschland","tag-duesseldorf","tag-duesseldorfer","tag-fortuna","tag-germany","tag-nordrhein-westfalen","tag-positiv","tag-wekesser","tag-zugang"],"share_on_mastodon":{"url":"https:\/\/pubeurope.com\/@de\/117218913003850733","error":""},"_links":{"self":[{"href":"https:\/\/www.europesays.com\/de\/wp-json\/wp\/v2\/posts\/1282409","targetHints":{"allow":["GET"]}}],"collection":[{"href":"https:\/\/www.europesays.com\/de\/wp-json\/wp\/v2\/posts"}],"about":[{"href":"https:\/\/www.europesays.com\/de\/wp-json\/wp\/v2\/types\/post"}],"author":[{"embeddable":true,"href":"https:\/\/www.europesays.com\/de\/wp-json\/wp\/v2\/users\/2"}],"replies":[{"embeddable":true,"href":"https:\/\/www.europesays.com\/de\/wp-json\/wp\/v2\/comments?post=1282409"}],"version-history":[{"count":0,"href":"https:\/\/www.europesays.com\/de\/wp-json\/wp\/v2\/posts\/1282409\/revisions"}],"wp:featuredmedia":[{"embeddable":true,"href":"https:\/\/www.europesays.com\/de\/wp-json\/wp\/v2\/media\/1282410"}],"wp:attachment":[{"href":"https:\/\/www.europesays.com\/de\/wp-json\/wp\/v2\/media?parent=1282409"}],"wp:term":[{"taxonomy":"category","embeddable":true,"href":"https:\/\/www.europesays.com\/de\/wp-json\/wp\/v2\/categories?post=1282409"},{"taxonomy":"post_tag","embeddable":true,"href":"https:\/\/www.europesays.com\/de\/wp-json\/wp\/v2\/tags?post=1282409"}],"curies":[{"name":"wp","href":"https:\/\/api.w.org\/{rel}","templated":true}]}}