{"id":1282417,"date":"2026-09-05T14:33:19","date_gmt":"2026-09-05T14:33:19","guid":{"rendered":"https:\/\/www.europesays.com\/de\/1282417\/"},"modified":"2026-09-05T14:33:19","modified_gmt":"2026-09-05T14:33:19","slug":"holzfaellen-im-schauspiel-frankfurt","status":"publish","type":"post","link":"https:\/\/www.europesays.com\/de\/1282417\/","title":{"rendered":"\u00bbHolzf\u00e4llen\u00ab im Schauspiel Frankfurt &#8211;"},"content":{"rendered":"<p><img fetchpriority=\"high\" width=\"640\" height=\"381\" src=\"https:\/\/www.europesays.com\/de\/wp-content\/uploads\/2026\/09\/HOLZFAELLEN_Nicholas-Ofczarek_Franui6cTommy-Hetzel-640x381.jpg\" class=\"attachment-mh-magazine-content size-mh-magazine-content wp-post-image\" alt=\"\" title=\"HOLZF\u00c4LLEN\" loading=\"eager\" decoding=\"async\"\/><br \/>\nHOLZF\u00c4LEN mit Nicholas Ofczarek und der Musicbanda Franui ~ \u00a9 Tommy Hetzel<\/p>\n<p>Nach dem gleichnamigen Roman von Thomas Bernhard mit Nicholas Ofczarek und der Musicbanda Franui<\/p>\n<p class=\"wp-block-paragraph\">Nach dem sensationellen Erfolg am Wiener Burgtheater ist \u00adThomas Bernhards Roman \u00bbHolzf\u00e4llen\u00ab in einer B\u00fchnenfassung von und mit Nicholas Ofczarek und der Musicbanda Franui nun in Frankfurt zu erleben. <\/p>\n<p class=\"wp-block-paragraph\">Der Roman stellt einen Erz\u00e4hler ins Zentrum, der aus der Distanz seines Ohrensessels eine \u00bbk\u00fcnstlerische Abendgesellschaft\u00ab in der Wiener Gentzgasse beobachtet und diese mit b\u00f6sartiger Genauigkeit seziert. Die versammelte Menge wartet auf die angek\u00fcndigte Ankunft eines Burgschauspielers; zudem sind die meisten Personen dieser Gesellschaft miteinander verbunden, weil ihre durch Selbstmord aus dem Leben geschiedene Freundin Joana am Nachmittag desselben Tages in der Ortschaft Kilb zu Grabe getragen wurde. <\/p>\n<p><img loading=\"lazy\" decoding=\"async\" width=\"427\" height=\"640\" src=\"https:\/\/www.europesays.com\/de\/wp-content\/uploads\/2026\/09\/HOLZFAELLEN_Nicholas-Ofczarek_Franui4cTommy-Hetzel-1.jpg\" alt=\"\" class=\"wp-image-52288\"  \/><strong>HOLZF\u00c4LEN mit Nicholas Ofczarek und der Musicbanda Franui<\/strong><br \/>\u00a9 Tommy Hetzel<\/p>\n<p class=\"wp-block-paragraph\">Thomas Bernhards ber\u00fchmte Prosa wird von Nicholas Ofczarek rezitativisch zum Leben erweckt, w\u00e4hrend die Musiker:innen von Franui u. a. mit einer Spezialit\u00e4t zu h\u00f6ren sein werden, die sie bekannt gemacht hat: dem Zelebrieren von Trauerm\u00e4rschen und Trauermusik.<\/p>\n<p>\u00bbHolzf\u00e4llen\u00ab<\/p>\n<p class=\"wp-block-paragraph\">Nach dem gleichnamigen Roman von Thomas Bernhard<\/p>\n<p><strong>Mit:<\/strong> Nicholas Ofczarek, Musicbanda Franui<\/p>\n<p class=\"wp-block-paragraph\">Am Sa. 19. September (19.30 Uhr) und am So. 20. September (18.00 Uhr) im Schauspielhaus Frankfurt<\/p>\n<p><a href=\"https:\/\/schauspielfrankfurt.de\" target=\"_blank\" rel=\"noreferrer noopener nofollow\">schauspielfrankfurt.de<\/a><\/p>\n","protected":false},"excerpt":{"rendered":"HOLZF\u00c4LEN mit Nicholas Ofczarek und der Musicbanda Franui ~ \u00a9 Tommy Hetzel Nach dem gleichnamigen Roman von Thomas&hellip;\n","protected":false},"author":2,"featured_media":1282418,"comment_status":"","ping_status":"","sticky":false,"template":"","format":"standard","meta":{"footnotes":"","_share_on_mastodon":"0"},"categories":[1829],"tags":[29,2050,2051,30,2052,50922,36430,94],"class_list":["post-1282417","post","type-post","status-publish","format-standard","has-post-thumbnail","category-frankfurt-am-main","tag-deutschland","tag-frankfurt","tag-frankfurt-am-main","tag-germany","tag-hessen","tag-holzfaellen","tag-schauspiel-frankfurt","tag-theater"],"share_on_mastodon":{"url":"https:\/\/pubeurope.com\/@de\/117218930959994269","error":""},"_links":{"self":[{"href":"https:\/\/www.europesays.com\/de\/wp-json\/wp\/v2\/posts\/1282417","targetHints":{"allow":["GET"]}}],"collection":[{"href":"https:\/\/www.europesays.com\/de\/wp-json\/wp\/v2\/posts"}],"about":[{"href":"https:\/\/www.europesays.com\/de\/wp-json\/wp\/v2\/types\/post"}],"author":[{"embeddable":true,"href":"https:\/\/www.europesays.com\/de\/wp-json\/wp\/v2\/users\/2"}],"replies":[{"embeddable":true,"href":"https:\/\/www.europesays.com\/de\/wp-json\/wp\/v2\/comments?post=1282417"}],"version-history":[{"count":0,"href":"https:\/\/www.europesays.com\/de\/wp-json\/wp\/v2\/posts\/1282417\/revisions"}],"wp:featuredmedia":[{"embeddable":true,"href":"https:\/\/www.europesays.com\/de\/wp-json\/wp\/v2\/media\/1282418"}],"wp:attachment":[{"href":"https:\/\/www.europesays.com\/de\/wp-json\/wp\/v2\/media?parent=1282417"}],"wp:term":[{"taxonomy":"category","embeddable":true,"href":"https:\/\/www.europesays.com\/de\/wp-json\/wp\/v2\/categories?post=1282417"},{"taxonomy":"post_tag","embeddable":true,"href":"https:\/\/www.europesays.com\/de\/wp-json\/wp\/v2\/tags?post=1282417"}],"curies":[{"name":"wp","href":"https:\/\/api.w.org\/{rel}","templated":true}]}}