{"id":1282436,"date":"2026-09-05T14:43:22","date_gmt":"2026-09-05T14:43:22","guid":{"rendered":"https:\/\/www.europesays.com\/de\/1282436\/"},"modified":"2026-09-05T14:43:22","modified_gmt":"2026-09-05T14:43:22","slug":"berlin-wahl-wahl-o-mat-ist-online-welche-partei-passt-zu-ihnen","status":"publish","type":"post","link":"https:\/\/www.europesays.com\/de\/1282436\/","title":{"rendered":"Berlin-Wahl: Wahl-O-Mat ist online \u2013 welche Partei passt zu Ihnen?"},"content":{"rendered":"<p>Wahl zum Abgeordnetenhaus 2026 <\/p>\n<p>Wahl-O-Mat Berlin: Welche Partei passt zu Ihnen?<\/p>\n<p>Aktualisiert am 05.09.2026 &#8211; 16:30 UhrLesedauer: 3 Min.<\/p>\n<p><a href=\"#focus-0\" class=\"transition-colors block text-current relative\" data-sctrack=\"FocusGalleryImage.Reference\"><img fetchpriority=\"high\" data-testid=\"Opener.Image\"   loading=\"eager\" src=\"https:\/\/www.europesays.com\/de\/wp-content\/uploads\/2026\/09\/mit-dem-wahl-o-mat-fuer-das-berliner-abgeordnetenhaus-koennen-sie-ermitteln-welche-partei-ihre-inter.png\" alt=\"Mit dem Wahl-O-Mat f\u00fcr das Berliner Abgeordnetenhaus k\u00f6nnen Sie ermitteln, welche Partei Ihre Interessen am ehesten vertritt.\" title=\"Mit dem Wahl-O-Mat f\u00fcr das Berliner Abgeordnetenhaus k\u00f6nnen Sie ermitteln, welche Partei Ihre Interessen am ehesten vertritt.\" width=\"1920\" height=\"1080\" class=\"bg-[url:var(--lqipURL)] bg-cover bg-center flex h-full w-full max-w-full\" style=\"--lqipURL:url('https:\/\/images.t-online.de\/2026\/07\/Rge8m2-afB6Y\/0x0:1920x1080\/fit-in\/150x0\/filters:blur(25)\/mit-dem-wahl-o-mat-fuer-das-berliner-abgeordnetenhaus-koennen-sie-ermitteln-welche-partei-ihre-interessen-am-ehesten-vertritt.png')\" decoding=\"async\"\/><img loading=\"lazy\" src=\"https:\/\/www.t-online.de\/s\/paper\/_next\/static\/media\/zoom-in.f7dae02f.svg\" alt=\"Vergr\u00f6\u00dfern des Bildes\" title=\"Vergr\u00f6\u00dfern des Bildes\" class=\"block h-[calc(var(--height)_\/_16_*_1rem)] w-[calc(var(--width)_\/_16_*_1rem)] max-w-none absolute right-8 bottom-8 rounded-4 bg-snow p-8\" style=\"--width:32;--height:32\" decoding=\"async\"\/><\/a><\/p>\n<p>Mit dem Wahl-O-Mat k\u00f6nnen Sie sich \u00fcber die Parteien informieren, die bei der Wahl zum Berliner Abgeordnetenhaus antreten. (Quelle: Montage t-online\/getty-images-bilder)<\/p>\n<p><img loading=\"lazy\" src=\"https:\/\/www.t-online.de\/s\/paper\/_next\/static\/media\/audio-volume.6689034c.svg\" alt=\"\" title=\"\" class=\"block h-[calc(var(--height)_\/_16_*_1rem)] w-[calc(var(--width)_\/_16_*_1rem)] max-w-none group-hover:brightness-0 group-hover:invert\" style=\"--width:16;--height:16\" decoding=\"async\"\/>Vorlesen<\/p>\n<p>Aktuelle Zeit:0:00Gesamtdauer:0:00<\/p>\n<p>1x<img loading=\"lazy\" src=\"https:\/\/www.t-online.de\/s\/paper\/_next\/static\/media\/font-sizes.32942e33.svg\" alt=\"\" title=\"\" class=\"block h-[calc(var(--height)_\/_16_*_1rem)] w-[calc(var(--width)_\/_16_*_1rem)] max-w-none group-hover:hidden group-aria-expanded:hidden\" style=\"--width:16;--height:16\" decoding=\"async\"\/><img loading=\"lazy\" src=\"https:\/\/www.t-online.de\/s\/paper\/_next\/static\/media\/font-sizes-dark-mode.e382645c.svg\" alt=\"\" title=\"\" class=\"block h-[calc(var(--height)_\/_16_*_1rem)] w-[calc(var(--width)_\/_16_*_1rem)] max-w-none hidden group-hover:block group-aria-expanded:block\" style=\"--width:16;--height:16\" decoding=\"async\"\/><img loading=\"lazy\" src=\"https:\/\/www.t-online.de\/s\/paper\/_next\/static\/media\/sharing-menu-icon.1eb71368.svg\" alt=\"\" title=\"\" class=\"block h-[calc(var(--height)_\/_16_*_1rem)] w-[calc(var(--width)_\/_16_*_1rem)] max-w-none group-hover:brightness-0 group-hover:invert\" style=\"--width:16;--height:16\" decoding=\"async\"\/>Artikel teilen<\/p>\n<p class=\"font-bold text-18 leading-17 user-text-lg:text-22 user-text-xl:text-24\">Am 20. September 2026 findet die Wahl zum Berliner Abgeordnetenhaus statt. Per Wahl-O-Mat finden Sie heraus, welche Partei am besten zu Ihnen passt.<\/p>\n<p class=\"text-18 leading-17 user-text-lg:text-22 user-text-xl:text-24\">Bezahlbares Wohnen, preiswerter \u00d6PNV, funktionierende Verwaltung, innere Sicherheit und die Sanierung von Schulen: Das sind die gro\u00dfen Themen im Berliner Wahlkampf. Insgesamt treten 17 Parteien mit Landes- oder Bezirkslisten bei der <a href=\"https:\/\/www.t-online.de\/themen\/abgeordnetenhauswahl-berlin\/\" class=\"transition-colors cursor-pointer no-underline md:hover:text-magenta md:focus:text-magenta border-b border-solid border-current text-salemsfur md:hover:border-magenta\" data-tracking=\"{&quot;action&quot;:&quot;click&quot;,&quot;category&quot;:&quot;intextLink&quot;,&quot;label&quot;:&quot;\/themen\/abgeordnetenhauswahl-berlin\/&quot;}\" data-sctrack=\"BodyAnchor\" rel=\"nofollow noopener\" target=\"_blank\">Wahl zum Berliner Abgeordnetenhaus<\/a> 2026 an. Anstatt die einzelnen Wahlprogramme zu lesen, k\u00f6nnen Sie mit dem Wahl-O-Mat herausfinden, mit welchen Parteien Ihre Positionen am st\u00e4rksten \u00fcbereinstimmen. Probieren Sie ihn einfach aus.<\/p>\n<\/p>\n<p>Die Berliner Wahl 2026 ist eine besondere Wahl<\/p>\n<p class=\"text-18 leading-17 user-text-lg:text-22 user-text-xl:text-24\">Die Wahl zum Abgeordnetenhaus 2026 steht im Schatten der &#8222;Pannenwahl&#8220; von 2021. Damals kam es zu erheblichen organisatorischen Problemen wie fehlenden oder falschen Stimmzetteln sowie langen Wartezeiten vor den Wahllokalen. Daher musste die Wahl im Jahr 2023 vollst\u00e4ndig wiederholt werden, das Abstimmungsergebnis galt aber lediglich f\u00fcr den Rest der laufenden Legislaturperiode. Somit ist die Wahl 2026 der n\u00e4chste regul\u00e4re Wahltermin.<\/p>\n<p class=\"text-18 leading-17 user-text-lg:text-22 user-text-xl:text-24\">Zus\u00e4tzlich ist die Wahl f\u00fcr die Berliner <a href=\"https:\/\/www.t-online.de\/themen\/cdu\/\" class=\"transition-colors cursor-pointer no-underline md:hover:text-magenta md:focus:text-magenta border-b border-solid border-current text-salemsfur md:hover:border-magenta\" data-tracking=\"{&quot;action&quot;:&quot;click&quot;,&quot;category&quot;:&quot;intextLink&quot;,&quot;label&quot;:&quot;\/themen\/cdu\/&quot;}\" data-sctrack=\"BodyAnchor\" rel=\"nofollow noopener\" target=\"_blank\">CDU<\/a> eine besondere Herausforderung. <a href=\"https:\/\/www.t-online.de\/nachrichten\/deutschland\/innenpolitik\/id_101337962\/wahl-in-berlin-buergermeister-kai-wegner-zieht-kandidatur-wohl-zurueck.html\" class=\"transition-colors cursor-pointer no-underline md:hover:text-magenta md:focus:text-magenta border-b border-solid border-current text-salemsfur md:hover:border-magenta\" data-tracking=\"{&quot;action&quot;:&quot;click&quot;,&quot;category&quot;:&quot;intextLink&quot;,&quot;label&quot;:&quot;\/nachrichten\/deutschland\/innenpolitik\/id_101337962\/wahl-in-berlin-buergermeister-kai-wegner-zieht-kandidatur-wohl-zurueck.html&quot;}\" data-sctrack=\"BodyAnchor\" rel=\"nofollow noopener\" target=\"_blank\">Zwei Monate vor dem Wahltermin zog sich Kai Wegner als Spitzenkandidat der Berliner CDU zur\u00fcck.<\/a> Er zog die Konsequenzen aus einer monatelangen Diskussion um falsche Angaben zu seinem Krisenmanagement w\u00e4hrend des gro\u00dfen Stromausfalls im Januar 2026. Neuer Spitzenkandidat wurde Stefan Evers, dem kaum Zeit bleibt, sich zu positionieren.<\/p>\n<p>Was ist der Wahl-O-Mat?<\/p>\n<p class=\"text-18 leading-17 user-text-lg:text-22 user-text-xl:text-24\">Der Wahl-O-Mat <a href=\"https:\/\/berlin.t-online.de\/region\/berlin\/\" class=\"transition-colors cursor-pointer no-underline md:hover:text-magenta md:focus:text-magenta border-b border-solid border-current text-salemsfur md:hover:border-magenta\" data-tracking=\"{&quot;action&quot;:&quot;click&quot;,&quot;category&quot;:&quot;intextLink&quot;,&quot;label&quot;:&quot;https:\/\/berlin.t-online.de\/region\/berlin\/&quot;}\" data-sctrack=\"BodyAnchor\" rel=\"nofollow noopener\" target=\"_blank\">Berlin<\/a> ist ein Frage-und-Antwort-Tool der Bundeszentrale f\u00fcr politische Bildung. Anhand von 38 Thesen k\u00f6nnen Sie Ihre Zustimmung oder Ablehnung durch Klicken auf &#8222;stimme zu&#8220;, &#8222;stimme nicht zu&#8220;, &#8222;neutral&#8220; oder &#8222;These \u00fcberspringen&#8220; ausdr\u00fccken.<\/p>\n<p class=\"text-18 leading-17 user-text-lg:text-22 user-text-xl:text-24\">Nach Beantwortung aller Fragen erfolgt ein Abgleich Ihrer Antworten mit den Positionen der teilnehmenden Parteien. So ergibt sich ein Bild, welche der zugelassenen Parteien Ihren eigenen Interessen bei der Wahl am n\u00e4chsten kommen.<\/p>\n<p>Parteienvergleich bei der Berlin-Wahl leicht gemacht<\/p>\n<p class=\"text-18 leading-17 user-text-lg:text-22 user-text-xl:text-24\">Da nicht alle Themen f\u00fcr jeden Nutzer gleich wichtig sind, k\u00f6nnen Sie die Thesen individuell gewichten oder auch Ihre eigenen Positionen ver\u00e4ndern. Im Ergebnis sehen Sie direkt, wie sich die \u00dcbereinstimmung mit den Parteien ge\u00e4ndert hat. Sie k\u00f6nnen f\u00fcr die Auswertung entweder alle Parteien w\u00e4hlen oder eine Auswahl treffen.<\/p>\n<p class=\"text-18 leading-17 user-text-lg:text-22 user-text-xl:text-24\">Der Parteienvergleich zeigt Ihnen bei jeder These auf einen Blick, welche Parteien bei der jeweiligen These \u00fcbereinstimmen und wo es Unterschiede gibt. Zu allen Thesen k\u00f6nnen Sie die Positionen und Begr\u00fcndungen der Parteien nachlesen. Wollen Sie noch mehr wissen, finden Sie verlinkt wissenschaftliche Kurzprofile zu allen Parteien, die bei der Wahl 2026 antreten.<\/p>\n<p>Berliner Abgeordnetenhaus: Wer wird gew\u00e4hlt?<\/p>\n<p class=\"text-18 leading-17 user-text-lg:text-22 user-text-xl:text-24\">Das Berliner Abgeordnetenhaus hat mindestens 130 Mitglieder. Dazu kommen sogenannte \u00dcberhang- und Ausgleichsmandate. \u00dcberhangmandate entstehen, wenn eine Partei mehr Direktmandate gewinnt, als ihr \u00fcber die Zweitstimmen zustehen. Die anderen Parteien erhalten dann Ausgleichsmandate, damit das Kr\u00e4fteverh\u00e4ltnis der Parteien dem W\u00e4hlerwillen entspricht. Seit der Wiederholungswahl von 2023 sa\u00dfen deshalb insgesamt 159 Abgeordnete im Abgeordnetenhaus.<\/p>\n","protected":false},"excerpt":{"rendered":"Wahl zum Abgeordnetenhaus 2026 Wahl-O-Mat Berlin: Welche Partei passt zu Ihnen? Aktualisiert am 05.09.2026 &#8211; 16:30 UhrLesedauer: 3&hellip;\n","protected":false},"author":2,"featured_media":1282437,"comment_status":"","ping_status":"","sticky":false,"template":"","format":"standard","meta":{"footnotes":"","_share_on_mastodon":"0"},"categories":[1825],"tags":[85992,326,9071,296,64594,43455,31,29,30,2384,966,44707,226,6799],"class_list":["post-1282436","post","type-post","status-publish","format-standard","has-post-thumbnail","category-berlin","tag-wahl-o-mat","tag-326","tag-abgeordnetenhaus","tag-berlin","tag-berlin-wahl","tag-bundeszentrale-fuer-politische-bildung","tag-cdu","tag-deutschland","tag-germany","tag-kai-wegner","tag-schule","tag-stefan-evers","tag-t-online","tag-wahlkampf"],"share_on_mastodon":{"url":"https:\/\/pubeurope.com\/@de\/117218971617969167","error":""},"_links":{"self":[{"href":"https:\/\/www.europesays.com\/de\/wp-json\/wp\/v2\/posts\/1282436","targetHints":{"allow":["GET"]}}],"collection":[{"href":"https:\/\/www.europesays.com\/de\/wp-json\/wp\/v2\/posts"}],"about":[{"href":"https:\/\/www.europesays.com\/de\/wp-json\/wp\/v2\/types\/post"}],"author":[{"embeddable":true,"href":"https:\/\/www.europesays.com\/de\/wp-json\/wp\/v2\/users\/2"}],"replies":[{"embeddable":true,"href":"https:\/\/www.europesays.com\/de\/wp-json\/wp\/v2\/comments?post=1282436"}],"version-history":[{"count":0,"href":"https:\/\/www.europesays.com\/de\/wp-json\/wp\/v2\/posts\/1282436\/revisions"}],"wp:featuredmedia":[{"embeddable":true,"href":"https:\/\/www.europesays.com\/de\/wp-json\/wp\/v2\/media\/1282437"}],"wp:attachment":[{"href":"https:\/\/www.europesays.com\/de\/wp-json\/wp\/v2\/media?parent=1282436"}],"wp:term":[{"taxonomy":"category","embeddable":true,"href":"https:\/\/www.europesays.com\/de\/wp-json\/wp\/v2\/categories?post=1282436"},{"taxonomy":"post_tag","embeddable":true,"href":"https:\/\/www.europesays.com\/de\/wp-json\/wp\/v2\/tags?post=1282436"}],"curies":[{"name":"wp","href":"https:\/\/api.w.org\/{rel}","templated":true}]}}