{"id":1282442,"date":"2026-09-05T14:46:22","date_gmt":"2026-09-05T14:46:22","guid":{"rendered":"https:\/\/www.europesays.com\/de\/1282442\/"},"modified":"2026-09-05T14:46:22","modified_gmt":"2026-09-05T14:46:22","slug":"tatort-star-maria-furtwaengler-kritisiert-afd-vor-sachsen-anhalt-wahl","status":"publish","type":"post","link":"https:\/\/www.europesays.com\/de\/1282442\/","title":{"rendered":"&#8222;Tatort&#8220;-Star Maria Furtw\u00e4ngler kritisiert AfD vor Sachsen-Anhalt-Wahl"},"content":{"rendered":"<p>&#8222;Wirklich unheimlich&#8220; <\/p>\n<p>Maria Furtw\u00e4ngler warnt vor AfD-Sieg in Sachsen-Anhalt<\/p>\n<ul class=\"grid grid-flow-col gap-4\" aria-label=\"Autorenbilder\">\n<li class=\"leading-0\"><img data-tb-author-image=\"\"  loading=\"lazy\" src=\"https:\/\/www.europesays.com\/de\/wp-content\/uploads\/2026\/09\/1788619580_274_image.jpg\" alt=\"\" title=\"\" width=\"40\" height=\"40\" class=\"\" decoding=\"async\"\/><\/li>\n<\/ul>\n<p>05.09.2026 &#8211; 15:38 UhrLesedauer: 2 Min.<\/p>\n<p><a href=\"#focus-0\" class=\"transition-colors block text-current relative\" data-sctrack=\"FocusGalleryImage.Reference\"><img fetchpriority=\"high\" data-testid=\"Opener.Image\"   loading=\"eager\" src=\"https:\/\/www.europesays.com\/de\/wp-content\/uploads\/2026\/09\/maria-furtwaengler-die-schauspielerin-steht-seit-vielen-jahrzehnten-vor-der-kamera.jpg\" alt=\"Maria Furtw\u00e4ngler: Die Schauspielerin steht seit vielen Jahrzehnten vor der Kamera.\" title=\"Maria Furtw\u00e4ngler: Die Schauspielerin steht seit vielen Jahrzehnten vor der Kamera.\" width=\"4083\" height=\"2297\" class=\"bg-[url:var(--lqipURL)] bg-cover bg-center flex h-full w-full max-w-full\" style=\"--lqipURL:url('https:\/\/images.t-online.de\/2026\/09\/3PMW-1XgOYYY\/347x83:4083x2297\/fit-in\/150x0\/filters:blur(25)\/maria-furtwaengler-die-schauspielerin-steht-seit-vielen-jahrzehnten-vor-der-kamera.jpg')\" decoding=\"async\"\/><img loading=\"lazy\" src=\"https:\/\/www.t-online.de\/s\/paper\/_next\/static\/media\/zoom-in.f7dae02f.svg\" alt=\"Vergr\u00f6\u00dfern des Bildes\" title=\"Vergr\u00f6\u00dfern des Bildes\" class=\"block h-[calc(var(--height)_\/_16_*_1rem)] w-[calc(var(--width)_\/_16_*_1rem)] max-w-none absolute right-8 bottom-8 rounded-4 bg-snow p-8\" style=\"--width:32;--height:32\" decoding=\"async\"\/><\/a><\/p>\n<p>Maria Furtw\u00e4ngler: Die Schauspielerin steht seit vielen Jahrzehnten vor der Kamera. (Quelle: IMAGO \/ J\u00fcrgen Heinrich)<\/p>\n<p><img loading=\"lazy\" src=\"https:\/\/www.t-online.de\/s\/paper\/_next\/static\/media\/audio-volume.6689034c.svg\" alt=\"\" title=\"\" class=\"block h-[calc(var(--height)_\/_16_*_1rem)] w-[calc(var(--width)_\/_16_*_1rem)] max-w-none group-hover:brightness-0 group-hover:invert\" style=\"--width:16;--height:16\" decoding=\"async\"\/>Vorlesen<\/p>\n<p>Aktuelle Zeit:0:00Gesamtdauer:0:00<\/p>\n<p>1x<img loading=\"lazy\" src=\"https:\/\/www.t-online.de\/s\/paper\/_next\/static\/media\/font-sizes.32942e33.svg\" alt=\"\" title=\"\" class=\"block h-[calc(var(--height)_\/_16_*_1rem)] w-[calc(var(--width)_\/_16_*_1rem)] max-w-none group-hover:hidden group-aria-expanded:hidden\" style=\"--width:16;--height:16\" decoding=\"async\"\/><img loading=\"lazy\" src=\"https:\/\/www.t-online.de\/s\/paper\/_next\/static\/media\/font-sizes-dark-mode.e382645c.svg\" alt=\"\" title=\"\" class=\"block h-[calc(var(--height)_\/_16_*_1rem)] w-[calc(var(--width)_\/_16_*_1rem)] max-w-none hidden group-hover:block group-aria-expanded:block\" style=\"--width:16;--height:16\" decoding=\"async\"\/><img loading=\"lazy\" src=\"https:\/\/www.t-online.de\/s\/paper\/_next\/static\/media\/sharing-menu-icon.1eb71368.svg\" alt=\"\" title=\"\" class=\"block h-[calc(var(--height)_\/_16_*_1rem)] w-[calc(var(--width)_\/_16_*_1rem)] max-w-none group-hover:brightness-0 group-hover:invert\" style=\"--width:16;--height:16\" decoding=\"async\"\/>Artikel teilen<\/p>\n<p class=\"font-bold text-18 leading-17 user-text-lg:text-22 user-text-xl:text-24\"><strong class=\"font-bold\">Am Sonntag sind die Landtagswahlen in Sachsen-Anhalt. Maria Furtw\u00e4ngler blickt darauf mit Sorge. Im t-online-Interview erkl\u00e4rt die Schauspielerin, was sie bef\u00fcrchtet.<\/strong><\/p>\n<p class=\"text-18 leading-17 user-text-lg:text-22 user-text-xl:text-24\">Ganz Deutschland sieht der Landtagswahl in Sachsen-Anhalt am 6. September mit Spannung entgegen. Umfragen zeigen, dass eine Regierungs\u00fcbernahme durch die <a href=\"https:\/\/www.t-online.de\/themen\/alternative-fuer-deutschland\/\" class=\"transition-colors cursor-pointer no-underline md:hover:text-magenta md:focus:text-magenta border-b border-solid border-current text-salemsfur md:hover:border-magenta\" data-tracking=\"{&quot;action&quot;:&quot;click&quot;,&quot;category&quot;:&quot;intextLink&quot;,&quot;label&quot;:&quot;\/themen\/alternative-fuer-deutschland\/&quot;}\" data-sctrack=\"BodyAnchor\" rel=\"nofollow noopener\" target=\"_blank\">AfD<\/a> m\u00f6glich ist. &#8222;Tatort&#8220;-Kommissarin <a href=\"https:\/\/www.t-online.de\/themen\/maria-furtwaengler\/\" class=\"transition-colors cursor-pointer no-underline md:hover:text-magenta md:focus:text-magenta border-b border-solid border-current text-salemsfur md:hover:border-magenta\" data-tracking=\"{&quot;action&quot;:&quot;click&quot;,&quot;category&quot;:&quot;intextLink&quot;,&quot;label&quot;:&quot;\/themen\/maria-furtwaengler\/&quot;}\" data-sctrack=\"BodyAnchor\" rel=\"nofollow noopener\" target=\"_blank\">Maria Furtw\u00e4ngler<\/a> ist sich dessen bewusst. Die 59-J\u00e4hrige hat im t-online-Interview Kritik an der Partei ge\u00fcbt.<\/p>\n<p class=\"text-18 leading-17 user-text-lg:text-22 user-text-xl:text-24\">Auf einen potenziellen Sieg der AfD blickt sie &#8222;mit gro\u00dfer Sorge&#8220;. &#8222;Ich halte es f\u00fcr sehr beunruhigend, dass es der AfD gelungen ist, wissenschaftliche Erkenntnisse zu negieren und sie als eine Art Meinung von vielen darzustellen&#8220;, sagte sie. Konkret bezieht sie sich damit auf die Aussagen der Partei zur Umweltpolitik. &#8222;Der Versuch, die Klimakrise zu leugnen, in einer Zeit, in der sie f\u00fcr alle so greifbar ist, die wirtschaftlichen Sch\u00e4den riesig sind und die Hitze, laut Robert Koch-Institut, \u00fcber 15.000 Todesf\u00e4lle verursacht hat, ist wirklich unheimlich. Anders kann ich es gar nicht sagen.&#8220;<\/p>\n<p>Darum braucht es den \u00f6ffentlich-rechtlichen Rundfunk<\/p>\n<p class=\"text-18 leading-17 user-text-lg:text-22 user-text-xl:text-24\">In Ihrem Wahlprogramm k\u00fcndigt die AfD au\u00dferdem an, die Rundfunkstaatsvertr\u00e4ge k\u00fcndigen zu wollen. &#8222;Das finde ich hochproblematisch&#8220;, sagte Furtw\u00e4ngler dazu. &#8222;Aus unserer bundesdeutschen Geschichte wissen wir einfach, wie wichtig es ist, unabh\u00e4ngigen Journalismus zu erm\u00f6glichen und zu unterst\u00fctzen.&#8220; Sie macht in diesem Zusammenhang auf den Begriff &#8222;Pink Slime Journalism&#8220; aus den <a href=\"https:\/\/www.t-online.de\/themen\/usa\/\" class=\"transition-colors cursor-pointer no-underline md:hover:text-magenta md:focus:text-magenta border-b border-solid border-current text-salemsfur md:hover:border-magenta\" data-tracking=\"{&quot;action&quot;:&quot;click&quot;,&quot;category&quot;:&quot;intextLink&quot;,&quot;label&quot;:&quot;\/themen\/usa\/&quot;}\" data-sctrack=\"BodyAnchor\" rel=\"nofollow noopener\" target=\"_blank\">USA<\/a> aufmerksam. &#8222;Er beschreibt, wie es ist, wenn statt journalistischer Inhalte nur noch Fake News als Pseudo-Journalismus das Netz und die Hirne fluten werden&#8220;, so Furtw\u00e4ngler.<\/p>\n<p>Was bedeutet &#8222;Pink Slime Journalism&#8220;<\/p>\n<p class=\"pt-8 text-14 md:pt-8 leading-17 user-text-lg:text-22 user-text-xl:text-24\">Als &#8222;Pink-Slime-Journalismus&#8220; (oder k\u00fcrzer &#8222;Pink Slime&#8220;) werden gef\u00e4lschte oder irref\u00fchrende Nachrichtenseiten bezeichnet, die den Eindruck erwecken, seri\u00f6se und unabh\u00e4ngige lokale Medien zu sein. In Wahrheit werden so aber PR-Inhalte, politische Propaganda oder wirtschaftliche Interessen verbreitet.<\/p>\n<p class=\"text-18 leading-17 user-text-lg:text-22 user-text-xl:text-24\">Furtw\u00e4ngler erinnerte in diesem Zusammenhang an Steve Bannon, den ehemaligen Berater von US-Pr\u00e4sident <a href=\"https:\/\/www.t-online.de\/themen\/donald-trump\/\" class=\"transition-colors cursor-pointer no-underline md:hover:text-magenta md:focus:text-magenta border-b border-solid border-current text-salemsfur md:hover:border-magenta\" data-tracking=\"{&quot;action&quot;:&quot;click&quot;,&quot;category&quot;:&quot;intextLink&quot;,&quot;label&quot;:&quot;\/themen\/donald-trump\/&quot;}\" data-sctrack=\"BodyAnchor\" rel=\"nofollow noopener\" target=\"_blank\">Donald Trump<\/a>. &#8222;Flood the zone with shit&#8220;, also &#8222;\u00dcbersch\u00fctte die Zone mit M\u00fcll&#8220;, ist ein von Bannon gepr\u00e4gter Satz. &#8222;Es geht gar nicht mehr darum, sich mit der Wirklichkeit auseinanderzusetzen und Fakten zu diskreditieren, sondern darum so viele vermeintlich andere Erkl\u00e4rungsmodelle in die Welt zu setzen, dass am Schluss der Eindruck entsteht: &#8218;So genau wei\u00df man das ja alles gar nicht'&#8220;, so Furtw\u00e4ngler.<\/p>\n<p class=\"text-18 leading-17 user-text-lg:text-22 user-text-xl:text-24\">Bannon war 2022 wegen Missachtung des Kongresses zu einer Haftstrafe verurteilt worden, die er erst zwei Jahre sp\u00e4ter antrat. Zudem war er Chef der ultrarechten Website &#8222;Breitbart&#8220;. Im Kontext der Aufkl\u00e4rung des Sturms auf das Kapitol im Januar 2021 war er \u00fcberdies verurteilt worden.<\/p>\n<p><img loading=\"lazy\" src=\"https:\/\/www.t-online.de\/s\/paper\/_next\/static\/media\/quotationmark.8b94917b.svg\" alt=\"Anf\u00fchrungszeichen\" title=\"Anf\u00fchrungszeichen\" class=\"block h-[calc(var(--height)_\/_16_*_1rem)] w-[calc(var(--width)_\/_16_*_1rem)] max-w-none mx-12 md:w-[41px]\" style=\"--width:42;--height:32\" decoding=\"async\"\/><\/p>\n<p class=\"py-24 text-22 text-salemsfur\">Der \u00f6ffentlich-rechtliche Rundfunk ist ein Garant daf\u00fcr, verschiedene Perspektiven auszuleuchten, investigativ sauber zu arbeiten und wissenschaftliche Grundlagen einzubeziehen und zu vermitteln.<\/p>\n<p class=\"tracking-wider pt-12 pb-24 text-16 leading-17 text-manatee uppercase\">Maria Furtw\u00e4ngler \u00fcber den \u00d6RR<\/p>\n","protected":false},"excerpt":{"rendered":"&#8222;Wirklich unheimlich&#8220; Maria Furtw\u00e4ngler warnt vor AfD-Sieg in Sachsen-Anhalt 05.09.2026 &#8211; 15:38 UhrLesedauer: 2 Min. Maria Furtw\u00e4ngler: Die&hellip;\n","protected":false},"author":2,"featured_media":1282443,"comment_status":"","ping_status":"","sticky":false,"template":"","format":"standard","meta":{"footnotes":"","_share_on_mastodon":"0"},"categories":[1776],"tags":[186,1801,29,214,30,99561,22349,1802,16256,860,16606,226,215,10918],"class_list":["post-1282442","post","type-post","status-publish","format-standard","has-post-thumbnail","category-prominente","tag-afd","tag-celebrities","tag-deutschland","tag-entertainment","tag-germany","tag-landtagswahl-sachsen-anhalt","tag-maria-furtwaengler","tag-prominente","tag-rki","tag-sachsen-anhalt","tag-steve-bannon","tag-t-online","tag-unterhaltung","tag-wahlprogramm"],"share_on_mastodon":{"url":"https:\/\/pubeurope.com\/@de\/117218982392344571","error":""},"_links":{"self":[{"href":"https:\/\/www.europesays.com\/de\/wp-json\/wp\/v2\/posts\/1282442","targetHints":{"allow":["GET"]}}],"collection":[{"href":"https:\/\/www.europesays.com\/de\/wp-json\/wp\/v2\/posts"}],"about":[{"href":"https:\/\/www.europesays.com\/de\/wp-json\/wp\/v2\/types\/post"}],"author":[{"embeddable":true,"href":"https:\/\/www.europesays.com\/de\/wp-json\/wp\/v2\/users\/2"}],"replies":[{"embeddable":true,"href":"https:\/\/www.europesays.com\/de\/wp-json\/wp\/v2\/comments?post=1282442"}],"version-history":[{"count":0,"href":"https:\/\/www.europesays.com\/de\/wp-json\/wp\/v2\/posts\/1282442\/revisions"}],"wp:featuredmedia":[{"embeddable":true,"href":"https:\/\/www.europesays.com\/de\/wp-json\/wp\/v2\/media\/1282443"}],"wp:attachment":[{"href":"https:\/\/www.europesays.com\/de\/wp-json\/wp\/v2\/media?parent=1282442"}],"wp:term":[{"taxonomy":"category","embeddable":true,"href":"https:\/\/www.europesays.com\/de\/wp-json\/wp\/v2\/categories?post=1282442"},{"taxonomy":"post_tag","embeddable":true,"href":"https:\/\/www.europesays.com\/de\/wp-json\/wp\/v2\/tags?post=1282442"}],"curies":[{"name":"wp","href":"https:\/\/api.w.org\/{rel}","templated":true}]}}