{"id":1282448,"date":"2026-09-05T14:50:29","date_gmt":"2026-09-05T14:50:29","guid":{"rendered":"https:\/\/www.europesays.com\/de\/1282448\/"},"modified":"2026-09-05T14:50:29","modified_gmt":"2026-09-05T14:50:29","slug":"60-jahrestag-john-lennon-bei-dreharbeiten-in-lueneburger-heide","status":"publish","type":"post","link":"https:\/\/www.europesays.com\/de\/1282448\/","title":{"rendered":"60. Jahrestag: John Lennon bei Dreharbeiten in L\u00fcneburger Heide"},"content":{"rendered":"<p>        <img decoding=\"async\" src=\"https:\/\/www.europesays.com\/de\/wp-content\/uploads\/2026\/09\/johnlennon-108.webp\" alt=\"John Lennon lehnt mit kurzen Haaren, Nickelbrille und Soldatenuniform an einem Baumstamm.\" title=\"John Lennon lehnt mit kurzen Haaren, Nickelbrille und Soldatenuniform an einem Baumstamm. | IMAGO \/ Keystone Press\" class=\"responsive\"\/><\/p>\n<p>AUDIO: Ber\u00fchmte Drehorte in L\u00fcneburg und der L\u00fcneburger Heide (4 Min)<\/p>\n<p>\n                Stand: 05.09.2026 05:00 Uhr<\/p>\n<p class=\"preface\">Fast unbemerkt dreht John Lennon im September 1966 einen Anti-Kriegsfilm in der L\u00fcneburger Heide. Seiner Rolle als Gefreiter Gripweed verdankt der Beatle den Abschied vom Pilzkopf sowie seine legend\u00e4re Nickelbrille.<\/p>\n<p class=\"textauthor\">von Janine K\u00fchl<\/p>\n<p class=\"\">Die Beatles befinden sich 1966 auf dem H\u00f6hepunkt ihrer Karriere. Ihr Album &#8222;Revolver&#8220; erscheint, zudem touren die Pilzk\u00f6pfe um die ganze Welt: USA, Japan, die Philippinen, Deutschland. Im Rahmen der <a href=\"https:\/\/www.ndr.de\/geschichte\/chronologie\/juni-1966-die-beatles-machen-hamburg-letztmals-verrueckt,beatles350.html\" title=\"Hysterie und Randale: Letztes Konzert der Beatles in Hamburg 1966\" rel=\"nofollow noopener\" target=\"_blank\">Bravo-Beatles-Blitztournee<\/a> spielen die vier Liverpooler im Juni in M\u00fcnchen, Essen und Hamburg. Doch dort erleben die Konzertbesucherinnen und -besucher eine neue Eskalationsstufe: Wegen des lauten Gekreisches der Fans ist von der Musik kaum etwas zu h\u00f6ren. Ein Ph\u00e4nomen, dass sich weltweit zeigt und den Beatles zunehmend die Freude an Live-Auftritten nimmt.<\/p>\n<p class=\"\">Zudem sieht sich die Band in den USA Anfeindungen wegen einer Aussage von John Lennon ausgesetzt. Ohne den dazugeh\u00f6rigen Kontext wird John mit dem Satz zitiert: &#8222;More popular than Jesus&#8220; (&#8222;Die Beatles sind gr\u00f6\u00dfer als Jesus.&#8220;) Menschen protestieren, US-Radiosender im sogenannten Bible Belt boykottieren Beatles-Songs. Es gibt Drohungen gegen die Band-Mitglieder. So kommt es, dass das Konzert am 29. August in San Francisco das letzte der legend\u00e4ren Band wird.<\/p>\n<p>        <img decoding=\"async\" src=\"https:\/\/www.europesays.com\/de\/wp-content\/uploads\/2026\/05\/ardsounds-sendereihe-112.webp\" alt=\"Beatles als schwarzwei\u00dfes Cut-out vor psychedelischen blauen Wolken, dar\u00fcber ein gelbes U-Boot.\" title=\"Beatles als schwarzwei\u00dfes Cut-out vor psychedelischen blauen Wolken, dar\u00fcber ein gelbes U-Boot. | NDR | picture alliance | United Archives | Adobe Stock\" class=\"responsive\" loading=\"lazy\"\/><\/p>\n<p>1966 ist das Horrorjahr der Beatles \u2013 verbrannte Platten, Proteste, Skandale. Aber auch ein musikalisches Meisterwerk.<\/p>\n<p class=\"\">Einen weiteren Grund f\u00fcr die folgende Konzentration auf die Studioarbeit erkl\u00e4rt NDR Redakteur und Beatles-Experte Ocke Bandixen im <a href=\"https:\/\/www.ndr.de\/kultur\/help-3-6,audio-3219048.html\" title=\"Help! (3\/6)\" rel=\"nofollow noopener\" target=\"_blank\">Podcast &#8222;Being the Beatles&#8220;<\/a>: Die Musik der Liverpooler sei immer komplexer geworden und damit auf der B\u00fchne nur noch schwer zu realisieren.<\/p>\n<p>    &#8222;Help!&#8220;-Regisseur Richard Lester engagiert John Lennon<\/p>\n<p>                    <a href=\"https:\/\/www.europesays.com\/de\/wp-content\/uploads\/2026\/09\/johnlennon-110.webp\" class=\"zoomimage\" title=\"Bild vergr\u00f6\u00dfern\"><\/p>\n<p>        <img decoding=\"async\" src=\"https:\/\/www.europesays.com\/de\/wp-content\/uploads\/2026\/09\/johnlennon-110.webp\" alt=\"John Lennon schaut mit Tarnuniform und Gewehr in der Hand in die Kamera\" title=\"&quot;Wie ich den Krieg gewann&quot; bleibt der einzige Film, in dem John Lennon eine (kleine) Sprechrolle einnimmt. | IMAGO \/ United Archives\" class=\"responsive\" loading=\"lazy\"\/><\/p>\n<p>                    <\/a><\/p>\n<p>                    &#8222;Wie ich den Krieg gewann&#8220; bleibt der einzige Film, in dem John Lennon eine (kleine) Sprechrolle einnimmt.<\/p>\n<p class=\"\">Die vier Musiker brauchen etwas Abstand &#8211; vom Star-Rummel und wom\u00f6glich auch voneinander. Da kommt John Lennon einen Anfrage von Richard Lester gerade recht: Der Produzent fragt ihn, ob er in einem Anti-Kriegsfilm einen britischen Soldaten spielen m\u00f6chte. Mit Lester haben die Beatles bereits &#8222;A Hard Day&#8217;s Night&#8220; (1964) und &#8222;Help!&#8220; (1965) gedreht. Lennon sagt zu &#8211; und verbringt w\u00e4hrend der Dreharbeiten f\u00fcr &#8222;Wie ich den Krieg gewann&#8220;https:\/\/www.ndr.de\/&#8220;How I Won The War&#8220; ab dem 5. September 1966 einige Wochen in Norddeutschland.<\/p>\n<p class=\"\">In der schwarzen Anti-Kriegssatire geht es um eine tollpatschige britische Truppe im <a href=\"https:\/\/www.ndr.de\/geschichte\/chronologie\/zweiter_weltkrieg\" title=\"Zweiter Weltkrieg\" rel=\"nofollow noopener\" target=\"_blank\">Zweiten Weltkrieg<\/a>. Unter Lieutenant Goodbody (Michael Crawford) soll sie hinter den feindlichen Linien in Nordafrika ein Cricketfeld errichten. Auf satirisch-tragikomische Weise will Regisseur Richard Lester mit seinem Film die Absurdit\u00e4t des Krieges darstellen.<\/p>\n<p>    Dreharbeiten im &#8222;Heide-Hollywood&#8220; und in der L\u00fcneburger Heide<\/p>\n<p>                    <a href=\"https:\/\/www.europesays.com\/de\/wp-content\/uploads\/2026\/09\/johnlennon-104.webp\" class=\"zoomimage\" title=\"Bild vergr\u00f6\u00dfern\"><\/p>\n<p>        <img decoding=\"async\" src=\"https:\/\/www.europesays.com\/de\/wp-content\/uploads\/2026\/09\/johnlennon-104.webp\" alt=\"Zwei M\u00e4nner (rechts John Lennon als Gefreiter Gripweed) liegen auf dem Bauch und zielen mit Gewehren nach vorn (Filmaufnahme von 1966)\" title=\"Das Filmmuseum Bendestorf widmet den Dreharbeiten zu &quot;Wie ich den Krieg gewann&quot; einen eigenen Ausstellungsraum. Auch Vorf\u00fchrungen des Films fanden hier schon statt. | Imago \/ KPA\" class=\"responsive\" loading=\"lazy\"\/><\/p>\n<p>                    <\/a><\/p>\n<p>                    Das Filmmuseum Bendestorf widmet den Dreharbeiten zu &#8222;Wie ich den Krieg gewann&#8220; einen eigenen Ausstellungsraum. Auch Vorf\u00fchrungen des Films fanden hier schon statt.<\/p>\n<p class=\"\">Der Hauptteil der Dreharbeiten findet im Herbst 1966 im spanischen Almeria statt. Doch die ersten Drehtage verbringt die Filmcrew an Orten in der L\u00fcneburger Heide. An der Produktion des Films ist auch das Studio Bendestorf beteiligt, wo zun\u00e4chst einige Probeaufnahmen stattfinden. Das <a href=\"https:\/\/film-bendestorf.de\/\" title=\"Das Filmmuseum Bendestorf\" class=\"extlink-preface\" data-type=\"external\" rel=\"nofollow noopener\" target=\"_blank\">&#8222;Heide-Hollywood&#8220;<\/a> bringt sich mit Aufnahmetechnik und Kulissenbauten ein.<\/p>\n<p class=\"\">Die Aufnahmen in Norddeutschland finden bereits im September 1966 statt. Rund 14 Tage verbringt die Filmcrew in Niedersachsen &#8211; in Bendestorf, Verden an der Aller, in Celle und Ostenholz. \u00dcbernachtet wird unter anderem im Gasthof &#8222;Onkel Nickel&#8220; in Ostenholz (Heidekreis). Zahlreiche Szenen dreht Lester auf dem NATO-Truppen\u00fcbungsplatz Bergen-Hohne, aber auch in Verden\/Aller und in Achim entstehen Aufnahmen f\u00fcr die Kriegs-Parodie.<\/p>\n<p>    Der Pilzkopf muss weichen<\/p>\n<p>                    <a href=\"https:\/\/www.europesays.com\/de\/wp-content\/uploads\/2026\/09\/beatles114.webp\" class=\"zoomimage\" title=\"Bild vergr\u00f6\u00dfern\"><\/p>\n<p>        <img decoding=\"async\" src=\"https:\/\/www.europesays.com\/de\/wp-content\/uploads\/2026\/09\/beatles114.webp\" alt=\"Paul McCartney, George Harrison, John Lennon und Ringo Starr mit den Orden &quot;Member of the Order of the British Empire&quot; (Aufnahme vom 26. Oktober 1965)\" title=\"Mit der Pilzkopf-Frisur sind die Beatles um John Lennon ber\u00fchmt geworden. | dpa\/picture-alliance\" class=\"responsive\" loading=\"lazy\"\/><\/p>\n<p>                    <\/a><\/p>\n<p>                    Mit der Pilzkopf-Frisur sind die Beatles um John Lennon ber\u00fchmt geworden.<\/p>\n<p class=\"\">Seine Rolle als Gefreiter Gripweed l\u00e4utet das Ende der Pilzkopf-\u00c4ra ein: Ein Fris\u00f6r verpasst Lennon im Heidehotel Kr\u00f6pcke in Ostenholz eine soldatische Kurzhaarfrisur &#8211; die dieser im Anschluss beibeh\u00e4lt. Ein weiteres Requisit &#8211; eine kleine runde Nickelbrille, die John im Film tr\u00e4gt &#8211; nimmt der Beatle mit ins wahre Leben. Sie wird fortan zu seinem Kennzeichen.<\/p>\n<p>    Bravo verlost Lennon-Locke<\/p>\n<p class=\"\">Lennons Haare hingegen nehmen einen ganz eigenen Weg. Die ber\u00fchmt-ber\u00fcchtigte Haarpracht des Briten einfach im M\u00fcll verschwinden lassen? Der <a href=\"https:\/\/www.ndr.de\/geschichte\/schauplaetze\/Fotograf-Guenter-Zint-zu-Volljaehrigkeit-und-der-68er-Bewegung,interviewzintjugend100.html\" title=\"Fotograf G\u00fcnter Zint zu Vollj\u00e4hrigkeit und der 68er-Bewegung\" rel=\"nofollow noopener\" target=\"_blank\">Hamburger Fotograf G\u00fcnter Zint<\/a>, der bei den Dreharbeiten fotografieren darf, packt die Locken ein und kauft zudem dem Fris\u00f6r die Schere ab. Seine haarige Troph\u00e4e verkauft Zint an die <a href=\"https:\/\/www.ndr.de\/geschichte\/chronologie\/bravo-von-teenagern-geliebt-von-eltern-verpoent,bravo152.html\" title=\"Die &quot;Bravo&quot; pr\u00e4gt Generationen von Teenagern \" rel=\"nofollow noopener\" target=\"_blank\">&#8222;Bravo&#8220;<\/a> &#8211; und die startet eine hei\u00df umk\u00e4mpfte Verlosung.<\/p>\n<p>                    <a href=\"https:\/\/www.europesays.com\/de\/wp-content\/uploads\/2026\/09\/johnlennon-106.webp\" class=\"zoomimage\" title=\"Bild vergr\u00f6\u00dfern\"><\/p>\n<p>        <img decoding=\"async\" src=\"https:\/\/www.europesays.com\/de\/wp-content\/uploads\/2026\/09\/johnlennon-106.webp\" alt=\"Eine Gedenktafel auf einem Betonblick mit der Aufschrift: &quot;John Lennon. Ein Beatle in Verden&quot;\" title=\"Im nieders\u00e4chsischen Verden erinnert heute ein Denkmal an die Dreharbeiten mit John Lennon. | IMAGO \/ CHROMORANGE\" class=\"responsive\" loading=\"lazy\"\/><\/p>\n<p>                    <\/a><\/p>\n<p>                    Im nieders\u00e4chsischen Verden erinnert heute ein Denkmal an die Dreharbeiten mit John Lennon.<\/p>\n<p class=\"\">Obwohl Lennon 1966 nur wenige Stunden in Verden verbringt und sein Auftritt streng geheim gehalten wird, bekommen einige Fans Wind von der Anwesenheit ihres Idols. Annegret Landwehr erinnert sich 2024 im &#8222;Weser-Kurier&#8220; an den Tag: Mit einigen Freunden schw\u00e4nzt sie die Schule, um ein Autogramm zu ergattern. Seit 2008 gibt es am einstigen Drehort in Verden in der N\u00e4he der Aller sogar ein Denkmal. Abgebildet ist der S\u00e4nger auf einer Bronzeplatte &#8211; mit Nickelbrille, Friedenstaube und Filmrolle.<\/p>\n<p>    Lennon mit Wollunterhosen und Brille<\/p>\n<p class=\"\">Andere Auftritte des Beatles bleiben unbemerkt &#8211; wie die kurze Pressekonferenz von Richard Lester und John Lennon am 6. September in Celle. Auch die Dreharbeiten selbst finden weitestgehend unter Ausschluss der \u00d6ffentlichkeit statt. Einige wenige Zeitungsreporter d\u00fcrfen ans Set. So berichtet Dagmar Mundt am 7. September im &#8222;Hamburger Abendblatt&#8220; von waghalsigen Spr\u00fcngen des Musikers in seiner Rolle als Gefreiter Gripweed &#8211; und wollenen Unterhosen, die unter seiner zerrissenen Hose sichtbar werden.<\/p>\n<p class=\"\">Zudem schnappt sich &#8222;Abendblatt&#8220;-Reporterin Mundt in einem unbemerkten Moment Johns Nickelbrille. Dabei stellt sie fest, dass diese dicke geschliffene Gl\u00e4ser hat: Der Beatle-Star ist also tats\u00e4chlich Brillentr\u00e4ger! Doch viel mehr dringt von den Dreharbeiten auf dem Truppen\u00fcbungsplatz in Bergen-Hohne nicht an die \u00d6ffentlichkeit. In seiner kleinen Nebenrolle hat Lennon 42 kurze Szenen, in denen er h\u00f6chstens mal einen Satz sagen muss.<\/p>\n<p>        <img decoding=\"async\" src=\"https:\/\/www.europesays.com\/de\/wp-content\/uploads\/2026\/05\/podcastbild652.webp\" alt=\"Das Bild zeigt die Beatles vor rotem Hintergrund mit St. Pauli-Motiven und den Titel: &quot;Becoming the Beatles&quot;.\" title=\"Das Bild zeigt die Beatles vor rotem Hintergrund mit St. Pauli-Motiven und den Titel: &quot;Becoming the Beatles&quot;. | picture-alliance \/ dpa | Ipol\" class=\"responsive\" loading=\"lazy\"\/><\/p>\n<p>&#8222;We grew up in Hamburg&#8220;, hat John Lennon gesagt. Was ist da also auf dem Hamburger Kiez zwischen 1960 und 1962 passiert? Der Doku-Podcast begibt sich auf Spurensuche.<\/p>\n<p>    Dreharbeiten als langweiliger Zeitvertreib<\/p>\n<p>                    <a href=\"https:\/\/www.europesays.com\/de\/wp-content\/uploads\/2026\/09\/johnlennon-112.webp\" class=\"zoomimage\" title=\"Bild vergr\u00f6\u00dfern\"><\/p>\n<p>        <img decoding=\"async\" src=\"https:\/\/www.europesays.com\/de\/wp-content\/uploads\/2026\/09\/johnlennon-112.webp\" alt=\"John Lennon und Ehefrau Cynthia (l.) bei der Premiere von &quot;How I Won the War&quot; 1967 in London\" title=\"Auch bei der Londoner Premiere von &quot;How I Won the War&quot; tr\u00e4gt John Lennon (links Ehefrau Cynthia) die Nickelbrille, die er in seiner Filmrolle tragen musste. | IMAGO \/ United Archives International\" class=\"responsive\" loading=\"lazy\"\/><\/p>\n<p>                    <\/a><\/p>\n<p>                    Auch bei der Londoner Premiere von &#8222;How I Won the War&#8220; tr\u00e4gt John Lennon (links Ehefrau Cynthia) die Nickelbrille, die er in seiner Filmrolle tragen musste.<\/p>\n<p class=\"\">F\u00fcr Lennon sollen die Filmarbeiten ein Zeitvertreib sein. Doch Erf\u00fcllung findet er darin nicht, wie Interview-Aufnahmen im Podcast &#8222;Being the Beatles&#8220; zeigen: &#8222;Ich bin nach Spanien (zu Dreharbeiten in Almeria, Anm. d. Red.) gefahren, weil ich nicht wusste, was ich machen sollte. Was machst du, wenn du nicht tourst? Was machst du den ganzen Tag? Ich habe sechs Wochen lang den Film gedreht, was f\u00fcrchterlich langweilig war. Ich hatte Angst, einfach wegzugehen. Das hat sich schon irgendwie wie das Ende angef\u00fchlt.&#8220; Doch die Beatles \u00fcberstehen diese schwierige Phase und machen weiter. Erst 1970 l\u00f6st sich die Band auf.<\/p>\n<p class=\"\">&#8222;Wie ich den Krieg gewann&#8220; feiert im November 1967 Deutschland-Premiere in Hamburg. Richard Lester und auch Lennon selbst reisen aus diesem Anlass in die Hansestadt. Der Film floppt, gilt aber heute als Mutter aller Anti-Kriegsfilme. Es soll John Lennons einzige Sprechrolle in einem Film bleiben.<\/p>\n<p>        <img decoding=\"async\" src=\"https:\/\/www.europesays.com\/de\/wp-content\/uploads\/2026\/05\/ardsounds-sendereihe-112.webp\" alt=\"Beatles als schwarzwei\u00dfes Cut-out vor psychedelischen blauen Wolken, dar\u00fcber ein gelbes U-Boot.\" title=\"Beatles als schwarzwei\u00dfes Cut-out vor psychedelischen blauen Wolken, dar\u00fcber ein gelbes U-Boot. | NDR | picture alliance | United Archives | Adobe Stock\" class=\"responsive\" loading=\"lazy\"\/><\/p>\n<p>Vier Jungs aus Liverpool sprengen die Grenzen der Popmusik. Mehrmals. \u201eBeing The Beatles\u201c erz\u00e4hlt ihre Geschichte.<\/p>\n<p>        <img decoding=\"async\" src=\"https:\/\/www.europesays.com\/de\/wp-content\/uploads\/2026\/09\/johnlennon160.webp\" alt=\"Das Bild zeigt eine Szene des Spielfilms &quot;Wie ich den Krieg gewann&quot; mit John Lennon.\" title=\"Das Bild zeigt eine Szene des Spielfilms &quot;Wie ich den Krieg gewann&quot; mit John Lennon. | picture alliance \/ Everett Collection, Courtesy Everett Collection\" class=\"responsive\" loading=\"lazy\"\/><\/p>\n<p>Der Beatle wirkte 1966 beim Antikriegsfilm &#8222;Wie ich den Krieg gewann&#8220; mit. Die Dreharbeiten fanden in Norddeutschland statt.<\/p>\n<p>        <img decoding=\"async\" src=\"https:\/\/www.europesays.com\/de\/wp-content\/uploads\/2026\/06\/beatles-176.webp\" alt=\"Die Beatles in Hamburg, 26. Juni 1966, Konzert in der Ernst-Merck-Halle im Rahmen ihrer &quot;BRAVO Blitztournee&quot; durch drei deutsche St\u00e4dte. \" title=\"Die Beatles in Hamburg, 26. Juni 1966, Konzert in der Ernst-Merck-Halle im Rahmen ihrer &quot;BRAVO Blitztournee&quot; durch drei deutsche St\u00e4dte.  | picture alliance \/ Sammlung Richter | Sammlung Richter\" class=\"responsive\" loading=\"lazy\"\/><\/p>\n<p>Am 26. Juni 1966 gaben die Beatles zwei Blitzkonzerte in Hamburg. In der Stadt war bei den letzten Auftritten der &#8222;Pilzk\u00f6pfe&#8220; die H\u00f6lle los.<\/p>\n<p>        <img decoding=\"async\" src=\"https:\/\/www.europesays.com\/de\/wp-content\/uploads\/2026\/09\/beatles552.webp\" alt=\"Die Beatles besteigen am 17. Juni 1966 in Hamburg-Fuhlsb\u00fcttel ihre Maschine nach Tokio.\" title=\"Die Beatles besteigen am 17. Juni 1966 in Hamburg-Fuhlsb\u00fcttel ihre Maschine nach Tokio. | picture alliance \/ dpa, Werner Reuss\" class=\"responsive\" loading=\"lazy\"\/><\/p>\n<p>1960 stehen die Beatles erstmals auf einer Hamburger B\u00fchne, kurz darauf sind sie weltber\u00fchmt. Fotograf G\u00fcnter Zint hat sie oft begleitet.<\/p>\n<p>        <img decoding=\"async\" src=\"https:\/\/www.europesays.com\/de\/wp-content\/uploads\/2026\/05\/beatles532.webp\" alt=\"Die Beatles bei einem ihrer ersten Auftritte im Nachtclub &quot;Indra&quot; in den 1960er-Jahren\" title=\"Die Beatles bei einem ihrer ersten Auftritte im Nachtclub &quot;Indra&quot; in den 1960er-Jahren | picture alliance \/ dpa, Malte Christians\" class=\"responsive\" loading=\"lazy\"\/><\/p>\n<p>Am 17. August 1960 stehen die Beatles erstmals auf einer Hamburger B\u00fchne &#8211; im Indra. Die Liverpooler entwickeln sich auf dem Kiez zu Weltstars.<\/p>\n<p>        <img decoding=\"async\" src=\"https:\/\/www.europesays.com\/de\/wp-content\/uploads\/2026\/09\/roterosen-102.webp\" alt=\"&quot;Roten Rosen&quot;-Logo am Selfiepoint auf der Brausebr\u00fccke in der historischen Altstadt am Stint.\" title=\"&quot;Roten Rosen&quot;-Logo am Selfiepoint auf der Brausebr\u00fccke in der historischen Altstadt am Stint. | dpa, Philipp Schulze\" class=\"responsive\" loading=\"lazy\"\/><\/p>\n<p>In L\u00fcneburg f\u00fchrt ein Stadtplan an Drehorte der &#8222;Roten Rosen&#8220;. Auch andere Orte in Niedersachsen sind durch Filme und Serien bekannt geworden. <\/p>\n","protected":false},"excerpt":{"rendered":"AUDIO: Ber\u00fchmte Drehorte in L\u00fcneburg und der L\u00fcneburger Heide (4 Min) Stand: 05.09.2026 05:00 Uhr Fast unbemerkt dreht&hellip;\n","protected":false},"author":2,"featured_media":1282449,"comment_status":"","ping_status":"","sticky":false,"template":"","format":"standard","meta":{"footnotes":"","_share_on_mastodon":"0"},"categories":[1772],"tags":[264529,36496,264528,2232,29,22817,214,30,2989,264527,3528,54934,1779,810,1411,264526,5284,215,18296],"class_list":["post-1282448","post","type-post","status-publish","format-standard","has-post-thumbnail","category-musik","tag-anti-kriegsfilm","tag-beatles","tag-bendestorf","tag-celle","tag-deutschland","tag-dreharbeiten","tag-entertainment","tag-germany","tag-geschichte","tag-how-i-won-the-war","tag-john-lennon","tag-lueneburger-heide","tag-music","tag-musik","tag-niedersachsen","tag-richard-lester","tag-spielfilm","tag-unterhaltung","tag-verden"],"share_on_mastodon":{"url":"https:\/\/pubeurope.com\/@de\/117218996751057507","error":""},"_links":{"self":[{"href":"https:\/\/www.europesays.com\/de\/wp-json\/wp\/v2\/posts\/1282448","targetHints":{"allow":["GET"]}}],"collection":[{"href":"https:\/\/www.europesays.com\/de\/wp-json\/wp\/v2\/posts"}],"about":[{"href":"https:\/\/www.europesays.com\/de\/wp-json\/wp\/v2\/types\/post"}],"author":[{"embeddable":true,"href":"https:\/\/www.europesays.com\/de\/wp-json\/wp\/v2\/users\/2"}],"replies":[{"embeddable":true,"href":"https:\/\/www.europesays.com\/de\/wp-json\/wp\/v2\/comments?post=1282448"}],"version-history":[{"count":0,"href":"https:\/\/www.europesays.com\/de\/wp-json\/wp\/v2\/posts\/1282448\/revisions"}],"wp:featuredmedia":[{"embeddable":true,"href":"https:\/\/www.europesays.com\/de\/wp-json\/wp\/v2\/media\/1282449"}],"wp:attachment":[{"href":"https:\/\/www.europesays.com\/de\/wp-json\/wp\/v2\/media?parent=1282448"}],"wp:term":[{"taxonomy":"category","embeddable":true,"href":"https:\/\/www.europesays.com\/de\/wp-json\/wp\/v2\/categories?post=1282448"},{"taxonomy":"post_tag","embeddable":true,"href":"https:\/\/www.europesays.com\/de\/wp-json\/wp\/v2\/tags?post=1282448"}],"curies":[{"name":"wp","href":"https:\/\/api.w.org\/{rel}","templated":true}]}}