{"id":1282488,"date":"2026-09-05T15:13:14","date_gmt":"2026-09-05T15:13:14","guid":{"rendered":"https:\/\/www.europesays.com\/de\/1282488\/"},"modified":"2026-09-05T15:13:14","modified_gmt":"2026-09-05T15:13:14","slug":"fahrbahnwulst-sorgt-auf-karlsruher-suedtangente-fuer-sperrungen-am-5-september","status":"publish","type":"post","link":"https:\/\/www.europesays.com\/de\/1282488\/","title":{"rendered":"Fahrbahnwulst sorgt auf Karlsruher S\u00fcdtangente f\u00fcr Sperrungen am 5. September"},"content":{"rendered":"<p class=\"mb-6 text-xs-varying md:text-m lg:text-l font-serif group-[.font-sans]:font-sans \">\n    Das Tiefbauamt f\u00fchrt am Samstag, 5. September 2026, notwendige Fr\u00e4sarbeiten auf der Karlsruher S\u00fcdtangente durch. Betroffen ist die <strong class=\"font-bold\">Ausfahrt 6 am K\u00fchlen Krug in Fahrtrichtung Durlach<\/strong>. Das teilt die Stadt <a href=\"https:\/\/www.ka-news.de\/promis\/karlsruhe-kulturlandschaft-technologieregion-und-residenz-des-rechts-die-faecherstadt-im-ueberblick-art-2783253\" target=\"_self\" class=\"underline \" rel=\"nofollow noopener\">Karlsruhe<\/a> in einer Mitteilung vom 27. August mit.\n  <\/p>\n<p>            Hitze verst\u00e4rkt Stra\u00dfensch\u00e4den auf der B10<\/p>\n<p class=\"mb-6 text-xs-varying md:text-m lg:text-l font-serif group-[.font-sans]:font-sans \">\n    Grund f\u00fcr den Einsatz ist ein Fahrbahnwulst, der sich auf der rechten Seite des <strong class=\"font-bold\">rechten Fahrstreifens<\/strong> im bergab verlaufenden Streckenabschnitt kurz vor der Unterf\u00fchrung im Bereich der Abfahrt Kriegsstra\u00dfe, B10, und Zeppelinstra\u00dfe beziehungsweise Weststadt und Gr\u00fcnwinkel gebildet hat. Diese Unebenheiten sind <strong class=\"font-bold\">durch die Hitzeeinwirkung der vergangenen Wochen verst\u00e4rkt<\/strong> worden.\n  <\/p>\n<p>            Baustelle sorgt f\u00fcr kurzzeitige Einschr\u00e4nkungen im Verkehr<\/p>\n<p class=\"mb-6 text-xs-varying md:text-m lg:text-l font-serif group-[.font-sans]:font-sans \">\n    Um die Verkehrssicherheit in diesem Bereich wiederherzustellen und Gefahren f\u00fcr Autofahrer zu beseitigen, wird der Wulst am Samstagmorgen abgefr\u00e4st. Verkehrsteilnehmer m\u00fcssen w\u00e4hrend der Arbeiten im Baustellenbereich mit <strong class=\"font-bold\">kurzzeitigen Einschr\u00e4nkungen<\/strong> rechnen.\n  <\/p>\n<p class=\"mb-6 text-xs-varying md:text-m lg:text-l font-serif group-[.font-sans]:font-sans \">\n    Die Arbeiten sind witterungsabh\u00e4ngig, es kann daher zu kurzfristigen Terminverschiebungen kommen.\n  <\/p>\n","protected":false},"excerpt":{"rendered":"Das Tiefbauamt f\u00fchrt am Samstag, 5. September 2026, notwendige Fr\u00e4sarbeiten auf der Karlsruher S\u00fcdtangente durch. Betroffen ist die&hellip;\n","protected":false},"author":2,"featured_media":1282489,"comment_status":"","ping_status":"","sticky":false,"template":"","format":"standard","meta":{"footnotes":"","_share_on_mastodon":"0"},"categories":[1844],"tags":[46527,1634,3364,29,20957,264538,166323,30,11607,8903,2224,85802,31956,60189],"class_list":["post-1282488","post","type-post","status-publish","format-standard","has-post-thumbnail","category-karlsruhe","tag-b10","tag-baden-wuerttemberg","tag-de","tag-deutschland","tag-durlach","tag-fahrbahnwulst","tag-fraesarbeit","tag-germany","tag-hitze","tag-karlsruhe","tag-sperrung","tag-suedtangente","tag-tiefbauamt","tag-zeppelinstrasse"],"share_on_mastodon":{"url":"https:\/\/pubeurope.com\/@de\/117219086021181476","error":""},"_links":{"self":[{"href":"https:\/\/www.europesays.com\/de\/wp-json\/wp\/v2\/posts\/1282488","targetHints":{"allow":["GET"]}}],"collection":[{"href":"https:\/\/www.europesays.com\/de\/wp-json\/wp\/v2\/posts"}],"about":[{"href":"https:\/\/www.europesays.com\/de\/wp-json\/wp\/v2\/types\/post"}],"author":[{"embeddable":true,"href":"https:\/\/www.europesays.com\/de\/wp-json\/wp\/v2\/users\/2"}],"replies":[{"embeddable":true,"href":"https:\/\/www.europesays.com\/de\/wp-json\/wp\/v2\/comments?post=1282488"}],"version-history":[{"count":0,"href":"https:\/\/www.europesays.com\/de\/wp-json\/wp\/v2\/posts\/1282488\/revisions"}],"wp:featuredmedia":[{"embeddable":true,"href":"https:\/\/www.europesays.com\/de\/wp-json\/wp\/v2\/media\/1282489"}],"wp:attachment":[{"href":"https:\/\/www.europesays.com\/de\/wp-json\/wp\/v2\/media?parent=1282488"}],"wp:term":[{"taxonomy":"category","embeddable":true,"href":"https:\/\/www.europesays.com\/de\/wp-json\/wp\/v2\/categories?post=1282488"},{"taxonomy":"post_tag","embeddable":true,"href":"https:\/\/www.europesays.com\/de\/wp-json\/wp\/v2\/tags?post=1282488"}],"curies":[{"name":"wp","href":"https:\/\/api.w.org\/{rel}","templated":true}]}}