{"id":1282531,"date":"2026-09-05T15:41:21","date_gmt":"2026-09-05T15:41:21","guid":{"rendered":"https:\/\/www.europesays.com\/de\/1282531\/"},"modified":"2026-09-05T15:41:21","modified_gmt":"2026-09-05T15:41:21","slug":"blumen-auf-gehweg-gericht-bestaetigt-verbot-in-muelheim","status":"publish","type":"post","link":"https:\/\/www.europesays.com\/de\/1282531\/","title":{"rendered":"Blumen auf Gehweg: Gericht best\u00e4tigt Verbot in M\u00fclheim"},"content":{"rendered":"<p>Aktuelles Urteil <\/p>\n<p>Stadt verbietet Blumendeko<\/p>\n<ul class=\"grid grid-flow-col gap-4\" aria-label=\"Autorenbilder\">\n<li class=\"leading-0\"><img data-tb-author-image=\"\"  loading=\"lazy\" src=\"https:\/\/www.europesays.com\/de\/wp-content\/uploads\/2026\/06\/1782211222_339_image.jpg\" alt=\"T-Online\" title=\"T-Online\" width=\"40\" height=\"40\" class=\"\" decoding=\"async\"\/><\/li>\n<\/ul>\n<p>05.09.2026 &#8211; 10:55 UhrLesedauer: 2 Min.<\/p>\n<p><a href=\"#focus-0\" class=\"transition-colors block text-current relative\" data-sctrack=\"FocusGalleryImage.Reference\"><img fetchpriority=\"high\" data-testid=\"Opener.Image\"   loading=\"eager\" src=\"https:\/\/www.europesays.com\/de\/wp-content\/uploads\/2026\/09\/bluehende-horn-veilchen-viola-cornuta-blumen-deutschland-bluehende-horn-veilchen-viola-cornuta-blume.jpeg\" alt=\"imago images 0844887604\" title=\"imago images 0844887604\" width=\"5616\" height=\"3159\" class=\"bg-[url:var(--lqipURL)] bg-cover bg-center flex h-full w-full max-w-full\" style=\"--lqipURL:url('https:\/\/images.t-online.de\/2026\/09\/CzJKuuf7IfHI\/0x293:5616x3159\/fit-in\/150x0\/filters:blur(25)\/bluehende-horn-veilchen-viola-cornuta-blumen-deutschland-bluehende-horn-veilchen-viola-cornuta-blumen-in-einem-blumenkuebel-deutschland-license-rf-copyright-xzoonar-com-torstenxkruegerx-23547298.jpg')\" decoding=\"async\"\/><img loading=\"lazy\" src=\"https:\/\/www.t-online.de\/s\/paper\/_next\/static\/media\/zoom-in.f7dae02f.svg\" alt=\"Vergr\u00f6\u00dfern des Bildes\" title=\"Vergr\u00f6\u00dfern des Bildes\" class=\"block h-[calc(var(--height)_\/_16_*_1rem)] w-[calc(var(--width)_\/_16_*_1rem)] max-w-none absolute right-8 bottom-8 rounded-4 bg-snow p-8\" style=\"--width:32;--height:32\" decoding=\"async\"\/><\/a><\/p>\n<p>Bl\u00fchende Hornveilchen (Viola cornuta) (Symbolbild): Blumen locken Bienen und andere Insekten an. (Quelle: IMAGO\/Zoonar.com\/Torsten Kr\u00fcger\/imago)<\/p>\n<p><img loading=\"lazy\" src=\"https:\/\/www.t-online.de\/s\/paper\/_next\/static\/media\/audio-volume.6689034c.svg\" alt=\"\" title=\"\" class=\"block h-[calc(var(--height)_\/_16_*_1rem)] w-[calc(var(--width)_\/_16_*_1rem)] max-w-none group-hover:brightness-0 group-hover:invert\" style=\"--width:16;--height:16\" decoding=\"async\"\/>Vorlesen<\/p>\n<p>Aktuelle Zeit:0:00Gesamtdauer:0:00<\/p>\n<p>1x<img loading=\"lazy\" src=\"https:\/\/www.t-online.de\/s\/paper\/_next\/static\/media\/font-sizes.32942e33.svg\" alt=\"\" title=\"\" class=\"block h-[calc(var(--height)_\/_16_*_1rem)] w-[calc(var(--width)_\/_16_*_1rem)] max-w-none group-hover:hidden group-aria-expanded:hidden\" style=\"--width:16;--height:16\" decoding=\"async\"\/><img loading=\"lazy\" src=\"https:\/\/www.t-online.de\/s\/paper\/_next\/static\/media\/font-sizes-dark-mode.e382645c.svg\" alt=\"\" title=\"\" class=\"block h-[calc(var(--height)_\/_16_*_1rem)] w-[calc(var(--width)_\/_16_*_1rem)] max-w-none hidden group-hover:block group-aria-expanded:block\" style=\"--width:16;--height:16\" decoding=\"async\"\/><img loading=\"lazy\" src=\"https:\/\/www.t-online.de\/s\/paper\/_next\/static\/media\/sharing-menu-icon.1eb71368.svg\" alt=\"\" title=\"\" class=\"block h-[calc(var(--height)_\/_16_*_1rem)] w-[calc(var(--width)_\/_16_*_1rem)] max-w-none group-hover:brightness-0 group-hover:invert\" style=\"--width:16;--height:16\" decoding=\"async\"\/>Artikel teilen<\/p>\n<p class=\"font-bold text-18 leading-17 user-text-lg:text-22 user-text-xl:text-24\">Seit 20 Jahren standen die Blumenk\u00fcbel unbehelligt auf dem Gehweg. Dann forderte die Stadt ihre Entfernung \u2013 mit Erfolg.<\/p>\n<p class=\"text-18 leading-17 user-text-lg:text-22 user-text-xl:text-24\">Ein Hauseingang soll einladend und freundlich wirken. Ohne <a href=\"https:\/\/www.t-online.de\/heim-garten\/bauen\/hausbau\/id_100431158\/vorgarten-umgestalten-stellplatz-und-schottergarten-sind-verboten.html\" class=\"transition-colors cursor-pointer no-underline md:hover:text-magenta md:focus:text-magenta border-b border-solid border-current text-salemsfur md:hover:border-magenta\" data-tracking=\"{&quot;action&quot;:&quot;click&quot;,&quot;category&quot;:&quot;intextLink&quot;,&quot;label&quot;:&quot;\/heim-garten\/bauen\/hausbau\/id_100431158\/vorgarten-umgestalten-stellplatz-und-schottergarten-sind-verboten.html&quot;}\" data-sctrack=\"BodyAnchor\" rel=\"nofollow noopener\" target=\"_blank\">Vorgarten<\/a> ist dies meist schwierig, weshalb Hausbewohner gerne Pflanzenk\u00fcbel neben die Eingangst\u00fcr stellen. Doch nicht jeder freut sich \u00fcber die Bl\u00fcmchen, wie ein aktueller Fall zeigt.<\/p>\n<p>Darum ging es in dem Fall<\/p>\n<p class=\"text-18 leading-17 user-text-lg:text-22 user-text-xl:text-24\">In dem konkreten Fall hatte eine Anwohnerin in der Stadt <a href=\"https:\/\/www.t-online.de\/themen\/muelheim-an-der-ruhr\/\" class=\"transition-colors cursor-pointer no-underline md:hover:text-magenta md:focus:text-magenta border-b border-solid border-current text-salemsfur md:hover:border-magenta\" data-tracking=\"{&quot;action&quot;:&quot;click&quot;,&quot;category&quot;:&quot;intextLink&quot;,&quot;label&quot;:&quot;\/themen\/muelheim-an-der-ruhr\/&quot;}\" data-sctrack=\"BodyAnchor\" rel=\"nofollow noopener\" target=\"_blank\">M\u00fclheim an der Ruhr<\/a> Blumenk\u00fcbel vor ihr Haus auf den Gehweg gestellt. Damit wollte sie nach eigenen Angaben das Erscheinungsbild des Hauses verbessern. Doch die Ordnungsbeh\u00f6rde der Stadt st\u00f6rte sich an dieser Dekoration. Weil die Blumenk\u00fcbel die Passanten auf dem Gehweg beeintr\u00e4chtigen k\u00f6nnten, forderte sie die Frau auf, die K\u00fcbel zu entfernen. Diese wollte das nicht hinnehmen \u2013 zumal die K\u00fcbel dort seit 20 Jahren standen, ohne dass es je zu einer Beanstandung kam. Die Frau lie\u00df sich das Verbot der Stadt nicht gefallen. Sie stellte einen Eilantrag gegen die Beseitigungsverf\u00fcgung der Stadt. Der Fall landete vor dem Verwaltungsgericht <a href=\"https:\/\/duesseldorf.t-online.de\/region\/duesseldorf\/\" class=\"transition-colors cursor-pointer no-underline md:hover:text-magenta md:focus:text-magenta border-b border-solid border-current text-salemsfur md:hover:border-magenta\" data-tracking=\"{&quot;action&quot;:&quot;click&quot;,&quot;category&quot;:&quot;intextLink&quot;,&quot;label&quot;:&quot;https:\/\/duesseldorf.t-online.de\/region\/duesseldorf\/&quot;}\" data-sctrack=\"BodyAnchor\" rel=\"nofollow noopener\" target=\"_blank\">D\u00fcsseldorf<\/a>.<\/p>\n<ul class=\"text-18 leading-17 block pl-24 *:pb-16 *:before:inline-block *:before:size-8 *:before:bg-magenta *:before:mt-0 *:before:mr-12 *:before:mb-2 *:before:-ml-[20px]\">\n<li><strong class=\"font-bold\">Bu\u00dfgeld droht:<\/strong> <a href=\"https:\/\/www.t-online.de\/heim-garten\/haushaltstipps\/id_92369660\/bussgeld-durch-zu-verschenken-darf-man-sachen-vor-die-tuer-stellen-.html\" class=\"transition-colors cursor-pointer no-underline md:hover:text-magenta md:focus:text-magenta border-b border-solid border-current text-salemsfur md:hover:border-magenta\" data-tracking=\"{&quot;action&quot;:&quot;click&quot;,&quot;category&quot;:&quot;intextLink&quot;,&quot;label&quot;:&quot;\/heim-garten\/haushaltstipps\/id_92369660\/bussgeld-durch-zu-verschenken-darf-man-sachen-vor-die-tuer-stellen-.html&quot;}\" data-sctrack=\"BodyAnchor\" rel=\"nofollow noopener\" target=\"_blank\">&#8222;Zu verschenken&#8220;-Kiste ist nicht erlaubt<\/a><\/li>\n<\/ul>\n<p>So urteilten die Richter<\/p>\n<p class=\"text-18 leading-17 user-text-lg:text-22 user-text-xl:text-24\">Die dortigen Richter gaben der Stadt M\u00fclheim an der Ruhr recht (Beschluss vom 5. Juni 2026 \u2013 6 L 716\/26). Sie erkl\u00e4rten, dass es sich bei den <a href=\"https:\/\/www.t-online.de\/heim-garten\/garten\/id_62759920\/kalk-ablagerungen-an-blumentoepfen-entfernen-diese-hausmittel-helfen.html\" class=\"transition-colors cursor-pointer no-underline md:hover:text-magenta md:focus:text-magenta border-b border-solid border-current text-salemsfur md:hover:border-magenta\" data-tracking=\"{&quot;action&quot;:&quot;click&quot;,&quot;category&quot;:&quot;intextLink&quot;,&quot;label&quot;:&quot;\/heim-garten\/garten\/id_62759920\/kalk-ablagerungen-an-blumentoepfen-entfernen-diese-hausmittel-helfen.html&quot;}\" data-sctrack=\"BodyAnchor\" rel=\"nofollow noopener\" target=\"_blank\">Blumenk\u00fcbeln<\/a> um eine Sondernutzung handelt, die erlaubnispflichtig ist. Der Grund: Bei einer Stra\u00dfe handelt es sich um einen Ort, der dem Gemeingebrauch dient \u2013 auf ihr werde gelaufen oder gefahren, kommuniziert oder Kontakt mit anderen aufgenommen, hei\u00dft es. Zwar d\u00fcrfen Anwohner an Gehwegen diesen f\u00fcr bestimmte Zwecke kurzzeitig auch anders nutzen, aber das dauerhafte Aufstellen von Blumenk\u00fcbeln oder Blumenschmuck allgemein fiele nicht hierunter, so die Richter. Um welche Ausnahmen es sich handelt, teilten die Richter nicht mit.<\/p>\n<p class=\"text-18 leading-17 user-text-lg:text-22 user-text-xl:text-24\">Das Argument, dass die K\u00fcbel bereits seit 20 Jahren auf dem <a href=\"https:\/\/www.t-online.de\/mobilitaet\/recht-und-verkehr\/id_75179200\/gehwegparken-diese-bussgelder-drohen-bei-falscher-parkplatzwahl.html\" class=\"transition-colors cursor-pointer no-underline md:hover:text-magenta md:focus:text-magenta border-b border-solid border-current text-salemsfur md:hover:border-magenta\" data-tracking=\"{&quot;action&quot;:&quot;click&quot;,&quot;category&quot;:&quot;intextLink&quot;,&quot;label&quot;:&quot;\/mobilitaet\/recht-und-verkehr\/id_75179200\/gehwegparken-diese-bussgelder-drohen-bei-falscher-parkplatzwahl.html&quot;}\" data-sctrack=\"BodyAnchor\" rel=\"nofollow noopener\" target=\"_blank\">Gehweg<\/a> gestanden haben, lie\u00dfen die Richter nicht gelten. Schlie\u00dflich fehlte von vorneherein die entsprechende Genehmigung (&#8222;formelle Illegalit\u00e4t&#8220;).<\/p>\n<p class=\"text-18 leading-17 user-text-lg:text-22 user-text-xl:text-24\">Das Gericht erkl\u00e4rte, dass die Blumenk\u00fcbel die Sicherheit und Leichtigkeit des Verkehrs auf dem Gehweg gef\u00e4hrden. Fu\u00dfg\u00e4nger k\u00f6nnten diesen Verkehrsraum aufgrund der Barriere nicht mehr ungehindert nutzen. Vor allem f\u00fcr Menschen mit Sehbehinderung stelle dies eine potenzielle Gefahr dar. Nur weil gegebenenfalls bislang nichts passiert sei, hei\u00dfe das nicht, dass auch in Zukunft nichts passiere, so die Richter. Die Klage wurde abgewiesen.<\/p>\n<p>Anwohnerin legte Beschwerde ein<\/p>\n<p class=\"text-18 leading-17 user-text-lg:text-22 user-text-xl:text-24\">Da die Anwohnerin dies nicht hinnehmen wollte, legte sie Beschwerde vor dem Oberverwaltungsgericht <a href=\"https:\/\/muenster.t-online.de\/region\/muenster\/\" class=\"transition-colors cursor-pointer no-underline md:hover:text-magenta md:focus:text-magenta border-b border-solid border-current text-salemsfur md:hover:border-magenta\" data-tracking=\"{&quot;action&quot;:&quot;click&quot;,&quot;category&quot;:&quot;intextLink&quot;,&quot;label&quot;:&quot;https:\/\/muenster.t-online.de\/region\/muenster\/&quot;}\" data-sctrack=\"BodyAnchor\" rel=\"nofollow noopener\" target=\"_blank\">M\u00fcnster<\/a> ein. Doch auch hier blieb die Betroffene erfolglos. Das Gericht betonte ebenfalls, die Blumendeko m\u00fcsse zur Wahrung der Sicherheit und Leichtigkeit des Verkehrs weichen. (Beschluss vom 4. September 2026 \u2013 11 B 658\/26). Der Beschluss ist nicht anfechtbar.<\/p>\n","protected":false},"excerpt":{"rendered":"Aktuelles Urteil Stadt verbietet Blumendeko 05.09.2026 &#8211; 10:55 UhrLesedauer: 2 Min. Bl\u00fchende Hornveilchen (Viola cornuta) (Symbolbild): Blumen locken&hellip;\n","protected":false},"author":2,"featured_media":1282532,"comment_status":"","ping_status":"","sticky":false,"template":"","format":"standard","meta":{"footnotes":"","_share_on_mastodon":"0"},"categories":[1838],"tags":[8769,153342,177315,213459,3364,29,3715,3405,264542,30,264541,4985,1209,56010],"class_list":["post-1282531","post","type-post","status-publish","format-standard","has-post-thumbnail","category-duisburg","tag-verwaltungsgericht","tag-153342","tag-blumenkuebel","tag-blumentopf","tag-de","tag-deutschland","tag-duisburg","tag-duesseldorf","tag-gartendekoration","tag-germany","tag-hornveilchen","tag-muelheim-an-der-ruhr","tag-nordrhein-westfalen","tag-urteilsspruch"],"share_on_mastodon":{"url":"https:\/\/pubeurope.com\/@de\/117219199552464272","error":""},"_links":{"self":[{"href":"https:\/\/www.europesays.com\/de\/wp-json\/wp\/v2\/posts\/1282531","targetHints":{"allow":["GET"]}}],"collection":[{"href":"https:\/\/www.europesays.com\/de\/wp-json\/wp\/v2\/posts"}],"about":[{"href":"https:\/\/www.europesays.com\/de\/wp-json\/wp\/v2\/types\/post"}],"author":[{"embeddable":true,"href":"https:\/\/www.europesays.com\/de\/wp-json\/wp\/v2\/users\/2"}],"replies":[{"embeddable":true,"href":"https:\/\/www.europesays.com\/de\/wp-json\/wp\/v2\/comments?post=1282531"}],"version-history":[{"count":0,"href":"https:\/\/www.europesays.com\/de\/wp-json\/wp\/v2\/posts\/1282531\/revisions"}],"wp:featuredmedia":[{"embeddable":true,"href":"https:\/\/www.europesays.com\/de\/wp-json\/wp\/v2\/media\/1282532"}],"wp:attachment":[{"href":"https:\/\/www.europesays.com\/de\/wp-json\/wp\/v2\/media?parent=1282531"}],"wp:term":[{"taxonomy":"category","embeddable":true,"href":"https:\/\/www.europesays.com\/de\/wp-json\/wp\/v2\/categories?post=1282531"},{"taxonomy":"post_tag","embeddable":true,"href":"https:\/\/www.europesays.com\/de\/wp-json\/wp\/v2\/tags?post=1282531"}],"curies":[{"name":"wp","href":"https:\/\/api.w.org\/{rel}","templated":true}]}}