{"id":1282566,"date":"2026-09-05T16:05:15","date_gmt":"2026-09-05T16:05:15","guid":{"rendered":"https:\/\/www.europesays.com\/de\/1282566\/"},"modified":"2026-09-05T16:05:15","modified_gmt":"2026-09-05T16:05:15","slug":"es-waren-schlaflose-naechte-zu-hause-star-des-vfb-stuttgart-rechnet-wegen-transfer-luege-ab","status":"publish","type":"post","link":"https:\/\/www.europesays.com\/de\/1282566\/","title":{"rendered":"&#8222;Es waren schlaflose N\u00e4chte zu Hause&#8220;: Star des VfB Stuttgart rechnet wegen Transfer-L\u00fcge ab"},"content":{"rendered":"<p>Ermedin Demirovic war Dauerthema w\u00e4hrend der zur\u00fcckliegenden Sommertransferperiode. Nach dem Sieg des VfB Stuttgart gegen den 1. FC K\u00f6ln am Freitagabend r\u00e4umte der Bosnier mit einer &#8222;L\u00fcge&#8220; auf.<\/p>\n<p>&#8222;Ich habe mir vorgenommen, wieder Respekt auf meinen Namen zu bekommen. Das war zuletzt schon sehr viel, viel Gerede&#8220;, sagte Demirovic. &#8222;Es hie\u00df, ich sei ein Verkaufskandidat. Jetzt konnte ich zeigen, dass ich hier bin. Und nicht ein Spieler, der keinen Verein findet.&#8220;<\/p>\n<p>Im Sommer gab es Berichte, wonach Demirovic beim VfB zum Verkauf stehe. Der 28-J\u00e4hrige sei bei entsprechenden Angeboten abk\u00f6mmlich, und Trainer Sebastian Hoene\u00df sei mit seinem Transfer einverstanden, wurde kolportiert.<\/p>\n<p><a href=\"https:\/\/www.spox.com\/fussball\/news\/geruechte-voellig-unbegruendet-tuerkischer-topklub-wegen-angeblichem-interesse-an-ermedin-demirovic-vom-vfb-stuttgart-sauer\/blt296fcffe9faeb1cf\" rel=\"nofollow noopener\" target=\"_blank\" data-affiliate-type=\"NONE\">Einer solchen Darstellung widersprach Hoene\u00df im Juli bereits vehement. Der 44-J\u00e4hrige zeigte sich &#8222;irritiert und ehrlich gesagt ver\u00e4rgert<\/a> \u00fcber einiges, was da geschrieben wurde&#8220;. Zudem bekannte er sich klar zu Demirovic: &#8222;Mein Ziel ist, immer die besten Spieler beim VfB zu haben und Medo ist einer unserer besten Spieler.&#8220;<\/p>\n<p>Demirovic bereiteten derartige Berichte und Spekulationen um seine Person &#8222;schlaflose N\u00e4chte&#8220;, wie er Freitagabend zugab. &#8222;Schon im Trainingslager wurde eine L\u00fcge verbreitet, dass der Trainer mich verkaufen m\u00f6chte. Das haben wir schnell gekl\u00e4rt.&#8220;<\/p>\n<p>Demirovic gew\u00e4hrt Einblicke: &#8222;Bin ich so unerw\u00fcnscht?&#8220;<\/p>\n<p>Dennoch habe er sich selbst hinterfragt, weil die Spekulationen trotz der Klarstellung durch Hoene\u00df und seines klaren Bekenntnisses zum VfB nicht aufh\u00f6rten. &#8222;Irgendwann kommt man in eine Phase, in der man sich fragt: &#8218;Muss man sich tats\u00e4chlich umschauen? Bin ich so unerw\u00fcnscht?'&#8220;, gab Demirovic Einblicke in seine Gef\u00fchlslage noch vor wenigen Wochen.<\/p>\n<p>Galatasaray soll gro\u00dfes Interesse am bulligen Angreifer gehabt haben, doch ein Wechsel war eigentlich kein Thema. &#8222;Momentan gibt es nicht viel Besseres drau\u00dfen&#8220;, sagt Demirovic. &#8222;Der Trainer hat mir in Gespr\u00e4chen das Gef\u00fchl von Wichtigkeit gegeben. Und dann habe ich dem Trainer keine andere Wahl gelassen und gesagt, dass ich beim VfB bleibe.&#8220;<\/p>\n<p>Beim Heimsieg gegen K\u00f6ln Demirovic zur 70. Minute f\u00fcr Deniz Undav eingewechselt und erzielte f\u00fcnf Minuten sp\u00e4ter das entscheidende 3:0 gegen in der zweiten Halbzeit gef\u00e4hrliche G\u00e4ste. Am <a href=\"https:\/\/www.spox.com\/fussball\/news\/phasenweise-furios-vfb-stuttgart-findet-passende-antwort-nach-abreibung-beim-fc-bayern\/blt0652e6ab413a5969\" rel=\"nofollow noopener\" target=\"_blank\" data-affiliate-type=\"NONE\">Ende siegten die Stuttgarter 4:1 (1:0) und rehabilitierten sich damit f\u00fcr die 1:5-Auftaktpleite beim FC Bayern<\/a>. <\/p>\n","protected":false},"excerpt":{"rendered":"Ermedin Demirovic war Dauerthema w\u00e4hrend der zur\u00fcckliegenden Sommertransferperiode. Nach dem Sieg des VfB Stuttgart gegen den 1. FC&hellip;\n","protected":false},"author":2,"featured_media":1282567,"comment_status":"","ping_status":"","sticky":false,"template":"","format":"standard","meta":{"footnotes":"","_share_on_mastodon":"0"},"categories":[1830],"tags":[623,1634,299,3364,29,25656,347,30,4604,1441,2915,264547,179496],"class_list":["post-1282566","post","type-post","status-publish","format-standard","has-post-thumbnail","category-stuttgart","tag-1-fc-koeln","tag-baden-wuerttemberg","tag-bundesliga","tag-de","tag-deutschland","tag-fc-koeln","tag-fussball","tag-germany","tag-soccer","tag-stuttgart","tag-vfb-stuttgart","tag-vfb-stuttgart-vs-1-fc-koeln","tag-vfb-stuttgart-vs-fc-koeln"],"share_on_mastodon":{"url":"https:\/\/pubeurope.com\/@de\/117219290513182871","error":""},"_links":{"self":[{"href":"https:\/\/www.europesays.com\/de\/wp-json\/wp\/v2\/posts\/1282566","targetHints":{"allow":["GET"]}}],"collection":[{"href":"https:\/\/www.europesays.com\/de\/wp-json\/wp\/v2\/posts"}],"about":[{"href":"https:\/\/www.europesays.com\/de\/wp-json\/wp\/v2\/types\/post"}],"author":[{"embeddable":true,"href":"https:\/\/www.europesays.com\/de\/wp-json\/wp\/v2\/users\/2"}],"replies":[{"embeddable":true,"href":"https:\/\/www.europesays.com\/de\/wp-json\/wp\/v2\/comments?post=1282566"}],"version-history":[{"count":0,"href":"https:\/\/www.europesays.com\/de\/wp-json\/wp\/v2\/posts\/1282566\/revisions"}],"wp:featuredmedia":[{"embeddable":true,"href":"https:\/\/www.europesays.com\/de\/wp-json\/wp\/v2\/media\/1282567"}],"wp:attachment":[{"href":"https:\/\/www.europesays.com\/de\/wp-json\/wp\/v2\/media?parent=1282566"}],"wp:term":[{"taxonomy":"category","embeddable":true,"href":"https:\/\/www.europesays.com\/de\/wp-json\/wp\/v2\/categories?post=1282566"},{"taxonomy":"post_tag","embeddable":true,"href":"https:\/\/www.europesays.com\/de\/wp-json\/wp\/v2\/tags?post=1282566"}],"curies":[{"name":"wp","href":"https:\/\/api.w.org\/{rel}","templated":true}]}}