{"id":1282595,"date":"2026-09-05T16:22:18","date_gmt":"2026-09-05T16:22:18","guid":{"rendered":"https:\/\/www.europesays.com\/de\/1282595\/"},"modified":"2026-09-05T16:22:18","modified_gmt":"2026-09-05T16:22:18","slug":"nach-jahrelangem-erbstreit-nachlass-von-heinz-erhardt-kommt-ins-haus-der-geschichte","status":"publish","type":"post","link":"https:\/\/www.europesays.com\/de\/1282595\/","title":{"rendered":"Nach jahrelangem Erbstreit: Nachlass von Heinz Erhardt kommt ins Haus der Geschichte"},"content":{"rendered":"<p>Nach jahrelangem ErbstreitNachlass von Heinz Erhardt kommt ins Haus der Geschichte<\/p>\n<p>05.09.2026, 17:11 Uhr <\/p>\n<p>Artikel anh\u00f6ren(02:45 min)<\/p>\n<p><img decoding=\"async\" class=\"Image_img__fQCi0 Image_Img_16_9__4BLfH widget-picture-inline_maximizable__t_E7h\" loading=\"eager\" fetchpriority=\"high\" src=\"https:\/\/www.europesays.com\/de\/wp-content\/uploads\/2026\/09\/613653101.webp\" alt=\"613653101\"\/>Das Herzst\u00fcck der Sammlung sind 19 Tageb\u00fccher, die Erhardt seit den Vierzigerjahren f\u00fcllte. (Foto: picture alliance \/ Sammlung Richter)<\/p>\n<p class=\"Typography_text-m__XI0da Typography_weight-bold__uT6mq storyline_lead_text_leadtext__q_wg8\">Vor fast 50 Jahren stirbt Heinz Erhardt. Doch die Erben streiten jahrelang um seinen Nachlass. Jetzt k\u00f6nnen die Aufzeichnungen des Komikers ins Haus der Geschichte umziehen und werden dort der \u00d6ffentlichkeit zug\u00e4nglich gemacht.<\/p>\n<p class=\"Typography_text-default__P3otY Typography_weight-normal__pqUbH storyline_paragraph_p__qSR5N\">Der Nachlass von Heinz Erhardt zieht um &#8211; 47 Jahre nach dem Tod des Komikers. Darunter sind Briefe an seine Frau, Fotos und seine Schreibmaschine. Die Objekte gehen als Dauerleihgabe ans Haus der Geschichte Bonn, berichtet der &#8222;Spiegel&#8220;.<\/p>\n<p class=\"Typography_text-default__P3otY Typography_weight-normal__pqUbH storyline_paragraph_p__qSR5N\">Bislang war der Nachlass in einem Keller in Hamburg eingelagert. In dem Haus lebt bis heute eine Tochter Erhardts. M\u00f6glich ist die \u00dcberf\u00fchrung, nachdem Erhardts Erben einen jahrelangen Streit beigelegt haben.<\/p>\n<p class=\"Typography_text-default__P3otY Typography_weight-normal__pqUbH storyline_paragraph_p__qSR5N\">Das Herzst\u00fcck der Sammlung sind 19 Tageb\u00fccher, die Erhardt seit den Vierzigerjahren f\u00fcllte. Die meisten Notizen drehen sich um seinen Beruf. So regte es ihn auf, wenn Journalisten sich nicht merken konnten, dass er &#8222;Erhardt&#8220; hie\u00df und nicht etwa &#8222;Ehrhardt&#8220;: &#8222;Warum wird mein Name oft falsch geschrieben oder gedruckt? Bei ausl\u00e4ndischen und komplizierten Namen gibt man sich gro\u00dfe M\u00fche &#8211; aber mit dem schlichten deutschen nicht! (10.6.70)&#8220;. Die Ank\u00fcndigung eines Kinofilms mit ihm mit dem Arbeitstitel &#8222;Onkel Heinz, die Nervens\u00e4ge&#8220; kommentierte er: &#8222;Der Titel ist Schei\u00dfe!&#8220;<\/p>\n<p>Erhardt hatte &#8222;panische Angst&#8220;<\/p>\n<p class=\"Typography_text-default__P3otY Typography_weight-normal__pqUbH storyline_paragraph_p__qSR5N\">Erhardt sei ein Workaholic gewesen, sagt seine Enkelin Nicola Tyzskiewicz dem &#8222;Spiegel&#8220;. &#8222;Er hatte panische Angst, nach seinem Tod vergessen zu werden. Dagegen hat er angearbeitet, ohne R\u00fccksicht auf seine Gesundheit.&#8220; Heute sehe sie das als ihre Aufgabe.<\/p>\n<p class=\"Typography_text-default__P3otY Typography_weight-normal__pqUbH storyline_paragraph_p__qSR5N\">Manfred Wichmann, Sammlungsdirektor im Haus der Geschichte, sagt: &#8222;Normalerweise nehmen wir keine Nachl\u00e4sse an.&#8220; Doch Erhardt stehe &#8222;wie wenige andere Humoristen f\u00fcr einen \u00fcbergreifenden Zeitraum in der deutschen Geschichte&#8220;. Der Witz in Erhardts Filmen beruhe &#8222;auf einer genauen Beobachtung der damaligen Sittenbilder&#8220;. Erhardt helfe, jene Zeit zu verstehen, aber er sei auch &#8222;genuin witzig&#8220;.<\/p>\n<p class=\"Typography_text-default__P3otY Typography_weight-normal__pqUbH storyline_paragraph_p__qSR5N\">In Bonn werden die Objekte in den kommenden Monaten gelesen, vermessen, fotografiert, digitalisiert und katalogisiert. 2029 k\u00f6nnten sie der \u00d6ffentlichkeit pr\u00e4sentiert werden. Dann ist Erhardt 50 Jahre tot &#8211; und w\u00e4re 120 Jahre alt geworden.<\/p>\n<p class=\"Typography_text-s__wu_cm Typography_weight-normal__pqUbH Typography_color-darkgrey__sZEnP article-detail-footer_source__KslPc\">Quelle: ntv.de, lme<\/p>\n","protected":false},"excerpt":{"rendered":"Nach jahrelangem ErbstreitNachlass von Heinz Erhardt kommt ins Haus der Geschichte 05.09.2026, 17:11 Uhr Artikel anh\u00f6ren(02:45 min) Das&hellip;\n","protected":false},"author":2,"featured_media":1282596,"comment_status":"","ping_status":"","sticky":false,"template":"","format":"standard","meta":{"footnotes":"","_share_on_mastodon":"0"},"categories":[1776],"tags":[2704,1801,29,214,16834,92,30,1802,215],"class_list":["post-1282595","post","type-post","status-publish","format-standard","has-post-thumbnail","category-prominente","tag-ausstellungen","tag-celebrities","tag-deutschland","tag-entertainment","tag-erbschaften","tag-film","tag-germany","tag-prominente","tag-unterhaltung"],"share_on_mastodon":{"url":"","error":""},"_links":{"self":[{"href":"https:\/\/www.europesays.com\/de\/wp-json\/wp\/v2\/posts\/1282595","targetHints":{"allow":["GET"]}}],"collection":[{"href":"https:\/\/www.europesays.com\/de\/wp-json\/wp\/v2\/posts"}],"about":[{"href":"https:\/\/www.europesays.com\/de\/wp-json\/wp\/v2\/types\/post"}],"author":[{"embeddable":true,"href":"https:\/\/www.europesays.com\/de\/wp-json\/wp\/v2\/users\/2"}],"replies":[{"embeddable":true,"href":"https:\/\/www.europesays.com\/de\/wp-json\/wp\/v2\/comments?post=1282595"}],"version-history":[{"count":0,"href":"https:\/\/www.europesays.com\/de\/wp-json\/wp\/v2\/posts\/1282595\/revisions"}],"wp:featuredmedia":[{"embeddable":true,"href":"https:\/\/www.europesays.com\/de\/wp-json\/wp\/v2\/media\/1282596"}],"wp:attachment":[{"href":"https:\/\/www.europesays.com\/de\/wp-json\/wp\/v2\/media?parent=1282595"}],"wp:term":[{"taxonomy":"category","embeddable":true,"href":"https:\/\/www.europesays.com\/de\/wp-json\/wp\/v2\/categories?post=1282595"},{"taxonomy":"post_tag","embeddable":true,"href":"https:\/\/www.europesays.com\/de\/wp-json\/wp\/v2\/tags?post=1282595"}],"curies":[{"name":"wp","href":"https:\/\/api.w.org\/{rel}","templated":true}]}}