{"id":1282599,"date":"2026-09-05T16:26:21","date_gmt":"2026-09-05T16:26:21","guid":{"rendered":"https:\/\/www.europesays.com\/de\/1282599\/"},"modified":"2026-09-05T16:26:21","modified_gmt":"2026-09-05T16:26:21","slug":"tatort-am-sonntag-ard-krimi-beginnt-in-saarbruecken-und-fuehrt-ueber-grenze-2","status":"publish","type":"post","link":"https:\/\/www.europesays.com\/de\/1282599\/","title":{"rendered":"&#8222;Tatort&#8220; am Sonntag: ARD-Krimi beginnt in Saarbr\u00fccken und f\u00fchrt \u00fcber Grenze"},"content":{"rendered":"<p>ARD-Krimi <\/p>\n<p>&#8222;Tatort&#8220; am Sonntag: Grenz\u00fcberschreitende Ermittlungen<\/p>\n<p>Aktualisiert am 05.09.2026 &#8211; 16:08 UhrLesedauer: 2 Min.<\/p>\n<p><a href=\"#focus-0\" class=\"transition-colors block text-current relative\" data-sctrack=\"FocusGalleryImage.Reference\"><img fetchpriority=\"high\" data-testid=\"Opener.Image\"   loading=\"eager\" src=\"https:\/\/www.europesays.com\/de\/wp-content\/uploads\/2026\/09\/1788619757_718_image.jpg\" alt=\"3_Tatort_Das_Boese_in_Dir\" title=\"3_Tatort_Das_Boese_in_Dir\" width=\"4000\" height=\"2250\" class=\"bg-[url:var(--lqipURL)] bg-cover bg-center flex h-full w-full max-w-full\" style=\"--lqipURL:url('https:\/\/images.t-online.de\/2026\/02\/5thKvGVPSLg2\/0x33:4000x2250\/fit-in\/150x0\/filters:blur(25)\/image.jpg')\" decoding=\"async\"\/><img loading=\"lazy\" src=\"https:\/\/www.t-online.de\/s\/paper\/_next\/static\/media\/zoom-in.f7dae02f.svg\" alt=\"Vergr\u00f6\u00dfern des Bildes\" title=\"Vergr\u00f6\u00dfern des Bildes\" class=\"block h-[calc(var(--height)_\/_16_*_1rem)] w-[calc(var(--width)_\/_16_*_1rem)] max-w-none absolute right-8 bottom-8 rounded-4 bg-snow p-8\" style=\"--width:32;--height:32\" decoding=\"async\"\/><\/a><\/p>\n<p>Die Kommissare Sch\u00fcrk, H\u00f6lzer, Baumann und Heinrich vom &#8222;Tatort&#8220; aus Saarbr\u00fccken. (Quelle: \u00a9 SR\/Manuela Meyer, honorarfrei )<\/p>\n<p><img loading=\"lazy\" src=\"https:\/\/www.t-online.de\/s\/paper\/_next\/static\/media\/audio-volume.6689034c.svg\" alt=\"\" title=\"\" class=\"block h-[calc(var(--height)_\/_16_*_1rem)] w-[calc(var(--width)_\/_16_*_1rem)] max-w-none group-hover:brightness-0 group-hover:invert\" style=\"--width:16;--height:16\" decoding=\"async\"\/>Vorlesen<\/p>\n<p>Aktuelle Zeit:0:00Gesamtdauer:0:00<\/p>\n<p>1x<img loading=\"lazy\" src=\"https:\/\/www.t-online.de\/s\/paper\/_next\/static\/media\/font-sizes.32942e33.svg\" alt=\"\" title=\"\" class=\"block h-[calc(var(--height)_\/_16_*_1rem)] w-[calc(var(--width)_\/_16_*_1rem)] max-w-none group-hover:hidden group-aria-expanded:hidden\" style=\"--width:16;--height:16\" decoding=\"async\"\/><img loading=\"lazy\" src=\"https:\/\/www.t-online.de\/s\/paper\/_next\/static\/media\/font-sizes-dark-mode.e382645c.svg\" alt=\"\" title=\"\" class=\"block h-[calc(var(--height)_\/_16_*_1rem)] w-[calc(var(--width)_\/_16_*_1rem)] max-w-none hidden group-hover:block group-aria-expanded:block\" style=\"--width:16;--height:16\" decoding=\"async\"\/><img loading=\"lazy\" src=\"https:\/\/www.t-online.de\/s\/paper\/_next\/static\/media\/sharing-menu-icon.1eb71368.svg\" alt=\"\" title=\"\" class=\"block h-[calc(var(--height)_\/_16_*_1rem)] w-[calc(var(--width)_\/_16_*_1rem)] max-w-none group-hover:brightness-0 group-hover:invert\" style=\"--width:16;--height:16\" decoding=\"async\"\/>Artikel teilen<\/p>\n<p class=\"font-bold text-18 leading-17 user-text-lg:text-22 user-text-xl:text-24\">Der Sonntagabend ist f\u00fcr viele Menschen in Deutschland verplant \u2013 f\u00fcr den ARD-Krimi. Die &#8222;Tatort&#8220;-Folge diesen Sonntag f\u00fchrt nach Saarbr\u00fccken.<\/p>\n<p class=\"text-18 leading-17 user-text-lg:text-22 user-text-xl:text-24\">Sonntag, 20.15 Uhr \u2013 dieser Termin ist seit Jahrzehnten gesetzt: Dann beginnt im Ersten entweder der &#8222;Tatort&#8220; oder ein neuer &#8222;Polizeiruf 110&#8220;. Seit 1970 verfolgen Millionen Menschen regelm\u00e4\u00dfig neue Kriminalf\u00e4lle aus deutschen, \u00f6sterreichischen und Schweizer St\u00e4dten. Verschiedene Ermittlerteams kl\u00e4ren in 90 Minuten Mordf\u00e4lle auf: ein deutsches Erfolgsrezept.<\/p>\n<p>Dieses Kommissare ermitteln in &#8222;Das Ende der Nacht&#8220;<\/p>\n<p class=\"text-18 leading-17 user-text-lg:text-22 user-text-xl:text-24\"><strong class=\"font-bold\">Sonntag, 6. September 2026, um 20.20 Uhr<\/strong> zeigt die <a href=\"https:\/\/www.t-online.de\/themen\/ard\/\" class=\"transition-colors cursor-pointer no-underline md:hover:text-magenta md:focus:text-magenta border-b border-solid border-current text-salemsfur md:hover:border-magenta\" data-tracking=\"{&quot;action&quot;:&quot;click&quot;,&quot;category&quot;:&quot;intextLink&quot;,&quot;label&quot;:&quot;\/themen\/ard\/&quot;}\" data-sctrack=\"BodyAnchor\" rel=\"nofollow noopener\" target=\"_blank\">ARD<\/a> den &#8222;Tatort&#8220; aus Saarbr\u00fccken. Die Kollegen Adam Sch\u00fcrk (Daniel Str\u00e4\u00dfer), Leo H\u00f6lzer (Vladimir Burlakov), Esther Baumann (Brigitte Urhausen) und Pia Heinrich (Ines Marie Westernstr\u00f6er) ermitteln im Fall von 2025 mit dem Titel &#8222;Das Ende der Nacht&#8220;.<\/p>\n<p>Darum geht es im &#8222;Tatort&#8220; aus Saarbr\u00fccken<\/p>\n<p class=\"text-18 leading-17 user-text-lg:text-22 user-text-xl:text-24\">Dieser Fall beginnt mit einem Knall: Mitten in der Nacht h\u00f6rt Saarbr\u00fccken zwei Explosionen, die einem Geldtransporter gelten und einen Fahrer tot, den anderen verletzt zur\u00fccklassen. Die Polizei ist sofort zur Stelle und leitet die Ermittlungen ein, aber au\u00dfer dem zweifelhaften Bericht des \u00fcberlebenden Fahrers, der eine Verbindung nach <a href=\"https:\/\/www.t-online.de\/themen\/frankreich\/\" class=\"transition-colors cursor-pointer no-underline md:hover:text-magenta md:focus:text-magenta border-b border-solid border-current text-salemsfur md:hover:border-magenta\" data-tracking=\"{&quot;action&quot;:&quot;click&quot;,&quot;category&quot;:&quot;intextLink&quot;,&quot;label&quot;:&quot;\/themen\/frankreich\/&quot;}\" data-sctrack=\"BodyAnchor\" rel=\"nofollow noopener\" target=\"_blank\">Frankreich<\/a> nahelegt, gibt es wenige Hinweise.<\/p>\n<p class=\"text-18 leading-17 user-text-lg:text-22 user-text-xl:text-24\">Entgegen ihrer Erwartungen, entpuppt sich Frankreich aber keineswegs als totes Ende. Bald sind die Ermittler einem ber\u00fcchtigten Verbrecherehepaar auf der Spur, welches zuletzt f\u00fcr Verbrechen in Lyon verantwortlich waren und nun wieder in Frankreich sein sollen. Dass deren Tochter in Saarbr\u00fccken wohnt, nutzen die Ermittler aus und geraten dabei selbst in Gefahr.<\/p>\n<p>Kommende &#8222;Tatort&#8220; und &#8222;Polizeiruf 110&#8220;-Termine im \u00dcberblick<\/p>\n<p class=\"text-18 leading-17 user-text-lg:text-22 user-text-xl:text-24\">Die kommenden Sendetermine sind wie folgt geplant:<\/p>\n<ul class=\"text-18 leading-17 block pl-24 *:pb-16 *:before:inline-block *:before:size-8 *:before:bg-magenta *:before:mt-0 *:before:mr-12 *:before:mb-2 *:before:-ml-[20px]\">\n<li><strong class=\"font-bold\">&#8222;Tatort&#8220; aus <a href=\"https:\/\/hannover.t-online.de\/region\/hannover\/\" class=\"transition-colors cursor-pointer no-underline md:hover:text-magenta md:focus:text-magenta border-b border-solid border-current text-salemsfur md:hover:border-magenta\" data-tracking=\"{&quot;action&quot;:&quot;click&quot;,&quot;category&quot;:&quot;intextLink&quot;,&quot;label&quot;:&quot;https:\/\/hannover.t-online.de\/region\/hannover\/&quot;}\" data-sctrack=\"BodyAnchor\" rel=\"nofollow noopener\" target=\"_blank\">Hannover<\/a> (2026)<\/strong>: &#8222;K\u00f6nig in Gelb&#8220; \u2013 Sonntag, 13. September, um 20.15 Uhr<\/li>\n<li><strong class=\"font-bold\">&#8222;Tatort&#8220; aus <a href=\"https:\/\/koeln.t-online.de\/region\/koeln\/\" class=\"transition-colors cursor-pointer no-underline md:hover:text-magenta md:focus:text-magenta border-b border-solid border-current text-salemsfur md:hover:border-magenta\" data-tracking=\"{&quot;action&quot;:&quot;click&quot;,&quot;category&quot;:&quot;intextLink&quot;,&quot;label&quot;:&quot;https:\/\/koeln.t-online.de\/region\/koeln\/&quot;}\" data-sctrack=\"BodyAnchor\" rel=\"nofollow noopener\" target=\"_blank\">K\u00f6ln<\/a> (2026)<\/strong>: &#8222;Die letzten Menschen von K\u00f6ln&#8220; \u2013 Sonntag, 20. September, um 20.25 Uhr<\/li>\n<\/ul>\n<p class=\"text-18 leading-17 user-text-lg:text-22 user-text-xl:text-24\">W\u00e4hrend der &#8222;Tatort&#8220; 1970 in der Bundesrepublik als Antwort der ARD auf die erfolgreiche ZDF-Serie &#8222;Der Kommissar&#8220; ins Leben gerufen wurde, ist der &#8222;Polizeiruf 110&#8220; ein Konzept aus der ehemaligen <a href=\"https:\/\/www.t-online.de\/themen\/ddr\/\" class=\"transition-colors cursor-pointer no-underline md:hover:text-magenta md:focus:text-magenta border-b border-solid border-current text-salemsfur md:hover:border-magenta\" data-tracking=\"{&quot;action&quot;:&quot;click&quot;,&quot;category&quot;:&quot;intextLink&quot;,&quot;label&quot;:&quot;\/themen\/ddr\/&quot;}\" data-sctrack=\"BodyAnchor\" rel=\"nofollow noopener\" target=\"_blank\">DDR<\/a>. Nach der Wiedervereinigung f\u00fchrten die ARD-Anstalten das Format weiter. Dennoch ist der &#8222;Polizeiruf&#8220; deutlich seltener zu sehen als sein Pendant.<\/p>\n<p class=\"text-18 leading-17 user-text-lg:text-22 user-text-xl:text-24\">Gespielt wird dabei nicht immer nur am Sonntag: Auch an Feiertagen wie Neujahr, Ostermontag oder dem zweiten Weihnachtstag sendet die <a href=\"https:\/\/www.t-online.de\/themen\/ard\/\" class=\"transition-colors cursor-pointer no-underline md:hover:text-magenta md:focus:text-magenta border-b border-solid border-current text-salemsfur md:hover:border-magenta\" data-tracking=\"{&quot;action&quot;:&quot;click&quot;,&quot;category&quot;:&quot;intextLink&quot;,&quot;label&quot;:&quot;\/themen\/ard\/&quot;}\" data-sctrack=\"BodyAnchor\" rel=\"nofollow noopener\" target=\"_blank\">ARD<\/a> neue Folgen. In der Sommerpause hingegen \u2013 meist zwischen Ende Juni und Ende August \u2013 werden Wiederholungen gezeigt.<\/p>\n<p><img loading=\"lazy\" src=\"https:\/\/www.t-online.de\/s\/paper\/_next\/static\/media\/video-carousel-play.6f25714b.svg\" alt=\"\" title=\"\" class=\"block h-[calc(var(--height)_\/_16_*_1rem)] w-[calc(var(--width)_\/_16_*_1rem)] max-w-none undefined\" style=\"--height:12\" decoding=\"async\"\/><\/p>\n<p>&#8222;Tatort&#8220; versus &#8222;Polizeiruf 110&#8220;: ein ungleiches Duell<\/p>\n<p class=\"text-18 leading-17 user-text-lg:text-22 user-text-xl:text-24\">Von rund 40 Erstausstrahlungen bei den Sonntagskrimis, die Das Erste pro Jahr zeigt, sind in der Regel sieben bis zehn Folgen aus dem &#8222;Polizeiruf 110&#8220;-Kosmos. Das Ungleichgewicht liegt auf der Hand: W\u00e4hrend es insgesamt 22 aktive Teams beim &#8222;Tatort&#8220; gibt, schicken beim &#8222;Polizeiruf 110&#8220; lediglich f\u00fcnf St\u00e4dte ihre Kommissare ins Rennen.<\/p>\n<p class=\"text-18 leading-17 user-text-lg:text-22 user-text-xl:text-24\">Die beiden Krimiklassiker der ARD haben sich trotz wachsender Konkurrenz, Mediatheken, Streamingdiensten und ver\u00e4nderter Sehgewohnheiten etabliert. Keine andere fiktive TV-Marke verf\u00fcgt \u00fcber eine solche Strahlkraft. Reichweiten unter sechs Millionen Zuschauern sind die Ausnahme, &#8222;Tatort&#8220;-Teams wie das M\u00fcnster-Duo brechen nahezu allj\u00e4hrlich Quotenrekorde.<\/p>\n","protected":false},"excerpt":{"rendered":"ARD-Krimi &#8222;Tatort&#8220; am Sonntag: Grenz\u00fcberschreitende Ermittlungen Aktualisiert am 05.09.2026 &#8211; 16:08 UhrLesedauer: 2 Min. Die Kommissare Sch\u00fcrk, H\u00f6lzer,&hellip;\n","protected":false},"author":2,"featured_media":1282447,"comment_status":"","ping_status":"","sticky":false,"template":"","format":"standard","meta":{"footnotes":"","_share_on_mastodon":"0"},"categories":[1773],"tags":[2971,25479,176427,223,176428,29,214,176424,30,176426,1182,1420,222,176423,121,9675,1183,4180,471,1780,1184,218,215,176429],"class_list":["post-1282599","post","type-post","status-publish","format-standard","has-post-thumbnail","category-serien","tag-2971","tag-25479","tag-adam-schuerk","tag-ard","tag-daniel-straesser","tag-deutschland","tag-entertainment","tag-esther-baumann","tag-germany","tag-ines-marie-westernstroeer","tag-joerg-hartmann","tag-koeln","tag-peter-faber","tag-pia-heinrich","tag-polizei","tag-polizeiruf-110","tag-rosa-herzog","tag-saarbruecken","tag-serien","tag-series","tag-stefanie-reinsperger","tag-tatort","tag-unterhaltung","tag-vladimir-burlakov"],"share_on_mastodon":{"url":"https:\/\/pubeurope.com\/@de\/117219376186847004","error":""},"_links":{"self":[{"href":"https:\/\/www.europesays.com\/de\/wp-json\/wp\/v2\/posts\/1282599","targetHints":{"allow":["GET"]}}],"collection":[{"href":"https:\/\/www.europesays.com\/de\/wp-json\/wp\/v2\/posts"}],"about":[{"href":"https:\/\/www.europesays.com\/de\/wp-json\/wp\/v2\/types\/post"}],"author":[{"embeddable":true,"href":"https:\/\/www.europesays.com\/de\/wp-json\/wp\/v2\/users\/2"}],"replies":[{"embeddable":true,"href":"https:\/\/www.europesays.com\/de\/wp-json\/wp\/v2\/comments?post=1282599"}],"version-history":[{"count":0,"href":"https:\/\/www.europesays.com\/de\/wp-json\/wp\/v2\/posts\/1282599\/revisions"}],"wp:featuredmedia":[{"embeddable":true,"href":"https:\/\/www.europesays.com\/de\/wp-json\/wp\/v2\/media\/1282447"}],"wp:attachment":[{"href":"https:\/\/www.europesays.com\/de\/wp-json\/wp\/v2\/media?parent=1282599"}],"wp:term":[{"taxonomy":"category","embeddable":true,"href":"https:\/\/www.europesays.com\/de\/wp-json\/wp\/v2\/categories?post=1282599"},{"taxonomy":"post_tag","embeddable":true,"href":"https:\/\/www.europesays.com\/de\/wp-json\/wp\/v2\/tags?post=1282599"}],"curies":[{"name":"wp","href":"https:\/\/api.w.org\/{rel}","templated":true}]}}