{"id":1282706,"date":"2026-09-05T17:40:28","date_gmt":"2026-09-05T17:40:28","guid":{"rendered":"https:\/\/www.europesays.com\/de\/1282706\/"},"modified":"2026-09-05T17:40:28","modified_gmt":"2026-09-05T17:40:28","slug":"leipzig-entging-grossem-inferno-merz-stuft-die-drohnen-beweise-gegen-russland-als-gerichtsfest-ein","status":"publish","type":"post","link":"https:\/\/www.europesays.com\/de\/1282706\/","title":{"rendered":"Leipzig entging &#8222;gro\u00dfem Inferno&#8220;: Merz stuft die Drohnen-Beweise gegen Russland als &#8222;gerichtsfest&#8220; ein"},"content":{"rendered":"<p>Leipzig entging &#8222;gro\u00dfem Inferno&#8220;Merz stuft die Drohnen-Beweise gegen Russland als &#8222;gerichtsfest&#8220; ein<\/p>\n<p>05.09.2026, 19:25 Uhr <\/p>\n<p>Artikel anh\u00f6ren(02:47 min)<\/p>\n<p><img decoding=\"async\" class=\"Image_img__fQCi0 Image_Img_16_9__4BLfH widget-picture-inline_maximizable__t_E7h\" loading=\"eager\" fetchpriority=\"high\" src=\"https:\/\/www.europesays.com\/de\/wp-content\/uploads\/2026\/09\/611813135.webp\" alt=\"611813135\"\/>Die mit Sprengstoff beladene Drohne wurde im August in der N\u00e4he einer solchen Antonov-Maschine gestoppt. (Foto: picture alliance\/dpa)<\/p>\n<p class=\"Typography_text-m__XI0da Typography_weight-bold__uT6mq storyline_lead_text_leadtext__q_wg8\">Der Sprengsatz am Flughafen Leipzig\/Halle habe sich nur &#8222;durch einen kleinen Zufall&#8220; nicht entz\u00fcndet, mahnt Kanzler Merz und gibt sich mit Blick auf die mutma\u00dflich russischen Drahtzieher k\u00e4mpferisch. Deutschland sei &#8222;fest entschlossen&#8220;, sich zu verteidigen.<\/p>\n<p class=\"Typography_text-default__P3otY Typography_weight-normal__pqUbH storyline_paragraph_p__qSR5N\">Nach dem gescheiterten Drohnen-Angriff auf den Leipziger Flughafen hat Bundeskanzler Friedrich Merz eindringlich gefordert, die &#8222;hybride Kriegsf\u00fchrung&#8220; gegen Deutschland zu stoppen. &#8222;Jeder, der uns angreift, muss wissen: Wir sind fest entschlossen, unseren Rechtsstaat, unsere Demokratie, unsere offene Gesellschaft, auch die Integrit\u00e4t unseres Territoriums, wir sind fest entschlossen, uns zu verteidigen&#8220;, sagte Merz bei einer Wahlkampfveranstaltung in Langenhagen bei Hannover. <\/p>\n<p class=\"Typography_text-default__P3otY Typography_weight-normal__pqUbH storyline_paragraph_p__qSR5N\">Anfang August war eine mit Sprengstoff beladene Drohne auf dem Flughafen Leipzig\/Halle in der N\u00e4he von ukrainischen Transportmaschinen festgesetzt worden. Der Vorfall sei inzwischen eindeutig und &#8222;gerichtsfest&#8220; zugeordnet, erkl\u00e4rte der 70-J\u00e4hrige. Die Bundesregierung macht Russland f\u00fcr den Anschlagsversuch verantwortlich. Moskau bestreitet dies und wirft Deutschland vor, bisher keine Beweise vorgelegt zu haben. <\/p>\n<p class=\"Typography_text-default__P3otY Typography_weight-normal__pqUbH storyline_paragraph_p__qSR5N\">Der Sprengstoff sei nur &#8222;durch einen kleinen Zufall&#8220; nicht gez\u00fcndet worden, sagte Merz. Zwei Maschinen in der N\u00e4he seien teilweise betankt gewesen. Bei einer Explosion h\u00e4tte es nach den Worten des Kanzlers &#8222;ein gro\u00dfes Inferno&#8220; geben k\u00f6nnen.<\/p>\n<p class=\"Typography_text-default__P3otY Typography_weight-normal__pqUbH storyline_paragraph_p__qSR5N\">Die Bundesregierung rechnet nun mit weiteren hybriden Angriffen Russlands, warnte der Kanzler. Die hybride Kriegsf\u00fchrung bezeichnet eine Kombination aus milit\u00e4rischen, wirtschaftlichen, geheimdienstlichen und propagandistischen Mitteln. Dazu z\u00e4hlen auch Cyberattacken und Desinformationskampagnen, um die \u00f6ffentliche Meinung &#8211; etwa vor Wahlen &#8211; zu beeinflussen.<\/p>\n<p class=\"Typography_text-default__P3otY Typography_weight-normal__pqUbH storyline_paragraph_p__qSR5N\">Merz verglich die jetzige Situation mit der Anfang der 1980er Jahre sehr kontrovers gef\u00fchrten Nachr\u00fcstungsdebatte zur Zeit des Kalten Krieges mit der Sowjetunion. Damals hatte es Massenproteste gegeben. Merz betonte, dass heute wie damals wichtig sei, Kurs zu halten: &#8222;Genauso wie es richtig war, dass 1982\/83 eine unionsgef\u00fchrte Bundesregierung eine klare Antwort gegeben hat auf die Bedrohung unserer Freiheit, auf die Bedrohung unseres Territoriums, auf die Bedrohung unserer Demokratie, genauso ist es heute richtig, dass wir wieder eine klare Antwort geben und dass wir standfest bleiben&#8220;, sagte der CDU-Vorsitzende.<\/p>\n<p class=\"Typography_text-s__wu_cm Typography_weight-normal__pqUbH Typography_color-darkgrey__sZEnP article-detail-footer_source__KslPc\">Quelle: ntv.de, bho\/dpa<\/p>\n","protected":false},"excerpt":{"rendered":"Leipzig entging &#8222;gro\u00dfem Inferno&#8220;Merz stuft die Drohnen-Beweise gegen Russland als &#8222;gerichtsfest&#8220; ein 05.09.2026, 19:25 Uhr Artikel anh\u00f6ren(02:47 min)&hellip;\n","protected":false},"author":2,"featured_media":1282707,"comment_status":"","ping_status":"","sticky":false,"template":"","format":"standard","meta":{"footnotes":"","_share_on_mastodon":"0"},"categories":[1832],"tags":[3364,10566,29,10068,775,30,10036,14936,71,16,307,859,3081,6799],"class_list":["post-1282706","post","type-post","status-publish","format-standard","has-post-thumbnail","category-leipzig","tag-de","tag-deutsche-verteidigungspolitik","tag-deutschland","tag-drohnen","tag-friedrich-merz","tag-germany","tag-hybrider-krieg","tag-innere-sicherheit","tag-leipzig","tag-politik","tag-russland","tag-sachsen","tag-ukraine-konflikt","tag-wahlkampf"],"share_on_mastodon":{"url":"https:\/\/pubeurope.com\/@de\/117219665368359683","error":""},"_links":{"self":[{"href":"https:\/\/www.europesays.com\/de\/wp-json\/wp\/v2\/posts\/1282706","targetHints":{"allow":["GET"]}}],"collection":[{"href":"https:\/\/www.europesays.com\/de\/wp-json\/wp\/v2\/posts"}],"about":[{"href":"https:\/\/www.europesays.com\/de\/wp-json\/wp\/v2\/types\/post"}],"author":[{"embeddable":true,"href":"https:\/\/www.europesays.com\/de\/wp-json\/wp\/v2\/users\/2"}],"replies":[{"embeddable":true,"href":"https:\/\/www.europesays.com\/de\/wp-json\/wp\/v2\/comments?post=1282706"}],"version-history":[{"count":0,"href":"https:\/\/www.europesays.com\/de\/wp-json\/wp\/v2\/posts\/1282706\/revisions"}],"wp:featuredmedia":[{"embeddable":true,"href":"https:\/\/www.europesays.com\/de\/wp-json\/wp\/v2\/media\/1282707"}],"wp:attachment":[{"href":"https:\/\/www.europesays.com\/de\/wp-json\/wp\/v2\/media?parent=1282706"}],"wp:term":[{"taxonomy":"category","embeddable":true,"href":"https:\/\/www.europesays.com\/de\/wp-json\/wp\/v2\/categories?post=1282706"},{"taxonomy":"post_tag","embeddable":true,"href":"https:\/\/www.europesays.com\/de\/wp-json\/wp\/v2\/tags?post=1282706"}],"curies":[{"name":"wp","href":"https:\/\/api.w.org\/{rel}","templated":true}]}}