{"id":1282736,"date":"2026-09-05T18:01:26","date_gmt":"2026-09-05T18:01:26","guid":{"rendered":"https:\/\/www.europesays.com\/de\/1282736\/"},"modified":"2026-09-05T18:01:26","modified_gmt":"2026-09-05T18:01:26","slug":"im-babyglueck-ex-fussballer-felix-kroos-wieder-vater-geworden","status":"publish","type":"post","link":"https:\/\/www.europesays.com\/de\/1282736\/","title":{"rendered":"Im Babygl\u00fcck: Ex-Fu\u00dfballer Felix Kroos wieder Vater geworden"},"content":{"rendered":"<p>\nStars\n<\/p>\n<p>Aktualisiert am 05.09.2026, 17:53 Uhr\n<\/p>\n<p><a href=\"https:\/\/i0.web.de\/image\/154\/42692154,pd=1\/felix-kroos-aufnahme-jahr-2024.jpg\" data-brain-zone=\".42692152.content.lead.1\" data-component-path=\"content.lead.1\" data-component-name=\"article-image\" rel=\"nofollow noopener\" target=\"_blank\"> <\/p>\n<p><img loading=\"lazy\" decoding=\"async\" src=\"https:\/\/www.europesays.com\/de\/wp-content\/uploads\/2026\/09\/felix-kroos-aufnahme-jahr-2024.jpg\" alt=\"Felix Kroos auf einer Aufnahme aus dem Jahr 2024.\" width=\"950\" height=\"534\"\/><\/p>\n<p><\/a> <\/p>\n<p>\nFelix Kroos auf einer Aufnahme aus dem Jahr 2024.<br \/>\n\u00a9\u00a0imago\/teutopress \/ teutopress GmbH\n<\/p>\n<p class=\"content__description\" data-speakable=\"\">Felix Kroos kann sich \u00fcber Nachwuchs freuen. Das dritte Kind des Bruders von Weltmeister Toni Kroos ist auf die Welt gekommen.<\/p>\n<p data-speakable=\"\">Felix Kroos (35) ist zum dritten Mal Vater geworden. Der fr\u00fchere Fu\u00dfballprofi verk\u00fcndete die Geburt <a target=\"_blank\" data-brain-zone=\".42692152.content.textlink_2\" data-component-path=\"content.textlink_2\" data-component-name=\"link.external\" rel=\"noopener nofollow\" href=\"https:\/\/www.instagram.com\/p\/Dc5eF6mI1oR\/\">selbst auf Instagram<\/a>. Dazu ver\u00f6ffentlichte er ein Foto aus dem Krankenhaus.<\/p>\n<p>Felix Kroos zeigt seine Kinderschar<\/p>\n<p data-speakable=\"\">&#8222;Ein intensiver Sommer mit einem, wie ich finde, sehr gelungenen Happy End!&#8220;, hei\u00dft es in dem Beitrag. Dazu teilte Kroos ein Foto, das ihn offenbar mit all seinen drei Kindern zeigt. Die zwei \u00e4lteren laufen neben ihm. Das Neugeborene tr\u00e4gt er offenbar in seiner rechten Hand.<\/p>\n<p data-speakable=\"\">Der Instagram-Beitrag schlie\u00dft mit den entscheidenden Worten: &#8222;Say hi to number 3&#8220;, auf Deutsch: &#8222;Sagt Hi zu Nummer drei.&#8220;<\/p>\n<p>Auch Felix Kroos Ehefrau Lisa best\u00e4tigt Geburt<\/p>\n<p data-speakable=\"\">Auch Felix Kroos Ehefrau Lisa <a target=\"_blank\" data-brain-zone=\".42692152.content.textlink_3\" data-component-path=\"content.textlink_3\" data-component-name=\"link.external\" rel=\"noopener nofollow\" href=\"https:\/\/www.instagram.com\/p\/Dc5pKNGuzm0\/\">hat auf ihrem Instagram-Profil<\/a> die Geburt mit einem Foto zweier winzig kleiner Baby-F\u00fc\u00dfe zelebriert. &#8222;In einer Welt, in der ich &#8218;alles&#8216; sein k\u00f6nnte, wollte ich immer nur eines: Mama &#8211; Du machst uns komplett klein N&#8220;, schreibt sie teilweise auf Englisch.<\/p>\n<p data-speakable=\"\">Felix und Lisa Kroos sind seit Juni 2019 verheiratet und wurden 2020 zum ersten Mal Eltern, damals kam eine Tochter zur Welt. Anfang 2023 folgte Sohn Theo. Jetzt also das dritte Kind. Der j\u00fcngere Bruder von Weltmeister <a data-component-name=\"link.semantic\" data-brain-zone=\".42692152.content.textlink_4\" data-component-path=\"content.textlink_4\" href=\"https:\/\/web.de\/magazine\/sport\/thema\/toni-kroos\" rel=\"nofollow noopener\" target=\"_blank\">Toni Kroos<\/a> (36) h\u00e4lt sein Privatleben sonst weitgehend aus der \u00d6ffentlichkeit heraus. <\/p>\n<p><strong>Empfehlungen der Redaktion<\/strong><\/p>\n<p>Nach Karriereende weiter dem Fu\u00dfball verbunden<\/p>\n<p data-speakable=\"\">Auch nach seinem R\u00fccktritt als aktiver Fu\u00dfballer ist Kroos dem Sport verbunden geblieben. Er arbeitet als TV-Experte und nimmt gemeinsam mit Bruder Toni den Podcast &#8222;Einfach mal Luppen&#8220; auf, in dem die Br\u00fcder regelm\u00e4\u00dfig \u00fcber den Sport und das Leben drumherum sprechen.. (lau\/spot)\u00a0<br \/>\n\u00a9 spot on news\n<\/p>\n<p><script async src=\"\/\/www.instagram.com\/embed.js\"><\/script><\/p>\n","protected":false},"excerpt":{"rendered":"Stars Aktualisiert am 05.09.2026, 17:53 Uhr Felix Kroos auf einer Aufnahme aus dem Jahr 2024. \u00a9\u00a0imago\/teutopress \/ teutopress&hellip;\n","protected":false},"author":2,"featured_media":1282737,"comment_status":"","ping_status":"","sticky":false,"template":"","format":"standard","meta":{"footnotes":"","_share_on_mastodon":"0"},"categories":[1776],"tags":[1801,29,214,52980,30,264574,1802,31006,215],"class_list":["post-1282736","post","type-post","status-publish","format-standard","has-post-thumbnail","category-prominente","tag-celebrities","tag-deutschland","tag-entertainment","tag-felix-kroos","tag-germany","tag-lisa-kroos","tag-prominente","tag-toni-kroos","tag-unterhaltung"],"share_on_mastodon":{"url":"https:\/\/pubeurope.com\/@de\/117219748070018232","error":""},"_links":{"self":[{"href":"https:\/\/www.europesays.com\/de\/wp-json\/wp\/v2\/posts\/1282736","targetHints":{"allow":["GET"]}}],"collection":[{"href":"https:\/\/www.europesays.com\/de\/wp-json\/wp\/v2\/posts"}],"about":[{"href":"https:\/\/www.europesays.com\/de\/wp-json\/wp\/v2\/types\/post"}],"author":[{"embeddable":true,"href":"https:\/\/www.europesays.com\/de\/wp-json\/wp\/v2\/users\/2"}],"replies":[{"embeddable":true,"href":"https:\/\/www.europesays.com\/de\/wp-json\/wp\/v2\/comments?post=1282736"}],"version-history":[{"count":0,"href":"https:\/\/www.europesays.com\/de\/wp-json\/wp\/v2\/posts\/1282736\/revisions"}],"wp:featuredmedia":[{"embeddable":true,"href":"https:\/\/www.europesays.com\/de\/wp-json\/wp\/v2\/media\/1282737"}],"wp:attachment":[{"href":"https:\/\/www.europesays.com\/de\/wp-json\/wp\/v2\/media?parent=1282736"}],"wp:term":[{"taxonomy":"category","embeddable":true,"href":"https:\/\/www.europesays.com\/de\/wp-json\/wp\/v2\/categories?post=1282736"},{"taxonomy":"post_tag","embeddable":true,"href":"https:\/\/www.europesays.com\/de\/wp-json\/wp\/v2\/tags?post=1282736"}],"curies":[{"name":"wp","href":"https:\/\/api.w.org\/{rel}","templated":true}]}}