{"id":1282738,"date":"2026-09-05T18:04:35","date_gmt":"2026-09-05T18:04:35","guid":{"rendered":"https:\/\/www.europesays.com\/de\/1282738\/"},"modified":"2026-09-05T18:04:35","modified_gmt":"2026-09-05T18:04:35","slug":"vom-interior-zur-kunst-frauke-meyer-zeigt-erstmals-ihre-ganz-persoenlichen-entwuerfe","status":"publish","type":"post","link":"https:\/\/www.europesays.com\/de\/1282738\/","title":{"rendered":"Vom Interior zur Kunst: Frauke Meyer zeigt erstmals ihre ganz pers\u00f6nlichen Entw\u00fcrfe"},"content":{"rendered":"<p><strong>Nach Jahrzehnten im Interior-Design wagt Frauke Meyer den Schritt ins Ungebundene und entwickelt aus Holz, Stein und Stahl eigenst\u00e4ndige Collectibles zwischen Skulptur und Design.<\/strong><\/p>\n<p><img decoding=\"async\" alt=\"AUF DIE FREUNDSCHAFT Zwei Magazine ein Thema. HIER erhalten Sie die Ausgabe von AD  HIER sind beide Hefte im Bundle...\" loading=\"lazy\" class=\"ResponsiveImageContainer-dkeESL cQPiWi responsive-image__image\"   src=\"https:\/\/www.europesays.com\/de\/wp-content\/uploads\/2026\/09\/AD_DE2609%20COVER_RGB_300.jpg\"\/><\/p>\n<p>AUF DIE FREUNDSCHAFT!<br \/>Zwei Magazine, ein Thema. <a href=\"https:\/\/www.amazon.de\/dp\/B0HFK7T4Z2\" rel=\"nofollow noopener\" target=\"_blank\">HIER<\/a> erhalten Sie die Ausgabe von AD \u2013 <a href=\"https:\/\/shop.zeit.de\/Exklusives-Bundle-WELTKUNST-und-AD-Architectural-Digest\/52065\" rel=\"nofollow noopener\" target=\"_blank\">HIER<\/a> sind beide Hefte im Bundle erh\u00e4ltlich.<\/p>\n<p><\/p>\n<p>Wenn man die Jahre zusammenz\u00e4hlt, denkt man, sie h\u00e4tte ihre Karriere begonnen, als sie noch ein Teenager war. Aber es stimmt: Ab 1998 arbeitete Frauke Meyer f\u00fcr Christian Liaigre, das \u201ewohl pariserischste aller franz\u00f6sischen Interior-H\u00e4user\u201c, wie es in AD einmal hie\u00df. 2015 wurde sie Kreativdirektorin. Nun f\u00fchrt sie seit zwei Jahren erfolgreich ihr eigenes <a href=\"https:\/\/www.ad-magazin.de\/artikel\/lokale-talente-ad100\" target=\"_blank\" rel=\"nofollow noopener\">Studio<\/a> im Marais, hat im Moment Projekte in <a href=\"https:\/\/www.ad-magazin.de\/article\/minihaus-tokio-architekt\" target=\"_blank\" rel=\"nofollow noopener\">Tokio<\/a> und London. Doch eine Sache ging ihr nicht aus dem Kopf: \u201eNach all der Zeit hatte ich den Wunsch, einmal an etwas zu arbeiten, das nicht mit einem bestimmten Auftrag verbunden war\u201c, sagt die geb\u00fcrtige Papen\u00adburgerin an einem ultrahei\u00dfen Vormittag im Juni.<\/p>\n<p><img decoding=\"async\" alt=\"Portr\u00e4t Frauke Meyer\" loading=\"lazy\" class=\"ResponsiveImageContainer-dkeESL cQPiWi responsive-image__image\"   src=\"https:\/\/www.europesays.com\/de\/wp-content\/uploads\/2026\/09\/4HD.jpg\"\/><\/p>\n<p>23 Jahre bei Liaigre, seit zwei Jahren selbstst\u00e4ndig: Frauke Meyer, in ihrem Studio im Marais. Sie spiegelt sich in dem Paravent, den sie entwarf.<\/p>\n<p>Frauke Meyer ParisZur\u00fcck zu den k\u00fcnstlerischen Anf\u00e4ngen<\/p>\n<p>Das Gespr\u00e4ch findet \u00fcber Zoom statt. Frauke Meyer sitzt in ihrem lichtdurchflutenden <a href=\"https:\/\/www.ad-magazin.de\/artikel\/gemuetliches-gaestehaus-und-kleines-schreib-atelier-nahe-new-york\" target=\"_blank\" rel=\"nofollow noopener\">Atelier<\/a> an ihrem Schreibtisch, hinter ihr an der Wand h\u00e4ngt ein Foto des Schaulagers in Basel, ein Freund hat es ihr zum Einzug geschenkt (\u201eIch mag die Architektur von Herzog\u2009&amp;\u2009de Meuron sehr.\u201c). Dann dreht sie den Computer \u2013 und auf dem Bildschirm erscheint ein Objekt, von dem man auf Anhieb nicht so recht sagen kann, worum es sich handelt. Ein Teil davon ist verspiegelt, die Reflexionen bringen das dreidimensionale Raumkontinuum in <a href=\"https:\/\/www.ad-magazin.de\/artikel\/profi-tipps-aufraeumen-ordnung\" target=\"_blank\" rel=\"nofollow noopener\">Unordnung<\/a>. Ein anderer Teil sieht aus wie Pelz oder ein Fell. \u201eDas ist Pappel-Maser, das Holz kurz \u00fcber der Wurzel am Stamm einer Pappel\u201c, erkl\u00e4rt Meyer. Holz und polierter Stahl: H\u00e4tte sie nicht ihren eigenen Kopf, k\u00f6nnte man meinen, das ist die Liaigre-DNA. Aber irgendwie ist in ihrem Fall das eine vom anderen auch schwer zu trennen. Der Paravent geh\u00f6rt zu den drei Einzelst\u00fccken, die Meyer letztes Jahr entwarf. \u201eIch wollte zur\u00fcck zu meinen k\u00fcnstlerischen Anf\u00e4ngen\u201c, sagt sie, die in den Neunziger\u00adjahren nach Paris ging, um an der \u00c9cole nationale sup\u00e9rieure des arts d\u00e9coratifs, zu studieren.<\/p>\n","protected":false},"excerpt":{"rendered":"Nach Jahrzehnten im Interior-Design wagt Frauke Meyer den Schritt ins Ungebundene und entwickelt aus Holz, Stein und Stahl&hellip;\n","protected":false},"author":2,"featured_media":1282739,"comment_status":"","ping_status":"","sticky":false,"template":"","format":"standard","meta":{"footnotes":"","_share_on_mastodon":"0"},"categories":[1775],"tags":[1793,247820,29,214,30,1794,11373,215],"class_list":["post-1282738","post","type-post","status-publish","format-standard","has-post-thumbnail","category-kunst-und-design","tag-art-and-design","tag-crafts","tag-deutschland","tag-entertainment","tag-germany","tag-kunst-und-design","tag-talent","tag-unterhaltung"],"share_on_mastodon":{"url":"https:\/\/pubeurope.com\/@de\/117219761160663763","error":""},"_links":{"self":[{"href":"https:\/\/www.europesays.com\/de\/wp-json\/wp\/v2\/posts\/1282738","targetHints":{"allow":["GET"]}}],"collection":[{"href":"https:\/\/www.europesays.com\/de\/wp-json\/wp\/v2\/posts"}],"about":[{"href":"https:\/\/www.europesays.com\/de\/wp-json\/wp\/v2\/types\/post"}],"author":[{"embeddable":true,"href":"https:\/\/www.europesays.com\/de\/wp-json\/wp\/v2\/users\/2"}],"replies":[{"embeddable":true,"href":"https:\/\/www.europesays.com\/de\/wp-json\/wp\/v2\/comments?post=1282738"}],"version-history":[{"count":0,"href":"https:\/\/www.europesays.com\/de\/wp-json\/wp\/v2\/posts\/1282738\/revisions"}],"wp:featuredmedia":[{"embeddable":true,"href":"https:\/\/www.europesays.com\/de\/wp-json\/wp\/v2\/media\/1282739"}],"wp:attachment":[{"href":"https:\/\/www.europesays.com\/de\/wp-json\/wp\/v2\/media?parent=1282738"}],"wp:term":[{"taxonomy":"category","embeddable":true,"href":"https:\/\/www.europesays.com\/de\/wp-json\/wp\/v2\/categories?post=1282738"},{"taxonomy":"post_tag","embeddable":true,"href":"https:\/\/www.europesays.com\/de\/wp-json\/wp\/v2\/tags?post=1282738"}],"curies":[{"name":"wp","href":"https:\/\/api.w.org\/{rel}","templated":true}]}}