{"id":1282747,"date":"2026-09-05T18:11:24","date_gmt":"2026-09-05T18:11:24","guid":{"rendered":"https:\/\/www.europesays.com\/de\/1282747\/"},"modified":"2026-09-05T18:11:24","modified_gmt":"2026-09-05T18:11:24","slug":"elversberg-siegt-trotz-zwei-tore-rueckstand-in-gladbach","status":"publish","type":"post","link":"https:\/\/www.europesays.com\/de\/1282747\/","title":{"rendered":"Elversberg siegt trotz Zwei-Tore-R\u00fcckstand in Gladbach"},"content":{"rendered":"<p>            <img loading=\"lazy\" decoding=\"async\" class=\"ts-image\" src=\"https:\/\/www.europesays.com\/de\/wp-content\/uploads\/2026\/09\/elversberg-jubel-218.jpg\" alt=\"Amara Conde ballt die Faust nach dem Siegtreffer durch Maurice Krattenmacher\" title=\"Amara Conde ballt die Faust nach dem Siegtreffer durch Maurice Krattenmacher | IMAGO \/ STEINSIEK.CH\"\/><\/p>\n<p class=\"metatextline\">Stand: 05.09.2026 \u2022 19:59 Uhr<\/p>\n<p class=\"article-head__shorttext\">\n        <strong>Die SV Elversberg hat in der Fu\u00dfball-Bundesliga ein kurioses Spiel bei Borussia M\u00f6nchengladbach nach einem Zwei-Tore-R\u00fcckstand noch gewonnen und bleibt ungeschlagen. Dabei musste sie eine krasse Fehlentscheidung verdauen.<\/strong>\n    <\/p>\n<p>                                    <a class=\"authorline__link\" href=\"https:\/\/www.sportschau.de\/sendung\/reporter\/christian-hornung,autor-christian-hornung-100.html\" rel=\"nofollow noopener\" target=\"_blank\"><br \/>\n                                        <img decoding=\"async\" class=\"authorline__img\" alt=\"Christian Hornung\" src=\"https:\/\/www.europesays.com\/de\/wp-content\/uploads\/2026\/03\/christian-hornung-100.jpg\"\/><br \/>\n                                    <\/a><\/p>\n<p class=\"textabsatz m-ten m-offset-one l-eight l-offset-two columns twelve\">Beim 3:4 (2:1) hatte Hugo Bolin (11. Minute) das 1:0 f\u00fcr die Gastgeber erzielt, David Mokwa (29.) glich aus, ehe erneut Bolin (44.) den VfL in F\u00fchrung brachte. Nach dem 3:2 durch Joe Scally schien die Entscheidung gefallen, doch die SVE kam eindrucksvolll zur\u00fcck: Maurice Krattenmacher (66.), Felix Keidel (80.) und noch einmal Krattenmacher (90.+2) belohnten den Aufsteiger f\u00fcr eine herausragende k\u00e4mpferische Leistung.<\/p>\n<ul class=\"buttongroup buttongroup--copytext\">\n<li class=\"buttongroup__item\">\n<p>    <a class=\"btn btn--text btn--standard-secondary btn--fullwidth\" href=\"https:\/\/www.sportschau.de\/live-und-ergebnisse\/fussball\/deutschland-bundesliga\/ma12193771\/borussia-moenchengladbach_sv-07-elversberg\/liveticker\" rel=\"nofollow noopener\" target=\"_blank\"><br \/>\n        Live-Ticker zum Nachlesen<\/p>\n<p>  Pfeil rechts<\/p>\n<p>    <\/a>\n<\/li>\n<li class=\"buttongroup__item\">\n<p>    <a class=\"btn btn--text btn--standard-secondary btn--fullwidth\" href=\"https:\/\/www.sportschau.de\/live-und-ergebnisse\/fussball\/deutschland-bundesliga\/se121877\/2026-2027\/ro320912\/spieltag\/md2\/spiele-und-ergebnisse\" rel=\"nofollow noopener\" target=\"_blank\"><br \/>\n        2. Spieltag<\/p>\n<p>  Pfeil rechts<\/p>\n<p>    <\/a>\n<\/li>\n<\/ul>\n<p class=\"textabsatz m-ten m-offset-one l-eight l-offset-two columns twelve\">&#8222;Ich bin stolz auf die Mannschaft&#8220;, lobte Vincent Wagner, der Elversberger Trainer. Sein Gladbacher Pendant Eugen Polanski teilte dieses Gef\u00fchl nicht: &#8222;Es gibt viele positive Dinge \u00fcber die man sprechen k\u00f6nnte, aber das m\u00f6chte ich nicht. Ich m\u00f6chte, dass wir \u00fcber die sprechen, die wir \u00e4ndern m\u00fcssen, um Bundesligaspiele zu gewinnen.&#8220;<\/p>\n<p class=\"textabsatz m-ten m-offset-one l-eight l-offset-two columns twelve\">Bei den Elversbergern hatte Wagner exakt auf die Startelf gesetzt, die am vergangenen Wochenende bei der Bundesliga-Premiere der Saarl\u00e4nder sensationell Bayer Leverkusen mit 3:2 besiegt hatte. Gladbachs Trainer Eugen Polanski rotierte gleich dreimal gegen\u00fcber dem 0:3 in Leipzig, unter anderem bekam der erste 18-j\u00e4hrige Mathieu Nguefack anstelle von Kevin St\u00f6ger eine Chance im zentral-defensiven Mittelfeld.<\/p>\n<p>    Licht und Schatten bei Gladbachs Nguefack<\/p>\n<p class=\"textabsatz m-ten m-offset-one l-eight l-offset-two columns twelve\">Und Nguefack stand schnell mehrfach im Mittelpunkt des Geschehens. Elversberg hatte extrem mutig begonnen, lief die Gladbacher hoch an und machte enormen Druck \u00fcber die Fl\u00fcgel. Doch im Gegensatz zum Leipzig-Spiel, nach dem VfL-Kapit\u00e4n Tim Kleindienst sich \u00fcber den &#8222;Kindergarten-Fu\u00dfball&#8220; der Borussen aufgeregt hatte, unterband der Gastgeber diesmal die vielversprechenden Angriffe mit Fouls. Schon fr\u00fch hatten Franck Honorat und Ko Itakura Gl\u00fcck, dass sie daf\u00fcr nicht verwarnt wurden, doch die Taktik hatte Wirkung. Die SVE war zwar \u00fcberlegen, hatte aber keine Torchancen.<\/p>\n<p class=\"textabsatz m-ten m-offset-one l-eight l-offset-two columns twelve\">Das machten die Borussen besser. Schon in der 7. Minute verfehlte Kleindienst nach Bolins Balleroberung die Flanke von Scally nur knapp. F\u00fcnf Minuten sp\u00e4ter hatte Nguefack seinen ersten gro\u00dfen Auftritt, als er einen von SVE-Keeper Nicolas Kristof zu kurz abgewehrten Ball per Vollspann auf den zweiten Pfosten h\u00e4mmerte. Da stand Bolin, setzte sich stark im Kopfballduell durch und traf zur F\u00fchrung.<\/p>\n<p>    Elversbergs Onyeka schiert am Pfosten<\/p>\n<p class=\"textabsatz m-ten m-offset-one l-eight l-offset-two columns twelve\">Nguefack hatte damit beim Startelf-Deb\u00fct gleich seinen ersten Assist gesammelt. 60 Sekunden sp\u00e4ter lernte er aber direkt die andere Seite kennen. Extrem leichtfertig vert\u00e4ndelte er zentral vor dem eigegen Strafraum den Ball an Francis Onyeka, der freie Schussbahn hatte &#8211; aber am linken Pfosten scheiterte.<\/p>\n<p class=\"textabsatz m-ten m-offset-one l-eight l-offset-two columns twelve\">In der Folge befreite sich Gladbach zunehmend, hatte im Mittelfeld ein \u00dcbergewicht, blieb aber anf\u00e4llig f\u00fcr die Konter der G\u00e4ste. Die nutzten ihre Schnelligkeitsvorteile nach einer knappen halben Stunde gnadenlos aus: Itakura verlor an der Mittellinie das Laufduell gegen Mokwa, auch Kevin Diks kam bei seinem Rettungsversuch zu sp\u00e4t, und der frei durchgestartete Mittelst\u00fcrmer der SVE lie\u00df VfL-Keeper Moritz Nicolas keine Chance.<\/p>\n<p>    Einwurf falsch &#8211; aber Gladbachs Tor z\u00e4hlt trotzdem<\/p>\n<p class=\"textabsatz m-ten m-offset-one l-eight l-offset-two columns twelve\">Kurz vor der Pause wurde es dann kurios. Kleindienst hatte im Zweikampf einen Ball ins Seitenaus gespitzelt, den Einwurf dann aber gleich selbst ausgef\u00fchrt. Schiedsrichter Martin Petersen lie\u00df die Partie f\u00e4lschlicherweise weiterlaufen, und durch den schnellen Konter \u00fcber Franck Honorat kam Bolin zum Abschluss und schob die Kugel flach ins rechte Eck.<\/p>\n<p class=\"textabsatz m-ten m-offset-one l-eight l-offset-two columns twelve\">Elversberg war zu Recht au\u00dfer sich, Coach Wagner reklamierte wild, nachdem er die Szene auf einem Laptop an der Seitenlinie gesehen hatte &#8211; und sah Gelb. Ein Fall f\u00fcr den VAR? Neuerdings nicht mehr. Die falsche Spielfortsetzung durfte Videoassistent Daniel Siebert laut Regelwerk nicht antasten, er h\u00e4tte nur dann eingreifen d\u00fcrfen, wenn nach dem Einwurf ein weiterer Regelversto\u00df vorgelegen h\u00e4tte &#8211; das war aber nicht der Fall.<\/p>\n<p>    SVE-Coach Wagner fliegt auf die Trib\u00fcne<\/p>\n<p class=\"textabsatz m-ten m-offset-one l-eight l-offset-two columns twelve\">Auf dem Weg in die Kabine betrat Wagner dann noch das Spielfeld, um erneut zu reklamieren &#8211; das durfte er aber nicht und sah die Gelb-Rote Karte. Die zweite H\u00e4lfte verfolgte der Bundesliga-Neuling dann von der Gladbacher Ehrentrib\u00fcne aus und sah, wie das Spiel weiter hin und her wogte.<\/p>\n<p class=\"textabsatz m-ten m-offset-one l-eight l-offset-two columns twelve\">Nach dem Spiel betonte der Trainer, er habe nicht gemeckert. &#8222;Ich kam ja noch nichtmal zum Reden.&#8220; Dementsprechend hoffe er, dass der DFB seine Sperre zur\u00fccknimmt.<\/p>\n<p class=\"textabsatz m-ten m-offset-one l-eight l-offset-two columns twelve\">Schiedsrichter Martin Petersen gab seinen Fehler nach dem Spiel zu: &#8222;Ich hatte einen ung\u00fcnstigen Winkel zu der Szene.&#8220; Au\u00dferdem best\u00e4tigte Petersen Wagners Aussage dass der Trainer gar nicht gemeckert habe. Die zweite gelbe Karte habe er deshalb gegeben, weil schon Wagners Versuch, die Szene auf dem Weg in die Kabine zu besprechen, eine Unsportlichkeit gewesen sei.<\/p>\n<p>    Scally erh\u00f6ht f\u00fcr Gladbach<\/p>\n<p class=\"textabsatz m-ten m-offset-one l-eight l-offset-two columns twelve\">Die SVE blieb mutig, doch Lasse G\u00fcnther scheiterte f\u00fcnf Minuten nach dem Wiederanpfiff an Nicolas.<\/p>\n<p class=\"textabsatz m-ten m-offset-one l-eight l-offset-two columns twelve\">Auf der Gegenseite war Gladbach konsequenter. Scally eroberte den Ball im Mittelfeld, \u00fcber Philipp Sander und Honorat kam der US-Amerikaner zum 3:1. Dabei stand er in diesem Transferfenster schon kurz davor, die Borussen zu verlassen.<\/p>\n<p>    Elversbergs Krattenmacher und Keidel gleichen aus<\/p>\n<p class=\"textabsatz m-ten m-offset-one l-eight l-offset-two columns twelve\">Es sah nach Vorentscheidung aus, doch Elversberg blieb z\u00e4h und stabil. Nach einer Parade von Nicolas schaltete Krattenmacher am schnellsten und gr\u00e4tschte die Kugel im Fallen \u00fcber die Linie. Die SVE war wieder dran und stellte Gladbach weiter vor Riesenprobleme. Ein Ballverlust von Youngster Nguefack verursachte einen Freisto\u00df, den die Borussen folgenschwer untersch\u00e4tzten: Nicolas stellte nur eine Drei-Mann-Mauer, die dann beim Kracher von Keidel auch noch auseinanderbrach, der durchaus nicht unhaltbare Ball schlug im linken Eck ein.<\/p>\n<p class=\"textabsatz m-ten m-offset-one l-eight l-offset-two columns twelve\">Damit nicht genug. Als Gladbach alles auf Sieg setzte, war pl\u00f6tzlich die Abwehr komplett offen. Das nutzte der \u00fcberragende Krattenmacher in der Nachspielzeit zum Siegtor.<\/p>\n<p>    Gladbach in Freiburg, Elversberg gegen die Bayern<\/p>\n<p class=\"textabsatz m-ten m-offset-one l-eight l-offset-two columns twelve\">Gladbach rangiert damit nach zwei Partien mit null Punkten im Tabellenkeller und steht am Samstagnachmittag beim SC Freiburg (15.30 Uhr) bereits unter gro\u00dfem Druck. Elversberg kann sich freuen: Mit sechs Punkten darf die SVE die Partie am Sonntagabend gegen den FC Bayern (17.30 Uhr) als wunderbares Bonusspiel betrachten.<\/p>\n<ul class=\"buttongroup buttongroup--copytext\">\n<li class=\"buttongroup__item\">\n<p>    <a class=\"btn btn--text btn--standard-secondary btn--fullwidth\" href=\"https:\/\/calovo.de\/f\/sportschau\/borussia-moenchengladbach\" rel=\"nofollow noopener\" target=\"_blank\"><br \/>\n        Borussia M\u00f6nchengladbach f\u00fcr Ihren Kalender<\/p>\n<p>  Pfeil rechts<\/p>\n<p>    <\/a>\n<\/li>\n<li class=\"buttongroup__item\">\n<p>    <a class=\"btn btn--text btn--standard-secondary btn--fullwidth\" href=\"https:\/\/calovo.de\/f\/sportschau\/sv-elversberg\" rel=\"nofollow noopener\" target=\"_blank\"><br \/>\n        SV Elversberg f\u00fcr Ihren Kalender<\/p>\n<p>  Pfeil rechts<\/p>\n<p>    <\/a>\n<\/li>\n<\/ul>\n","protected":false},"excerpt":{"rendered":"Stand: 05.09.2026 \u2022 19:59 Uhr Die SV Elversberg hat in der Fu\u00dfball-Bundesliga ein kurioses Spiel bei Borussia M\u00f6nchengladbach&hellip;\n","protected":false},"author":2,"featured_media":1282748,"comment_status":"","ping_status":"","sticky":false,"template":"","format":"standard","meta":{"footnotes":"","_share_on_mastodon":"0"},"categories":[136],"tags":[815,299,29,347,30,265,15837],"class_list":["post-1282747","post","type-post","status-publish","format-standard","has-post-thumbnail","category-sport","tag-borussia-moenchengladbach","tag-bundesliga","tag-deutschland","tag-fussball","tag-germany","tag-sport","tag-sv-07-elversberg"],"share_on_mastodon":{"url":"https:\/\/pubeurope.com\/@de\/117219788672086994","error":""},"_links":{"self":[{"href":"https:\/\/www.europesays.com\/de\/wp-json\/wp\/v2\/posts\/1282747","targetHints":{"allow":["GET"]}}],"collection":[{"href":"https:\/\/www.europesays.com\/de\/wp-json\/wp\/v2\/posts"}],"about":[{"href":"https:\/\/www.europesays.com\/de\/wp-json\/wp\/v2\/types\/post"}],"author":[{"embeddable":true,"href":"https:\/\/www.europesays.com\/de\/wp-json\/wp\/v2\/users\/2"}],"replies":[{"embeddable":true,"href":"https:\/\/www.europesays.com\/de\/wp-json\/wp\/v2\/comments?post=1282747"}],"version-history":[{"count":0,"href":"https:\/\/www.europesays.com\/de\/wp-json\/wp\/v2\/posts\/1282747\/revisions"}],"wp:featuredmedia":[{"embeddable":true,"href":"https:\/\/www.europesays.com\/de\/wp-json\/wp\/v2\/media\/1282748"}],"wp:attachment":[{"href":"https:\/\/www.europesays.com\/de\/wp-json\/wp\/v2\/media?parent=1282747"}],"wp:term":[{"taxonomy":"category","embeddable":true,"href":"https:\/\/www.europesays.com\/de\/wp-json\/wp\/v2\/categories?post=1282747"},{"taxonomy":"post_tag","embeddable":true,"href":"https:\/\/www.europesays.com\/de\/wp-json\/wp\/v2\/tags?post=1282747"}],"curies":[{"name":"wp","href":"https:\/\/api.w.org\/{rel}","templated":true}]}}