{"id":1282768,"date":"2026-09-05T18:27:12","date_gmt":"2026-09-05T18:27:12","guid":{"rendered":"https:\/\/www.europesays.com\/de\/1282768\/"},"modified":"2026-09-05T18:27:12","modified_gmt":"2026-09-05T18:27:12","slug":"gladbach-sportchef-schroeder-und-trainer-polanski-zum-34-gegen-elversberg","status":"publish","type":"post","link":"https:\/\/www.europesays.com\/de\/1282768\/","title":{"rendered":"Gladbach: Sportchef Schr\u00f6der und Trainer Polanski zum 3:4 gegen Elversberg"},"content":{"rendered":"<p class=\"text_ohne_einzug richtext text-em-55 !leading-serif mx-6 desktop:mx-0\">Vincent Wagner war begeistert. \u201eIch habe festgestellt: Ich war in meinem Leben noch nicht oft genug im <a href=\"https:\/\/rp-online.de\/thema\/borussia-park\/\" rel=\"nofollow noopener\" target=\"_blank\">Borussia-Park<\/a>. Sensationelle Choreo, sensationelle Stimmung, wirklich ein tolles Stadion. Das hat direkt Spa\u00df gemacht\u201c, sagte der Trainer der SV Elversberg.<\/p>\n<p class=\"richtext text-em-55 !leading-serif mx-6 desktop:mx-0\">Die Gladbach-Fans zogen vor dem Anpfiff eine beeindruckende Choreografie in der Nordkurve auf mit der Botschaft: \u201eEndlich wieder in der Kurve steh\u2019n \u2013 unsere geliebte Borussia seh\u2019n\u201c, stand auf einem Spruchband, das sich \u00fcber die Trib\u00fcne spannte.<\/p>\n<p class=\"richtext text-em-55 !leading-serif mx-6 desktop:mx-0\">Die Gladbacher hingegen bekamen von dort, wo sie anfangs noch gefeiert wurden, ein \u00fcppiges Pfeifkonzert zu h\u00f6ren. Kapit\u00e4n Tim Kleindienst stand satte 20 Minuten bei den Ultras und musste erkl\u00e4ren, was kaum zu erkl\u00e4ren war. \u201eMir fehlen die Worte\u201c, gestand Teamkamerad Robin Hack derweil den Journalisten in der Mixedzone.<\/p>\n<p class=\"richtext text-em-55 !leading-serif mx-6 desktop:mx-0\">\u201eEs ist eine gro\u00dfe Entt\u00e4uschung. Ich glaube, das sieht man grunds\u00e4tzlich an den Reaktionen aller: beim Klub, bei der Mannschaft, bei den Verantwortlichen und bei den Fans. Nach einer 3:1-F\u00fchrung darfst du das Spiel nicht mehr aus der Hand geben\u201c, sagte Sportchef Rouven Schr\u00f6der.<\/p>\n<p class=\"richtext text-em-55 !leading-serif mx-6 desktop:mx-0\">Nach zwei Spielen haben die Gladbacher null Punkte und sieben Gegentore. \u201eWir hatten uns das anders vorgestellt\u201c, gab Schr\u00f6der zu. Die Alarmglocken schrillen im Borussia-Universum, der Traditionsklub ist gleich wieder im Krisenmodus.<\/p>\n<p class=\"richtext text-em-55 !leading-serif mx-6 desktop:mx-0\">\u201eDie Emotionen sind einfach da. Jeder hat sich gew\u00fcnscht, mit einem Dreier in die Saison zu starten. Es ist vollkommen normal, dass es brodelt, wenn man so leidenschaftlich in eine Saison startet und dann im ersten Heimspiel in die Kurve geht, w\u00e4hrend die Fans entsprechend reagieren. Trotzdem ist klar, dass wir uns zu diesem fr\u00fchen Zeitpunkt der Saison sehr deutlich miteinander auseinandersetzen m\u00fcssen\u201c, sagte Schr\u00f6der.<\/p>\n<p>Gladbach-Coach Polanski: \u201eDas ist f\u00fcr mich unerkl\u00e4rlich\u201c      <\/p>\n<p class=\"richtext text-em-55 !leading-serif mx-6 desktop:mx-0\">Auch Trainer Eugen Polanski war die Entt\u00e4uschung deutlich anzumerken, zumal weil neben ihm Vincent Wagner ob des zweiten Saisonsieges enorm euphorisch war. \u201eWir bringen sehr viel Energie ins Spiel, wie wir zu Hause auftreten, wie wir die Tore machen, um dann sehr, sehr viele Dinge einfach falsch zu machen. Das ist f\u00fcr mich unerkl\u00e4rlich. Dementsprechend war es mit Sicherheit kein sch\u00f6ner Fu\u00dfballnachmittag f\u00fcr uns\u201c, sagte Polanski.<\/p>\n<p class=\"richtext text-em-55 !leading-serif mx-6 desktop:mx-0\">\u201eDer Schock sitzt relativ tief, dass wir das Ding heute noch aus der Hand gegeben haben. Wir k\u00f6nnen \u00fcber sehr, sehr viele Dinge sprechen, die sehr, sehr positiv sind \u2013 dar\u00fcber, was wir ver\u00e4ndert haben, wie wir auftreten, \u00fcber Fu\u00dfball und Mentalit\u00e4t. Aber wenn wir die Fehler machen und die Gegentore kassieren, die wir kassieren, brauchen wir \u00fcber nichts anderes zu sprechen. Das ist mir schon klar\u201c, sagte Polanski.<\/p>\n<p class=\"richtext text-em-55 !leading-serif mx-6 desktop:mx-0\">Schr\u00f6der ist derweil klar, dass der missratene Start in die Saison auch die Trainerdebatte in Gladbach wieder befeuern wird. \u201eWenn du Spiele nicht gewinnst, stehst du grunds\u00e4tzlich unter Druck. Aber ich m\u00f6chte jetzt nicht den Trainer isoliert unter Druck setzen. Die Spieler stehen unter Druck, der Verein steht unter Druck \u2013 letztlich stehen wir alle unter Druck\u201c, sagte Schr\u00f6der.<\/p>\n<p class=\"richtext text-em-55 !leading-serif mx-6 desktop:mx-0\">Dabei hatte er mit seinen umfangreichen Umbauma\u00dfnahmen im Team und um das Team herum, ein intensives Trainingslager am Tegernsee und eine Vorbereitung mit lauter Siegen die Stimmung nach der unbefriedigenden Vorsaison gedreht. Nun aber droht alles schnell wieder zu kippen.<\/p>\n<p class=\"richtext text-em-55 !leading-serif mx-6 desktop:mx-0\">\u201eDie Sorge beziehungsweise die Gefahr ist nat\u00fcrlich da. Aber es liegt an uns, die Dinge zu drehen. Nach solchen Spielen \u00fcber die Situation zu sprechen, ist immer relativ einfach \u2013 vor allem nach einer Niederlage wie heute. Es ist vollkommen normal, dass der Druck steigt. Wir wollten eine gewisse Aufbruchstimmung erzeugen. Das ist nach zwei Spielen und null Punkten zun\u00e4chst nicht gelungen. Damit m\u00fcssen wir umgehen\u201c, sagte Schr\u00f6der.<\/p>\n","protected":false},"excerpt":{"rendered":"Vincent Wagner war begeistert. \u201eIch habe festgestellt: Ich war in meinem Leben noch nicht oft genug im Borussia-Park.&hellip;\n","protected":false},"author":2,"featured_media":1282769,"comment_status":"","ping_status":"","sticky":false,"template":"","format":"standard","meta":{"footnotes":"","_share_on_mastodon":"0"},"categories":[1849],"tags":[9835,3364,29,21106,548,663,3934,30,13,4455,14,15,1209,12,264576,36745,19913,2648],"class_list":["post-1282768","post","type-post","status-publish","format-standard","has-post-thumbnail","category-moenchengladbach","tag-borussia","tag-de","tag-deutschland","tag-elversberg","tag-eu","tag-europa","tag-europe","tag-germany","tag-headlines","tag-moenchengladbach","tag-nachrichten","tag-news","tag-nordrhein-westfalen","tag-schlagzeilen","tag-sensationelle","tag-spass","tag-vincent","tag-wagner"],"share_on_mastodon":{"url":"https:\/\/pubeurope.com\/@de\/117219848917730439","error":""},"_links":{"self":[{"href":"https:\/\/www.europesays.com\/de\/wp-json\/wp\/v2\/posts\/1282768","targetHints":{"allow":["GET"]}}],"collection":[{"href":"https:\/\/www.europesays.com\/de\/wp-json\/wp\/v2\/posts"}],"about":[{"href":"https:\/\/www.europesays.com\/de\/wp-json\/wp\/v2\/types\/post"}],"author":[{"embeddable":true,"href":"https:\/\/www.europesays.com\/de\/wp-json\/wp\/v2\/users\/2"}],"replies":[{"embeddable":true,"href":"https:\/\/www.europesays.com\/de\/wp-json\/wp\/v2\/comments?post=1282768"}],"version-history":[{"count":0,"href":"https:\/\/www.europesays.com\/de\/wp-json\/wp\/v2\/posts\/1282768\/revisions"}],"wp:featuredmedia":[{"embeddable":true,"href":"https:\/\/www.europesays.com\/de\/wp-json\/wp\/v2\/media\/1282769"}],"wp:attachment":[{"href":"https:\/\/www.europesays.com\/de\/wp-json\/wp\/v2\/media?parent=1282768"}],"wp:term":[{"taxonomy":"category","embeddable":true,"href":"https:\/\/www.europesays.com\/de\/wp-json\/wp\/v2\/categories?post=1282768"},{"taxonomy":"post_tag","embeddable":true,"href":"https:\/\/www.europesays.com\/de\/wp-json\/wp\/v2\/tags?post=1282768"}],"curies":[{"name":"wp","href":"https:\/\/api.w.org\/{rel}","templated":true}]}}