{"id":1282774,"date":"2026-09-05T18:31:22","date_gmt":"2026-09-05T18:31:22","guid":{"rendered":"https:\/\/www.europesays.com\/de\/1282774\/"},"modified":"2026-09-05T18:31:22","modified_gmt":"2026-09-05T18:31:22","slug":"diese-aktionen-gibt-zum-schulstart-in-der-region-augsburg","status":"publish","type":"post","link":"https:\/\/www.europesays.com\/de\/1282774\/","title":{"rendered":"Diese Aktionen gibt zum Schulstart in der Region Augsburg"},"content":{"rendered":"<p class=\"mb-6 text-xs-varying md:text-m lg:text-l font-serif group-[.font-sans]:font-sans \">\n    Nach der Zeugnisvergabe gab es im Sommer noch einige Aktionen in <a href=\"https:\/\/augsburger-allgemeine.de\/bayern\/\" target=\"_self\" class=\"underline \" rel=\"nofollow noopener\">Bayern<\/a> und Schwaben, <a href=\"https:\/\/www.augsburger-allgemeine.de\/bayern\/intersport-media-markt-bahn-hier-gibt-es-in-bayern-geschenke-fuer-einser-im-zeugnis-05-08-114911967\" target=\"_self\" class=\"underline \" rel=\"nofollow noopener\">die Sch\u00fcler f\u00fcr bestimmte Noten auf ihren Zeugnissen belohnten<\/a>. Am 15. September d\u00fcrfen sich nun diejenigen freuen, die ganz frisch in die Schule starten. Gesch\u00e4fte und Unternehmen bieten in der ersten Schulwoche f\u00fcr Erstkl\u00e4ssler viele unterschiedliche Aktionen an.\n  <\/p>\n<p class=\"mb-6 text-xs-varying md:text-m lg:text-l font-serif group-[.font-sans]:font-sans \">\n    Zum Beispiel gilt sowohl im<strong class=\"font-bold\"> Allg\u00e4u Skyline Park als auch im Bayern-Park in Reisbach<\/strong> freier Eintritt f\u00fcr ABC-Sch\u00fctzen. Das gilt in beiden Parks am 15., 16., 19. und 20. September. Als Nachweis akzeptieren sie beispielsweise eine Kopie der Geburtsurkunde, die Krankenversicherungskarte oder einen Einschulungsbeleg.\n  <\/p>\n<p>            Schult\u00fcten-Aktion: Hier werden vor und nach der Einschulung Schult\u00fcten umsonst bef\u00fcllt<\/p>\n<p class=\"mb-6 text-xs-varying md:text-m lg:text-l font-serif group-[.font-sans]:font-sans \">\n    Wer seine Schult\u00fcte gleich in den ersten Tagen leert, kann sie bei unterschiedlichen Aktionen auff\u00fcllen lassen: Die <strong class=\"font-bold\">Cineplex-Kinos in K\u00f6nigsbrunn, Meitingen und Aichach<\/strong> bieten etwa am 19. September, zwischen 10 und 14 Uhr, an, mitgebrachte Schult\u00fcten von Erstkl\u00e4sslerinnen und Erstkl\u00e4sslern mit kleinen Geschenken der teilnehmenden Partner zu f\u00fcllen. Die Aktion gilt, solange der Vorrat reicht.\n  <\/p>\n<p class=\"mb-6 text-xs-varying md:text-m lg:text-l font-serif group-[.font-sans]:font-sans \">\n    In<strong class=\"font-bold\"> Landsberg und Ingolstadt f\u00fcllt Alnatura<\/strong> die Schult\u00fcten noch vor dem Schulstart. Daf\u00fcr kann man die leere Schult\u00fcte ab dem 1. September im Gesch\u00e4ft abgeben und dort einen Abholtermin ausmachen. Alnatura packt laut Aktionsmitteilung \u201eBio-Leckereien f\u00fcr die ersten gro\u00dfen Pausen\u201c ein. Auch in der\u00a0<strong class=\"font-bold\">Glacis-Galerie Neu-Ulm<\/strong>\u00a0werden am\u00a0Dienstag, 15. September, Schult\u00fcten bef\u00fcllt. Die Aktion l\u00e4uft zwischen 13 und 15 Uhr am Seiteneingang bei der Br\u00fccke. Voraussetzung ist, eine eigene Schult\u00fcte mitzubringen.\n  <\/p>\n<p>            Schult\u00fcte vorzeigen: Daf\u00fcr bekommen Erstkl\u00e4ssler Schnitzel und Pommes aufs Haus<\/p>\n<p class=\"mb-6 text-xs-varying md:text-m lg:text-l font-serif group-[.font-sans]:font-sans \">\n    Im <strong class=\"font-bold\">Baumarkt in Dasing<\/strong> bekommen Erstkl\u00e4sslerinnen und Erstkl\u00e4ssler ein Gericht von der Kinderkarte kostenlos, wenn sie ihre Schult\u00fcte vorzeigen<strong class=\"font-bold\">. <\/strong>Es gibt etwa Schnitzel mit Pommes, Sp\u00e4tzle mit So\u00dfe oder Fischst\u00e4bchen mit Kartoffelsalat. Die Aktion l\u00e4uft nur am 15. September. Es wird empfohlen, einen Tisch zu reservieren.\n  <\/p>\n<p class=\"mb-6 text-xs-varying md:text-m lg:text-l font-serif group-[.font-sans]:font-sans \">\n    Sie kennen noch weitere Aktionen, die zum Schulstart f\u00fcr neu eingeschulte Kinder in der Region stattfinden? Schreiben Sie diese gerne an online-redaktion@augsburger-allgemeine.de.\n  <\/p>\n","protected":false},"excerpt":{"rendered":"Nach der Zeugnisvergabe gab es im Sommer noch einige Aktionen in Bayern und Schwaben, die Sch\u00fcler f\u00fcr bestimmte&hellip;\n","protected":false},"author":2,"featured_media":1282775,"comment_status":"","ping_status":"","sticky":false,"template":"","format":"standard","meta":{"footnotes":"","_share_on_mastodon":"0"},"categories":[1846],"tags":[53562,680,136723,772,3364,29,27676,20767,101152,548,663,3934,32323,30,13,14,15,12,12917,97186,245399],"class_list":["post-1282774","post","type-post","status-publish","format-standard","has-post-thumbnail","category-augsburg","tag-achterbahnfahrt","tag-augsburg","tag-bayerisch-schwaben","tag-bayern","tag-de","tag-deutschland","tag-einschulung","tag-eintritt","tag-erstklaessler","tag-eu","tag-europa","tag-europe","tag-freizeitpark","tag-germany","tag-headlines","tag-nachrichten","tag-news","tag-schlagzeilen","tag-schnitzel","tag-schultuete","tag-zeugnisvergabe"],"share_on_mastodon":{"url":"","error":""},"_links":{"self":[{"href":"https:\/\/www.europesays.com\/de\/wp-json\/wp\/v2\/posts\/1282774","targetHints":{"allow":["GET"]}}],"collection":[{"href":"https:\/\/www.europesays.com\/de\/wp-json\/wp\/v2\/posts"}],"about":[{"href":"https:\/\/www.europesays.com\/de\/wp-json\/wp\/v2\/types\/post"}],"author":[{"embeddable":true,"href":"https:\/\/www.europesays.com\/de\/wp-json\/wp\/v2\/users\/2"}],"replies":[{"embeddable":true,"href":"https:\/\/www.europesays.com\/de\/wp-json\/wp\/v2\/comments?post=1282774"}],"version-history":[{"count":0,"href":"https:\/\/www.europesays.com\/de\/wp-json\/wp\/v2\/posts\/1282774\/revisions"}],"wp:featuredmedia":[{"embeddable":true,"href":"https:\/\/www.europesays.com\/de\/wp-json\/wp\/v2\/media\/1282775"}],"wp:attachment":[{"href":"https:\/\/www.europesays.com\/de\/wp-json\/wp\/v2\/media?parent=1282774"}],"wp:term":[{"taxonomy":"category","embeddable":true,"href":"https:\/\/www.europesays.com\/de\/wp-json\/wp\/v2\/categories?post=1282774"},{"taxonomy":"post_tag","embeddable":true,"href":"https:\/\/www.europesays.com\/de\/wp-json\/wp\/v2\/tags?post=1282774"}],"curies":[{"name":"wp","href":"https:\/\/api.w.org\/{rel}","templated":true}]}}