{"id":1282811,"date":"2026-09-05T18:55:20","date_gmt":"2026-09-05T18:55:20","guid":{"rendered":"https:\/\/www.europesays.com\/de\/1282811\/"},"modified":"2026-09-05T18:55:20","modified_gmt":"2026-09-05T18:55:20","slug":"schluss-mit-europas-pestizid-doppelstandard-nw-de","status":"publish","type":"post","link":"https:\/\/www.europesays.com\/de\/1282811\/","title":{"rendered":"Schluss mit Europas Pestizid-Doppelstandard | nw.de"},"content":{"rendered":"<p id=\"absatz1\" class=\"em_text\">Es ist ein absurdes System: EU-Landwirte d\u00fcrfen bestimmte Pestizide beim Anbau von Zitronen nicht einsetzen, die Konkurrenz in S\u00fcdafrika schon. Dennoch landen alle Fr\u00fcchte am Ende gleicherma\u00dfen in europ\u00e4ischen Superm\u00e4rkten.<\/p>\n<p id=\"absatz2\" class=\"em_text\">Kein Wunder, dass sich hiesige Erzeuger seit Langem \u00fcber Wettbewerbsnachteile beklagen. Nun warnt das Forschungszentrum der EU-Kommission allerdings: W\u00fcrden die europ\u00e4ischen Vorgaben auch f\u00fcr importierte Agrarerzeugnisse gelten, k\u00f6nnten Lebensmittel sp\u00fcrbar teurer und einzelne Waren sogar knapp werden.<\/p>\n<p id=\"absatz3\" class=\"em_text\">Die EU-Kommission steht vor einer unbequemen Entscheidung. Sie kann entweder strengere Pestizidvorschriften auch f\u00fcr Kaffee, Zitronen und andere Waren aus Nicht-EU-Staaten durchsetzen. Oder sie setzt weiter auf m\u00f6glichst niedrige Preise im Supermarkt \u2013 und nimmt in Kauf, dass eingef\u00fchrte Lebensmittel R\u00fcckst\u00e4nde eines Pestizid-Cocktails enthalten k\u00f6nnten.<\/p>\n<p>\n        \u00d7\n    <\/p>\n<p>\n            Sie erhalten in wenigen Minuten eine E-Mail zur Best\u00e4tigung Ihrer Anmeldung.\n        <\/p>\n<p>Erst danach ist diese abgeschlossen.<\/p>\n<p>Bitte pr\u00fcfen Sie auch den Spam-Ordner.<\/p>\n<p>\n        \u00d7\n    <\/p>\n<p>\n            Sie haben bisher Ihre E-Mail-Adresse noch nicht best\u00e4tigt.\n        <\/p>\n<p>Erst danach ist diese abgeschlossen.<\/p>\n<p>Bitte pr\u00fcfen Sie auch den Spam-Ordner.<\/p>\n<p>\n        \u00d7\n    <\/p>\n<p>\n            Es ist einen Fehler aufgetreten\n        <\/p>\n<p>Bei Fragen hilft unser Newsletter-Support<\/p>\n<p> Newsletter<\/p>\n<p> Wirtschaft <\/p>\n<p>W\u00f6chentlich die neuesten Wirtschaftsthemen und Entwicklungen aus OWL.<\/p>\n<p>                Jetzt anmelden<\/p>\n<p>Alternativen kosten mehr<\/p>\n<p class=\"em_text\">Ihre Standards macht die EU schon heute in vielen Bereichen zur Voraussetzung f\u00fcr den Zugang zu ihrem Markt. Das sollte sie auch beim Pestizideinsatz tun, wenn Landwirte aus Drittstaaten ihre Produkte hier verkaufen wollen. Den Produzenten au\u00dferhalb Europas wird das nicht gefallen. Es sorgt aber f\u00fcr ges\u00fcndere Lebensmittel \u2013 und daf\u00fcr, dass Besch\u00e4ftigte auf Plantagen weniger gef\u00e4hrlichen Chemikalien ausgesetzt sind.<\/p>\n<p id=\"absatz5\" class=\"em_text\">Gewiss: Das hat seinen Preis. Gigantische Steigerungen d\u00fcrften dennoch ausbleiben. Europa ist ein so wichtiger Absatzmarkt, dass Landwirte ihre Methoden anpassen werden. Teurer wird es dennoch, weil alternative Pflanzenschutzmittel mehr kosten, ebenso wie eine st\u00e4rkere Produktion in Europa.<\/p>\n<p id=\"absatz6\" class=\"em_text\">Die EU-Kommission sollte nun genau pr\u00fcfen, welche Pestizide sie auf die schwarze Liste setzt, ohne die Inflation im Supermarkt stark anzuheizen. Ein moderater Aufschlag ist ein geringer Preis f\u00fcr gute Lebensmittel und weniger Risiken. <\/p>\n","protected":false},"excerpt":{"rendered":"Es ist ein absurdes System: EU-Landwirte d\u00fcrfen bestimmte Pestizide beim Anbau von Zitronen nicht einsetzen, die Konkurrenz in&hellip;\n","protected":false},"author":2,"featured_media":1282812,"comment_status":"","ping_status":"","sticky":false,"template":"","format":"standard","meta":{"footnotes":"","_share_on_mastodon":"0"},"categories":[3933],"tags":[331,332,548,942,663,158,3934,3935,13,732,1606,216840,702,198610,89142,1612,16405,14,15,96177,12,45770,7116],"class_list":["post-1282811","post","type-post","status-publish","format-standard","has-post-thumbnail","category-eu","tag-aktuelle-nachrichten","tag-aktuelle-news","tag-eu","tag-eu-kommission","tag-europa","tag-europaeische-union","tag-europe","tag-european-union","tag-headlines","tag-label_frei","tag-label_m-80","tag-label_ordne-fuer-mich-ein","tag-lebensmittel","tag-meta_artikelklasse_debatte","tag-meta_copyrights_rnd","tag-meta_themen_wirtschaft","tag-meta_userneeds_ordneein","tag-nachrichten","tag-news","tag-pestizid","tag-schlagzeilen","tag-serie_leitartikel","tag-suedafrika"],"share_on_mastodon":{"url":"https:\/\/pubeurope.com\/@de\/117219958853952345","error":""},"_links":{"self":[{"href":"https:\/\/www.europesays.com\/de\/wp-json\/wp\/v2\/posts\/1282811","targetHints":{"allow":["GET"]}}],"collection":[{"href":"https:\/\/www.europesays.com\/de\/wp-json\/wp\/v2\/posts"}],"about":[{"href":"https:\/\/www.europesays.com\/de\/wp-json\/wp\/v2\/types\/post"}],"author":[{"embeddable":true,"href":"https:\/\/www.europesays.com\/de\/wp-json\/wp\/v2\/users\/2"}],"replies":[{"embeddable":true,"href":"https:\/\/www.europesays.com\/de\/wp-json\/wp\/v2\/comments?post=1282811"}],"version-history":[{"count":0,"href":"https:\/\/www.europesays.com\/de\/wp-json\/wp\/v2\/posts\/1282811\/revisions"}],"wp:featuredmedia":[{"embeddable":true,"href":"https:\/\/www.europesays.com\/de\/wp-json\/wp\/v2\/media\/1282812"}],"wp:attachment":[{"href":"https:\/\/www.europesays.com\/de\/wp-json\/wp\/v2\/media?parent=1282811"}],"wp:term":[{"taxonomy":"category","embeddable":true,"href":"https:\/\/www.europesays.com\/de\/wp-json\/wp\/v2\/categories?post=1282811"},{"taxonomy":"post_tag","embeddable":true,"href":"https:\/\/www.europesays.com\/de\/wp-json\/wp\/v2\/tags?post=1282811"}],"curies":[{"name":"wp","href":"https:\/\/api.w.org\/{rel}","templated":true}]}}