{"id":1282813,"date":"2026-09-05T18:56:19","date_gmt":"2026-09-05T18:56:19","guid":{"rendered":"https:\/\/www.europesays.com\/de\/1282813\/"},"modified":"2026-09-05T18:56:19","modified_gmt":"2026-09-05T18:56:19","slug":"dfb-pokal-dortmund-gegen-werder-bayern-gegen-magdeburg","status":"publish","type":"post","link":"https:\/\/www.europesays.com\/de\/1282813\/","title":{"rendered":"DFB-Pokal &#8211; Dortmund gegen Werder, Bayern gegen Magdeburg"},"content":{"rendered":"<p>            <img loading=\"lazy\" decoding=\"async\" class=\"ts-image\" src=\"https:\/\/www.europesays.com\/de\/wp-content\/uploads\/2026\/09\/dfb-pokallose-100.jpg\" alt=\"Die Loskugeln f\u00fcr die Auslosung der 2. Pokalrunde\" title=\"Die Loskugeln f\u00fcr die Auslosung der 2. Pokalrunde | DFB\"\/><\/p>\n<p class=\"metatextline\">Stand: 05.09.2026 \u2022 18:37 Uhr<\/p>\n<p class=\"article-head__shorttext\">\n        <strong>Es ist das Hammerspiel in der 2. Runde des DFB-Pokals: Borussia Dortmund trifft auf Werder Bremen. Der 1. FC Magdeburg muss zum FC Bayern.<\/strong>\n    <\/p>\n<p class=\"textabsatz m-ten m-offset-one l-eight l-offset-two columns twelve\">&#8222;Losfee&#8220; Bastian Schweinsteiger zog im Deutschen Sportmuseum in Dortmund reizvolle Partien. So kommt es in Dresden zum sicherlich stimmungsvollen Traditionsduell mit Bundesliga-Aufsteiger FC Schalke 04. Drittligist Rot-Weiss Essen wird sich ebenfalls auf ein ausverkauftes Haus an der Hafenstra\u00dfe freuen, wenn RB Leipzig anreist.<\/p>\n<p class=\"textabsatz m-ten m-offset-one l-eight l-offset-two columns twelve\">Zum interessanten Bundesligaduell kommt es in Hamburg, wenn der HSV die Frankfurter Eintracht empf\u00e4ngt. Auch die Partie des SC Paderborn gegen den VfB Stuttgart birgt eine Menge Z\u00fcndstoff.<\/p>\n<p>    Hertha nach Jeddeloh II<\/p>\n<p class=\"textabsatz m-ten m-offset-one l-eight l-offset-two columns twelve\">Hertha BSC muss derweil beim Nord-Regionalligisten SSV Jeddeloh II antreten. Der Viertligist hatte in der ersten Runde mit dem 1. FC Heidenheim bereits einen Zweitligisten mit 5:2 aus dem Wettbewerb gekegelt. &#8222;Hertha ist ein geiles Los&#8220;, sagte Jeddelohs Sportlicher Leiter Olaf Blanke im Rahmen der Ziehung in der ARD-Sportschau. &#8222;Wir werden das Spiel \u00fcber 120 Minuten rocken und dann im Elfmeterschie\u00dfen weiterziehen.&#8220;<\/p>\n<p>                    Die 2. Runde<\/p>\n<tr>\n                        Heim<br \/>\n                        Ausw\u00e4rts<br \/>\n                    <\/tr>\n<tr>\n<td>\n                            SG Sonnenhof Gro\u00dfaspach (3L)<\/p>\n<\/td>\n<td>\n                            FC Augsburg (BL)<\/p>\n<\/td>\n<\/tr>\n<tr>\n<td>\n                            SSV Jeddeloh II (RL)<\/p>\n<\/td>\n<td>\n                            Hertha BSC (2BL)<\/p>\n<\/td>\n<\/tr>\n<tr>\n<td>\n                            Rot-Weiss Essen (3L)<\/p>\n<\/td>\n<td>\n                            RB Leipzig (BL)<\/p>\n<\/td>\n<\/tr>\n<tr>\n<td>\n                            1. FC K\u00f6ln (BL)<\/p>\n<\/td>\n<td>\n                            1. FC Union Berlin (BL)<\/p>\n<\/td>\n<\/tr>\n<tr>\n<td>\n                            Dynamo Dresden (2BL)<\/p>\n<\/td>\n<td>\n                            FC Schalke 04 (BL)<\/p>\n<\/td>\n<\/tr>\n<tr>\n<td>\n                            Borussia Dortmund (BL)<\/p>\n<\/td>\n<td>\n                            Werder Bremen (BL)<\/p>\n<\/td>\n<\/tr>\n<tr>\n<td>\n                            VfL Bochum (2BL)<\/p>\n<\/td>\n<td>\n                            1. FSV Mainz 05 (BL)<\/p>\n<\/td>\n<\/tr>\n<tr>\n<td>\n                            Hamburger SV (BL)<\/p>\n<\/td>\n<td>\n                            Eintracht Frankfurt (BL)<\/p>\n<\/td>\n<\/tr>\n<tr>\n<td>\n                            Bor. M&#8217;gladbach (BL)<\/p>\n<\/td>\n<td>\n                            Karlsruher SC (2BL)<\/p>\n<\/td>\n<\/tr>\n<tr>\n<td>\n                            FC Bayern M\u00fcnchen (BL)<\/p>\n<\/td>\n<td>\n                            1. FC Magdeburg (2BL)<\/p>\n<\/td>\n<\/tr>\n<tr>\n<td>\n                            Holstein Kiel (2BL)<\/p>\n<\/td>\n<td>\n                            1899 Hoffenheim (BL)<\/p>\n<\/td>\n<\/tr>\n<tr>\n<td>\n                            SC Freiburg (BL)<\/p>\n<\/td>\n<td>\n                            VfL Wolfsburg (2BL)<\/p>\n<\/td>\n<\/tr>\n<tr>\n<td>\n                            Hannover 96 (2BL)<\/p>\n<\/td>\n<td>\n                            1. FC K&#8217;lautern (2BL)<\/p>\n<\/td>\n<\/tr>\n<tr>\n<td>\n                            Bayer Leverkusen (BL)<\/p>\n<\/td>\n<td>\n                            1. FC N\u00fcrnberg (2BL)<\/p>\n<\/td>\n<\/tr>\n<tr>\n<td>\n                            SC Paderborn 07 (BL)<\/p>\n<\/td>\n<td>\n                            VfB Stuttgart (BL)<\/p>\n<\/td>\n<\/tr>\n<tr>\n<td>\n                            SV 07 Elversberg (BL)<\/p>\n<\/td>\n<td>\n                            SV Darmstadt 98 (2BL)<\/p>\n<\/td>\n<\/tr>\n<p class=\"textabsatz m-ten m-offset-one l-eight l-offset-two columns twelve\">BL = Bundesliga, 2BL = 2. Bundesliga, 3L = 3. Liga, RL = Regionalliga, OL = Oberliga<\/p>\n<p>    Was ist in der 2. Runde anders?<\/p>\n<p class=\"textabsatz m-ten m-offset-one l-eight l-offset-two columns twelve\">Der Video-Assistent kommt erstmals in der Geschichte des DFB-Pokals schon in der 2. Runde zum Einsatz. Zuletzt wurde er erst ab dem Achtelfinale eingesetzt. In der 1. Hauptrunde hatten sich viele Fanszenen auf Bannern und in einem gemeinsamen Protestschreiben f\u00fcr die Abschaffung des Video-Assistenten ausgesprochen.<\/p>\n<p class=\"textabsatz m-ten m-offset-one l-eight l-offset-two columns twelve\">Zustimmung erhielten sie von Michael Str\u00f6ll, dem Gesch\u00e4ftsf\u00fchrer des FC Augsburg. Er sprach sich ebenfalls f\u00fcr eine Abschaffung aus. Der VAR sei eingef\u00fchrt worden, um den Fu\u00dfball gerechter zu machen, sagte Str\u00f6ll im &#8222;Kicker&#8220;. &#8222;In der Praxis verlagern wir das Problem jedoch oftmals von der Diskussion \u00fcber die Schiedsrichter-Entscheidung zur Diskussion \u00fcber den Video-Schiedsrichter.&#8220; Eine ernsthafte Abschaffung steht derzeit nicht im Raum.<\/p>\n<p>    Wann finden die weiteren Runden statt?<\/p>\n<ul class=\"bulletpoint-list \">\n<li>2. Hauptrunde: 27.\/28. Oktober 2026<\/li>\n<li>Achtelfinale: 1.\/2. Dezember 2026<\/li>\n<li>Viertelfinale: 2.\/3. und 9.\/10. Februar 2027<\/li>\n<li>Halbfinale: 20.\/21. April 2027<\/li>\n<li>Finale in Berlin: 29. Mai 2027<\/li>\n<\/ul>\n<p>    Wie viel Geld k\u00f6nnen die Vereine einnehmen?<\/p>\n<p class=\"textabsatz m-ten m-offset-one l-eight l-offset-two columns twelve\">Die Pr\u00e4mien erh\u00f6hte der DFB im Vergleich zur Vorsaison. F\u00fcr die Teilnahme am Wettbewerb gibt es rund eine Viertelmillion Euro. Wer das Finale gewinnt, hat in Summe am Ende rund 13 Millionen Euro erspielt &#8211; bislang waren es rund elf Millionen.<\/p>\n<p>                    Pr\u00e4mien DFB-Pokal (in Euro)<\/p>\n<tr>\n                        Runde<br \/>\n                        Betrag<br \/>\n                    <\/tr>\n<tr>\n<td>\n                            1. Hauptrunde<\/p>\n<\/td>\n<td>\n                            228.189<\/p>\n<\/td>\n<\/tr>\n<tr>\n<td>\n                            2. Hauptrunde<\/p>\n<\/td>\n<td>\n                            456.377<\/p>\n<\/td>\n<\/tr>\n<tr>\n<td>\n                            Achtelfinale<\/p>\n<\/td>\n<td>\n                            912.755<\/p>\n<\/td>\n<\/tr>\n<tr>\n<td>\n                            Viertelfinale<\/p>\n<\/td>\n<td>\n                            1.825.509<\/p>\n<\/td>\n<\/tr>\n<tr>\n<td>\n                            Halbfinale<\/p>\n<\/td>\n<td>\n                            3.651.019<\/p>\n<\/td>\n<\/tr>\n<tr>\n<td>\n                            Verlierer Finale<\/p>\n<\/td>\n<td>\n                            4.024.234<\/p>\n<\/td>\n<\/tr>\n<tr>\n<td>\n                            Sieger Finale<\/p>\n<\/td>\n<td>\n                            6.036.350<\/p>\n<\/td>\n<\/tr>\n<p class=\"textabsatz m-ten m-offset-one l-eight l-offset-two columns twelve\">Zu den Pr\u00e4mien des DFB kommen die Einnahmen aus dem Eintrittskartenverkauf und der Bandenwerbung. Dieses Geld m\u00fcssen die Klubs nach Abzug aller Kosten und Steuern teilen. Zehn Prozent dieser Einnahmen gehen au\u00dferdem an den DFB, jeder Klub erh\u00e4lt also 45 Prozent.<\/p>\n<p>    Was k\u00f6nnen die Klubs au\u00dferdem erreichen?<\/p>\n<p class=\"textabsatz m-ten m-offset-one l-eight l-offset-two columns twelve\">Der Sieger des DFB-Pokals hat auch nach der Europapokalreform der UEFA, die seit der Saison 2024\/25 gilt, in der Folge-Saison Startrecht in der neuen Ligaphase der Europa League.<\/p>\n<p class=\"textabsatz m-ten m-offset-one l-eight l-offset-two columns twelve\">Ist der DFB-Pokalsieger schon \u00fcber die Bundesliga f\u00fcr die Champions League oder die Europa League qualifiziert, geht der Platz an die Bundesliga, wo er dann gem\u00e4\u00df der Abschlusstabelle verteilt wird. Der unterlegene Finalist des DFB-Pokal-Endspiels kann in keinem Fall profitieren.<\/p>\n<p class=\"absatzbild__info__text\">\n                        Die Europa-League-Troph\u00e4e\n                    <\/p>\n","protected":false},"excerpt":{"rendered":"Stand: 05.09.2026 \u2022 18:37 Uhr Es ist das Hammerspiel in der 2. Runde des DFB-Pokals: Borussia Dortmund trifft&hellip;\n","protected":false},"author":2,"featured_media":1282814,"comment_status":"","ping_status":"","sticky":false,"template":"","format":"standard","meta":{"footnotes":"","_share_on_mastodon":"0"},"categories":[5],"tags":[331,332,3364,29,1264,347,30,13,14,15,12],"class_list":["post-1282813","post","type-post","status-publish","format-standard","has-post-thumbnail","category-nachrichten","tag-aktuelle-nachrichten","tag-aktuelle-news","tag-de","tag-deutschland","tag-dfb-pokal","tag-fussball","tag-germany","tag-headlines","tag-nachrichten","tag-news","tag-schlagzeilen"],"share_on_mastodon":{"url":"https:\/\/pubeurope.com\/@de\/117219964408936323","error":""},"_links":{"self":[{"href":"https:\/\/www.europesays.com\/de\/wp-json\/wp\/v2\/posts\/1282813","targetHints":{"allow":["GET"]}}],"collection":[{"href":"https:\/\/www.europesays.com\/de\/wp-json\/wp\/v2\/posts"}],"about":[{"href":"https:\/\/www.europesays.com\/de\/wp-json\/wp\/v2\/types\/post"}],"author":[{"embeddable":true,"href":"https:\/\/www.europesays.com\/de\/wp-json\/wp\/v2\/users\/2"}],"replies":[{"embeddable":true,"href":"https:\/\/www.europesays.com\/de\/wp-json\/wp\/v2\/comments?post=1282813"}],"version-history":[{"count":0,"href":"https:\/\/www.europesays.com\/de\/wp-json\/wp\/v2\/posts\/1282813\/revisions"}],"wp:featuredmedia":[{"embeddable":true,"href":"https:\/\/www.europesays.com\/de\/wp-json\/wp\/v2\/media\/1282814"}],"wp:attachment":[{"href":"https:\/\/www.europesays.com\/de\/wp-json\/wp\/v2\/media?parent=1282813"}],"wp:term":[{"taxonomy":"category","embeddable":true,"href":"https:\/\/www.europesays.com\/de\/wp-json\/wp\/v2\/categories?post=1282813"},{"taxonomy":"post_tag","embeddable":true,"href":"https:\/\/www.europesays.com\/de\/wp-json\/wp\/v2\/tags?post=1282813"}],"curies":[{"name":"wp","href":"https:\/\/api.w.org\/{rel}","templated":true}]}}