{"id":1282852,"date":"2026-09-05T19:29:18","date_gmt":"2026-09-05T19:29:18","guid":{"rendered":"https:\/\/www.europesays.com\/de\/1282852\/"},"modified":"2026-09-05T19:29:18","modified_gmt":"2026-09-05T19:29:18","slug":"mensch-stirbt-bei-brand-in-mehrfamilienhaus","status":"publish","type":"post","link":"https:\/\/www.europesays.com\/de\/1282852\/","title":{"rendered":"Mensch stirbt bei Brand in Mehrfamilienhaus"},"content":{"rendered":"<p>Beim Brand in einem D\u00fcsseldorfer Mehrfamilienhaus stirbt ein Bewohner, drei weitere werden verletzt. Die Feuerwehr verhindert Schlimmeres.<\/p>\n<p>D\u00fcsseldorf (dpa\/lnw) &#8211; Bei einem Brand in einem Mehrfamilienhaus in D\u00fcsseldorf ist am Samstagnachmittag ein Mensch ums Leben gekommen. Laut Angaben der Feuerwehr wurden au\u00dferdem drei Bewohner durch das Einatmen von Rauch leicht verletzt und zur Behandlung in Krankenh\u00e4user gebracht.<\/p>\n<p class=\"contextmenu caption\">Wohnungen vorerst unbewohnbar<\/p>\n<p>Einsatzkr\u00e4fte stellten eine starke Verrauchung in einer Wohnung im dritten Obergeschoss fest und verhinderten eine Ausbreitung des Feuers auf weitere Wohnungen. Wegen der starken Rauchentwicklung sind mehrere Wohnungen vorerst nicht bewohnbar. Rund 40 Kr\u00e4fte von Feuerwehr und Rettungsdienst waren etwa zweieinhalb Stunden im Einsatz. Die Kriminalpolizei ermittelt zur Brandursache.\u00a0<\/p>\n<p>Texte und Fotos von die-glocke.de sind urheberrechtlich gesch\u00fctzt.<br \/>\n            Weiterverwendung nur mit Genehmigung der Chefredaktion.<\/p>\n","protected":false},"excerpt":{"rendered":"Beim Brand in einem D\u00fcsseldorfer Mehrfamilienhaus stirbt ein Bewohner, drei weitere werden verletzt. Die Feuerwehr verhindert Schlimmeres. D\u00fcsseldorf&hellip;\n","protected":false},"author":2,"featured_media":1282853,"comment_status":"","ping_status":"","sticky":false,"template":"","format":"standard","meta":{"footnotes":"","_share_on_mastodon":"0"},"categories":[1831],"tags":[2919,3364,29,3405,985,30,12182,1209,6062],"class_list":["post-1282852","post","type-post","status-publish","format-standard","has-post-thumbnail","category-duesseldorf","tag-brand","tag-de","tag-deutschland","tag-duesseldorf","tag-feuerwehr","tag-germany","tag-mehrfamilienhaus","tag-nordrhein-westfalen","tag-todesopfer"],"share_on_mastodon":{"url":"https:\/\/pubeurope.com\/@de\/117220092498272818","error":""},"_links":{"self":[{"href":"https:\/\/www.europesays.com\/de\/wp-json\/wp\/v2\/posts\/1282852","targetHints":{"allow":["GET"]}}],"collection":[{"href":"https:\/\/www.europesays.com\/de\/wp-json\/wp\/v2\/posts"}],"about":[{"href":"https:\/\/www.europesays.com\/de\/wp-json\/wp\/v2\/types\/post"}],"author":[{"embeddable":true,"href":"https:\/\/www.europesays.com\/de\/wp-json\/wp\/v2\/users\/2"}],"replies":[{"embeddable":true,"href":"https:\/\/www.europesays.com\/de\/wp-json\/wp\/v2\/comments?post=1282852"}],"version-history":[{"count":0,"href":"https:\/\/www.europesays.com\/de\/wp-json\/wp\/v2\/posts\/1282852\/revisions"}],"wp:featuredmedia":[{"embeddable":true,"href":"https:\/\/www.europesays.com\/de\/wp-json\/wp\/v2\/media\/1282853"}],"wp:attachment":[{"href":"https:\/\/www.europesays.com\/de\/wp-json\/wp\/v2\/media?parent=1282852"}],"wp:term":[{"taxonomy":"category","embeddable":true,"href":"https:\/\/www.europesays.com\/de\/wp-json\/wp\/v2\/categories?post=1282852"},{"taxonomy":"post_tag","embeddable":true,"href":"https:\/\/www.europesays.com\/de\/wp-json\/wp\/v2\/tags?post=1282852"}],"curies":[{"name":"wp","href":"https:\/\/api.w.org\/{rel}","templated":true}]}}