{"id":1282856,"date":"2026-09-05T19:31:16","date_gmt":"2026-09-05T19:31:16","guid":{"rendered":"https:\/\/www.europesays.com\/de\/1282856\/"},"modified":"2026-09-05T19:31:16","modified_gmt":"2026-09-05T19:31:16","slug":"kracher-auslosung-der-sc-paderborn-empfaengt-im-dfb-pokal-den-vfb-stuttgart","status":"publish","type":"post","link":"https:\/\/www.europesays.com\/de\/1282856\/","title":{"rendered":"Kracher-Auslosung: Der SC Paderborn empf\u00e4ngt im DFB-Pokal den VfB Stuttgart"},"content":{"rendered":"<p id=\"absatz1\" class=\"em_text\">Paderborn. Losfee Bastian Schweinsteiger hat dem SC Paderborn ein Hammer-Los in der 2. Runde des DFB-Pokals beschert. Der Weltmeister und Champions-League-Sieger zog in Dortmund im Deutschen Fu\u00dfballmuseum mit dem VfB Stuttgart den Pokalsieger von 2025 und diesj\u00e4hrigen Pokalfinalisten aus der Lostrommel.<\/p>\n<p id=\"absatz2\" class=\"em_text\">SCP-Trainer Ralf Kettemann kommentiert: \u201eEs ist richtig sch\u00f6n, dass wir ein Heimspiel haben. Schon in der vergangenen Saison im DFB-Pokal haben wir in der zweiten Runde zu Hause gegen Leverkusen gezeigt, was gegen Top-Teams m\u00f6glich ist. Es wird eine sch\u00f6ne Pokalnacht, auf die wir uns alle freuen.\u201c<\/p>\n<p id=\"absatz3\" class=\"em_text\">In der 2. Pokal-Runde am Dienstag und Mittwoch, 27. und 28. Oktober, genie\u00dft der SCP Heimrecht. Die genauen Spielansetzungen folgen noch. Ob das Spiel im Free-TV \u00fcbertragen wird, ist ebenfalls noch unklar.<\/p>\n<p id=\"absatz4\" class=\"em_text\">Ende August hatten die Paderborner 4:2 gegen den Nord-Regionalligisten 1. FC Ph\u00f6nix L\u00fcbeck gewonnen. F\u00fcr den Sieg erhielt der SCP 456.377 Euro \u2013 jetzt winken weitere Einnahmen f\u00fcr die Vereinskasse.<\/p>\n<p>\n        \u00d7\n    <\/p>\n<p>\n            Sie erhalten in wenigen Minuten eine E-Mail zur Best\u00e4tigung Ihrer Anmeldung.\n        <\/p>\n<p>Erst danach ist diese abgeschlossen.<\/p>\n<p>Bitte pr\u00fcfen Sie auch den Spam-Ordner.<\/p>\n<p>\n        \u00d7\n    <\/p>\n<p>\n            Sie haben bisher Ihre E-Mail-Adresse noch nicht best\u00e4tigt.\n        <\/p>\n<p>Erst danach ist diese abgeschlossen.<\/p>\n<p>Bitte pr\u00fcfen Sie auch den Spam-Ordner.<\/p>\n<p>\n        \u00d7\n    <\/p>\n<p>\n            Es ist einen Fehler aufgetreten\n        <\/p>\n<p>Bei Fragen hilft unser Newsletter-Support<\/p>\n<p> Newsletter<\/p>\n<p> SC Paderborn 07<\/p>\n<p>W\u00f6chentlich alle News rund um den SC Paderborn.<\/p>\n<p>                Jetzt anmelden<\/p>\n<p id=\"absatz5\"><b class=\"bold\">Alle SCP-Nachrichten im \u00dcberblick: <\/b><a href=\"https:\/\/www.nw.de\/sport\/sc_paderborn_07\/24341315_Aktuelles-vom-SC-Paderborn-Home-Deluxe-Arena-wird-zur-Baustelle.html\" rel=\"nofollow noopener\" target=\"_blank\">Der News-Blog rund um den SC Paderborn<\/a> <\/p>\n<p>Erst Heimniederlage, dann Pokalauslosung<\/p>\n<p id=\"absatz6\" class=\"em_text\">Kurz vor der Auslosung hatte der SCP seine Heimspiel-Premiere der laufenden Bundesliga-Saison knapp <a href=\"https:\/\/www.nw.de\/sport\/fussball\/sc_paderborn_07\/24408880_Liveticker-Der-SC-Paderborn-07-empfaengt-den-SC-Freiburg-zum-ersten-Saison-Heimspiel.html\" rel=\"nofollow noopener\" target=\"_blank\">mit 0:1 gegen den SC Freiburg<\/a> verloren. Die Freiburger wiederum treffen im Pokal auf Paderborns Relegationsgegner VfL Wolfsburg.<\/p>\n<p id=\"absatz7\" class=\"em_text\">Der VfB Stuttgart hat in dieser Saison beim FC Bayern M\u00fcnchen 1:5 verloren, um dann zuhause gegen den FC K\u00f6ln mit 4:1 zu gewinnen. Das Pokalfinale 2025 gewannen die Stuttgarter <a href=\"https:\/\/&lt;div%20data-pinpoll-id=&quot;781601&quot;&gt;&lt;\/div&gt;\" rel=\"nofollow\">gegen Paderborns OWL-Nachbarn Arminia Bielefeld<\/a>, im Mai dieses Jahres unterlagen sie dann den Bayern.<\/p>\n<p>Das sind die weiteren Partien der 2. Runde<\/p>\n<ul>\n<li>Bayern M\u00fcnchen \u2013 1. FC Magdeburg<\/li>\n<li>Borussia Dortmund \u2013 Werder Bremen<\/li>\n<li>Bayer Leverkusen \u2013 1. FC N\u00fcrnberg<\/li>\n<li>SC Freiburg \u2013 VfL Wolfsburg<\/li>\n<li>FC K\u00f6ln \u2013 Union Berlin<\/li>\n<li>Hamburger SV \u2013 Eintracht Frankfurt<\/li>\n<li>Borussia M\u00f6nchengladbach \u2013 Karlsruher SC<\/li>\n<li>SC Paderborn \u2013 VfB Stuttgart<\/li>\n<li>SV Elversberg \u2013 Darmstadt 98<\/li>\n<li>SG Sonnenhof Gro\u00dfaspach \u2013 FC Augsburg<\/li>\n<li>SSV Jeddeloh II \u2013 Hertha BSC<\/li>\n<li>Rot-Weiss Essen \u2013 RB Leipzig<\/li>\n<li>Dynamo Dresden \u2013 Schalke 04<\/li>\n<li>VfL Bochum \u2013 FSV Mainz 05<\/li>\n<li>Holstein Kiel \u2013 TSG Hoffenheim<\/li>\n<li>Hannover 96 \u2013 1. FC Kaiserslautern<\/li>\n<\/ul>\n<p id=\"absatz9\"><b class=\"bold\">\ud83d\udcf2 News direkt aufs Smartphone? <\/b>Hier gehts zum kostenlosen Whatsapp-Kanal <a href=\"https:\/\/whatsapp.com\/channel\/0029VbD6oB189incixfeXE2v\" rel=\"nofollow noopener\" target=\"_blank\">SCP07 in der NW<\/a><\/p>\n","protected":false},"excerpt":{"rendered":"Paderborn. Losfee Bastian Schweinsteiger hat dem SC Paderborn ein Hammer-Los in der 2. Runde des DFB-Pokals beschert. Der&hellip;\n","protected":false},"author":2,"featured_media":1282857,"comment_status":"","ping_status":"","sticky":false,"template":"","format":"standard","meta":{"footnotes":"","_share_on_mastodon":"0"},"categories":[1830],"tags":[49976,1634,20700,296,3364,29,1264,217,458,30,731,9307,732,1611,1607,2379,9310,1608,2375,228657,2858,198079,736,164252,15355,1613,727,5907,22507,3135,622,15351,1441,2915],"class_list":["post-1282856","post","type-post","status-publish","format-standard","has-post-thumbnail","category-stuttgart","tag-arminia-im-pokalfinale","tag-baden-wuerttemberg","tag-bastian-schweinsteiger","tag-berlin","tag-de","tag-deutschland","tag-dfb-pokal","tag-dortmund","tag-fc-bayern-muenchen","tag-germany","tag-label_cm-ok","tag-label_foto","tag-label_frei","tag-label_informiere-mich","tag-label_knaller","tag-label_push","tag-label_social","tag-label_top-news","tag-leverkusen","tag-losfee","tag-luebeck","tag-meta_artikelklasse_seo","tag-meta_copyrights_nw","tag-meta_eo_zusammenfassung","tag-meta_themen_sc_paderborn","tag-meta_userneeds_informieremich","tag-paderborn","tag-pokal","tag-ralf-kettemann","tag-sc-paderborn","tag-sc-paderborn-07","tag-scp","tag-stuttgart","tag-vfb-stuttgart"],"share_on_mastodon":{"url":"","error":"Validation failed: Text character limit of 500 exceeded"},"_links":{"self":[{"href":"https:\/\/www.europesays.com\/de\/wp-json\/wp\/v2\/posts\/1282856","targetHints":{"allow":["GET"]}}],"collection":[{"href":"https:\/\/www.europesays.com\/de\/wp-json\/wp\/v2\/posts"}],"about":[{"href":"https:\/\/www.europesays.com\/de\/wp-json\/wp\/v2\/types\/post"}],"author":[{"embeddable":true,"href":"https:\/\/www.europesays.com\/de\/wp-json\/wp\/v2\/users\/2"}],"replies":[{"embeddable":true,"href":"https:\/\/www.europesays.com\/de\/wp-json\/wp\/v2\/comments?post=1282856"}],"version-history":[{"count":0,"href":"https:\/\/www.europesays.com\/de\/wp-json\/wp\/v2\/posts\/1282856\/revisions"}],"wp:featuredmedia":[{"embeddable":true,"href":"https:\/\/www.europesays.com\/de\/wp-json\/wp\/v2\/media\/1282857"}],"wp:attachment":[{"href":"https:\/\/www.europesays.com\/de\/wp-json\/wp\/v2\/media?parent=1282856"}],"wp:term":[{"taxonomy":"category","embeddable":true,"href":"https:\/\/www.europesays.com\/de\/wp-json\/wp\/v2\/categories?post=1282856"},{"taxonomy":"post_tag","embeddable":true,"href":"https:\/\/www.europesays.com\/de\/wp-json\/wp\/v2\/tags?post=1282856"}],"curies":[{"name":"wp","href":"https:\/\/api.w.org\/{rel}","templated":true}]}}