{"id":1282866,"date":"2026-09-05T19:37:20","date_gmt":"2026-09-05T19:37:20","guid":{"rendered":"https:\/\/www.europesays.com\/de\/1282866\/"},"modified":"2026-09-05T19:37:20","modified_gmt":"2026-09-05T19:37:20","slug":"nur-noch-14-tage-bis-zum-groessten-volksfest-der-welt-lageplan-preise-oeffnungszeiten-regional","status":"publish","type":"post","link":"https:\/\/www.europesays.com\/de\/1282866\/","title":{"rendered":"Nur noch 14 Tage bis zum gr\u00f6\u00dften Volksfest der Welt: Lageplan, Preise, \u00d6ffnungszeiten | Regional"},"content":{"rendered":"<p><a class=\"skip-content skip-content--link\" href=\"#in-content-skip-link-target-v-0-0\">TTS-Player \u00fcberspringen\u21b5<\/a><a id=\"in-content-skip-link-target-v-0-0\" class=\"skip-content--target-link-hidden skip-content skip-content--target-link\" href=\"#in-content-skip-link-target-v-0-0\">Artikel weiterlesen<\/a><\/p>\n<p>M\u00fcnchen \u2013 <b>Das Riesenrad steht bereits. Jetzt m\u00fcssen nur noch die 40 Gondeln eingeh\u00e4ngt werden. 14 Tage vor der Er\u00f6ffnung ist das Oktoberfest 2026 schon fast fertig aufgebaut. Am 19. September startet es. Mehr als 6,5 Millionen Besucher werden auf der Wiesn in M\u00fcnchen erwartet. Willkommen zum gr\u00f6\u00dften Volksfest der Welt!<\/b><\/p>\n<p>Das 191. <a href=\"https:\/\/www.bild.de\/regional\/muenchen\/oktoberfest\/thema-oktoberfest-alle-infos-80875608.bild.html\" class=\"text-link\" rel=\"nofollow noopener\" target=\"_blank\">Oktoberfest<\/a> wird M\u00fcnchen bis zum 4. Oktober wieder in den Party-Ausnahmezustand versetzen. Die Vorbereitungen laufen auch bei den Besuchern: Letzte Tische werden reserviert, Dirndl und Lederhosen besorgt, Unterk\u00fcnfte gesucht.<\/p>\n<p>So startet das Oktoberfest 2026<\/p>\n<p>Am 19. September, um kurz nach 10.30 Uhr, sammeln sich die Brauereien, Wirte und Oktoberfest-Bedienungen zum gro\u00dfen Umzug zur Wiesn. Der Festzug mit mehr als 1000 Teilnehmern startet hinter dem Sendlinger Tor und verl\u00e4uft \u00fcber Sonnenstra\u00dfe, Schwanthaler Stra\u00dfe, Bavariaring und von dort auf die Wirtsbudenstra\u00dfe in die 14 gro\u00dfen sowie etlichen kleineren Festzelte. Die kostenpflichtigen Trib\u00fcnenpl\u00e4tze f\u00fcr den Umzug sind bereits seit Wochen ausverkauft.<\/p>\n<p>Angef\u00fchrt wird der Umzug von Wirtstochter Sina Hochreiter (27), die in diesem Jahr in das Kost\u00fcm des M\u00fcnchner Kindls schl\u00fcpft: das Wahrzeichen der Stadt und der Wiesn. Die Figur geht auf das Wappen der Isarmetropole zur\u00fcck, das einen M\u00f6nch (daher der Name <a href=\"https:\/\/www.bild.de\/regional\/muenchen\/muenchen-regional\/home-16344438.bild.html\" class=\"text-link\" rel=\"nofollow noopener\" target=\"_blank\">M\u00fcnchen<\/a>) mit einer segnenden Hand zeigt. K\u00fcnstler verniedlichten in den Jahrhunderten die Figur immer mehr, bis sie schlie\u00dflich auf Postkarten zum Kind wurde und in den 1920ern dann zum M\u00e4dchen.  <\/p>\n<p><img decoding=\"async\" width=\"992\" height=\"558\" alt=\"Ein Arbeiter bedient am Freitag auf der Theresienwiese einen Hubsteiger, um letzte Arbeiten an den Maibaumspitzen zu erledigen\" loading=\"lazy\" src=\"https:\/\/www.europesays.com\/de\/wp-content\/uploads\/2026\/09\/07bac9a91afa044d58af1e6898a3fa41,31ba9785.jpeg\"   class=\"landscape\"\/><\/p>\n<p class=\"fig__caption__text\">Ein Arbeiter bedient am Freitag auf der Theresienwiese einen Hubsteiger, um letzte Arbeiten an den Maibaumspitzen zu erledigen <\/p>\n<p>Foto: Peter Kneffel\/dpa<\/p>\n<p>Wann o\u2019zapft wird<\/p>\n<p>Um 12 Uhr wird OB Dominik Krause (36) im Schottenhamel-Festzelt das erste Fass anstechen und somit das Oktoberfest mit dem traditionellen Ausruf \u201eO\u2019zapft is!\u201c er\u00f6ffnen. Der junge gr\u00fcne Oberb\u00fcrgermeister hat bereits Wochen vorher in einer M\u00fcnchner Brauerei trainiert, um sich vor dem politischen Gegner, Ministerpr\u00e4sident Markus S\u00f6der (59, CSU), nicht zu blamieren. Krause wird S\u00f6der die erste Ma\u00df reichen. Vermutlich eine mit sehr viel Schaum.<\/p>\n<p>Jeder Besucher trinkt auf dem gigantischen <a href=\"https:\/\/www.bild.de\/themen\/ereignisse\/volksfeste\/politik-nachrichten-news-fotos-videos-20523974.bild.html\" class=\"text-link\" rel=\"nofollow noopener\" target=\"_blank\">Volksfest<\/a> \u00fcbrigens im Schnitt eine Ma\u00df. Das Wiesn-Bier ist t\u00fcckisch. Bier-Experte Stefan Stang (62) zu BILD: \u201eMit \u00fcber 13,5 Prozent Stammw\u00fcrze und \u00fcber 6 Prozent Alkohol ist es deutlich st\u00e4rker als herk\u00f6mmliches Bier.\u201c Es stamme aus der Tradition der M\u00e4rzen-Biere, so der Hauptgesch\u00e4ftsf\u00fchrer des Verbands der privaten Brauereien in Bayern weiter. \u201eEs hatte mehr Zucker, der sich in Alkohol umwandelt, um es bis in den Herbst haltbar zu machen.\u201c<\/p>\n<p>Tag 2 auf dem Oktoberfest<\/p>\n<p>Kaum ist der erste Tag \u00fcberstanden, geht\u2019s am Tag\u00a02 gleich wieder mit einem noch gr\u00f6\u00dferen Umzug weiter. 9000 sogenannte Trachtler aus ganz Deutschland laufen neben 60 festlich geschm\u00fcckten Wagen her. F\u00fcr diesen Umzug gibt es noch letzte <a href=\"https:\/\/www.muenchenticket.de\/event\/einzug-der-brauereien-und-festwirte-36621\/443710\/\" target=\"_blank\" rel=\"nofollow noopener\" class=\"text-link\">Trib\u00fcnenkarten<\/a>.<\/p>\n<p><img decoding=\"async\" width=\"992\" height=\"558\" alt=\"Eine Wiesnbedienung im vergangenen Jahr im Hofbr\u00e4uzelt\" loading=\"lazy\" src=\"https:\/\/www.europesays.com\/de\/wp-content\/uploads\/2026\/09\/7b1f7c14ec8da8647b85c948324df40b,f4c94a58.jpeg\"   class=\"landscape\"\/><\/p>\n<p class=\"fig__caption__text\">Eine Wiesnbedienung im vergangenen Jahr im Hofbr\u00e4uzelt<\/p>\n<p>Foto: Felix H\u00f6rhager\/dpa<\/p>\n<p>Wo das Volksfest Eintritt kostet<\/p>\n<p>Wer die Trachten ganz aus der N\u00e4he sehen will, geht am besten zur Oide Wiesn (\u201ealte Wiesn\u201c). Die traditionellen Trachtengruppen dort trinken ihr Bier lieber aus den k\u00fchlenden Steinkr\u00fcgen. Die gibt es aber nur in diesem nostalgischen Teil des Oktoberfests. Das <a href=\"https:\/\/www.bild.de\/regional\/muenchen\/aufregung-in-muenchen-brauerchef-fordert-eintritt-fuers-oktoberfest-6981c6c7f0e62064809e2fd6\" class=\"text-link\" rel=\"nofollow noopener\" target=\"_blank\">Gel\u00e4nde kostet Eintritt<\/a>, 4 Euro pro Person (Kinder bis 14 Jahre und ab 21 Uhr f\u00fcr alle frei). Die Investition lohnt sich aber. Dort kosten die Fahrgesch\u00e4fte nur 1,50 Euro, u. a. Kettenflieger, Geisterbahn, \u201eFahrt ins Paradies\u201c. Die Oide Wiesn entstand 2010 zur 200\u2011Jahr-Feier des Oktoberfests. Wegen der Begeisterung vor allem der Einheimischen, die dort das Volksfest ihrer Kindheit wiedererlebten, ist sie seitdem fester Bestandteil.<\/p>\n<p><img decoding=\"async\" width=\"992\" height=\"558\" alt=\"Hier ist die Wiesn noch am urspr\u00fcnglichsten: Erntedank-Tanz auf der Oidn Wiesn\" loading=\"lazy\" src=\"https:\/\/www.europesays.com\/de\/wp-content\/uploads\/2026\/09\/c37c5dec68d7e7f9858083eb19449a46,c5d888c8.jpeg\"   class=\"landscape\"\/><\/p>\n<p class=\"fig__caption__text\">Hier ist die Wiesn noch am urspr\u00fcnglichsten: Erntedank-Tanz auf der Oidn Wiesn<\/p>\n<p>Foto: Stefan Puchner\/dpa<\/p>\n<p>Neuheiten auf dem Oktoberfest<\/p>\n<p>Das \u201eChaospendel\u201c ist ein 42 Meter hohes Fahrgesch\u00e4ft des M\u00fcnchner Schausteller-Betriebs Ottens und ist zum ersten Mal auf dem Oktoberfest. Die dreifach gelagerten Arme sorgen f\u00fcr willk\u00fcrliche \u00dcberschl\u00e4ge der beiden Gondeln, in denen jeweils acht Personen Platz haben (Stra\u00dfe 3 Ost\/9).<\/p>\n<p>Eine Riesenkrabbe winkt mit ihren Scheren erstmals die Besucher ins neue Laufgesch\u00e4ft \u201eFisherman\u2018s Place\u201c. Drehende Walzen, Hindernisse und 3D-Effekte sollen ein Fischerdorf nachstellen (Stra\u00dfe 3 Ost\/5).<\/p>\n<p>Im \u201eShake &amp; Roll\u201c bekommt der alte \u201eBreak Dance\u201c eine neue Dimension. Durch die Fliehkr\u00e4fte und das Gewicht der Fahrg\u00e4ste sind jetzt auch \u00dcberschl\u00e4ge der bisher starr montierten Gondeln m\u00f6glich (Matthias-Pschorr-Stra\u00dfe 52).<\/p>\n<p>Neu sind dieses Jahr auch <a href=\"https:\/\/www.bild.de\/leben-wissen\/digital\/netflix-sucht-komparsen-fuer-geheimen-oktoberfest-dreh-6a8808a289ff002330aa1fbb\" class=\"text-link\" rel=\"nofollow noopener\" target=\"_blank\">Dreharbeiten f\u00fcr Netflix<\/a>. Im Vorfeld wurden 4000 Komparsen gesucht, die bei der sogenannten \u201eRomantic-Comedy\u201c auch auf der Theresienwiese vor der Kamera stehen sollen. <\/p>\n<p><img decoding=\"async\" width=\"992\" height=\"558\" alt=\"K\u00fcstenromantik in M\u00fcnchen: \u201eFisherman\u2018s Place\u201c ist einem Fischerdorf nachempfunden\" loading=\"lazy\" src=\"https:\/\/www.europesays.com\/de\/wp-content\/uploads\/2026\/09\/12d1f7188536eadda5ed3fcd18774268,a4e763e5.jpeg\"   class=\"landscape\"\/><\/p>\n<p class=\"fig__caption__text\">K\u00fcstenromantik in M\u00fcnchen: \u201eFisherman\u2018s Place\u201c ist einem Fischerdorf nachempfunden<\/p>\n<p>Foto: the_fishermans_kollmann\/instagram<\/p>\n<p>Die Kleiderordnung auf der Wiesn<\/p>\n<p>Tracht oder leger? Es gibt keine Verkleidungs-Pflicht auf der Wiesn. Im Gegenteil: Urspr\u00fcnglich, das hei\u00dft bis in die 90er Jahre, ging man im Anzug, Kleid oder Freizeitdress zum Oktoberfest. Lederhosen und Dirndl sehen zwar h\u00fcbsch aus, sind aber teuer. Und M\u00fcnchner sagen: Besser leger als in einem billigen Imitat. Wer Last-Minute-Tracht auf dem Weg zum Gel\u00e4nde kauft, wird von den Einheimischen verp\u00f6nt.<\/p>\n<p>Mehr zum ThemaSo teuer wird das Bier auf dem Oktoberfest<\/p>\n<p>Kaum ein Politikum erregt die Gem\u00fcter der M\u00fcnchner wie der Bierpreis auf der Wiesn. Zwischen 14,80 Euro und 15,90 Euro <a href=\"https:\/\/www.bild.de\/themen\/specials\/kosten\/news-fotos-videos-23670088.bild.html\" class=\"text-link\" rel=\"nofollow noopener\" target=\"_blank\">kostet<\/a> die Ma\u00df 2026, im Schnitt fast 2,5 Prozent mehr als im Vorjahr. Das Armbrustsch\u00fctzenzelt, L\u00f6wenbr\u00e4u und die Br\u00e4urosl geh\u00f6ren zu den teuersten der gro\u00dfen Bierzelte (Ma\u00df jeweils 15,90 Euro). Am billigsten ist die Ma\u00df im Museumszelt auf der Oidn Wiesn (14,80 Euro). Allerdings wird dort Spaten ausgeschenkt, bei M\u00fcnchnern meist weniger beliebt als Augustiner. Spaten geh\u00f6rt mittlerweile zum belgischen Konzern Anheuser-Busch InBev.<\/p>\n<p>\u00d6ffnungszeiten<\/p>\n<ul class=\"unordered-list\">\n<li><b>Montag bis Donnerstag<\/b>: 10 bis 23.30 Uhr<\/li>\n<li><b>Freitag<\/b>: 10 bis 24 Uhr<\/li>\n<li><b>Samstag<\/b>: 9 bis 24 Uhr<\/li>\n<li><b>Sonntag<\/b>: 9 bis 23.30 Uhr<\/li>\n<\/ul>\n<p>Die K\u00e4fer Wiesn-Sch\u00e4nke und Kufflers Weinzelt haben bis 1 Uhr ge\u00f6ffnet. Die letzten Getr\u00e4nke gibt es dort um 0.30 Uhr.<\/p>\n<p>Oide Wiesn:<\/p>\n<ul class=\"unordered-list\">\n<li><b>Sonntag bis Donnerstag<\/b>: 10 bis 23.30 Uhr<\/li>\n<li><b>Freitag und Samstag<\/b>: 10 bis 24 Uhr<\/li>\n<\/ul>\n","protected":false},"excerpt":{"rendered":"TTS-Player \u00fcberspringen\u21b5Artikel weiterlesen M\u00fcnchen \u2013 Das Riesenrad steht bereits. Jetzt m\u00fcssen nur noch die 40 Gondeln eingeh\u00e4ngt werden.&hellip;\n","protected":false},"author":2,"featured_media":1282867,"comment_status":"","ping_status":"","sticky":false,"template":"","format":"standard","meta":{"footnotes":"","_share_on_mastodon":"0"},"categories":[1827],"tags":[17274,10382,13088,772,2326,25623,28938,29,20531,7022,30,7339,23113,35489,21596,7822,2508,5035,28321,1268,6927,61222,185455,2959,190882,4837,14557],"class_list":["post-1282866","post","type-post","status-publish","format-standard","has-post-thumbnail","category-muenchen","tag-brauchtum","tag-neuheiten","tag-anheuser-busch-inbev","tag-bayern","tag-bier","tag-brauereien","tag-brezel","tag-deutschland","tag-dirndl","tag-fahrgeschaefte","tag-germany","tag-grossveranstaltungen","tag-hofbraeu","tag-kaefer","tag-kaefer-michael","tag-karussell","tag-kirmes","tag-kohlmaier-hannes","tag-lederhose","tag-muenchen","tag-oktoberfest","tag-paulaner-brauerei","tag-seo-first","tag-theresienwiese","tag-trachtenjacke","tag-volksfeste","tag-volksmusik"],"share_on_mastodon":{"url":"https:\/\/pubeurope.com\/@de\/117220124279324853","error":""},"_links":{"self":[{"href":"https:\/\/www.europesays.com\/de\/wp-json\/wp\/v2\/posts\/1282866","targetHints":{"allow":["GET"]}}],"collection":[{"href":"https:\/\/www.europesays.com\/de\/wp-json\/wp\/v2\/posts"}],"about":[{"href":"https:\/\/www.europesays.com\/de\/wp-json\/wp\/v2\/types\/post"}],"author":[{"embeddable":true,"href":"https:\/\/www.europesays.com\/de\/wp-json\/wp\/v2\/users\/2"}],"replies":[{"embeddable":true,"href":"https:\/\/www.europesays.com\/de\/wp-json\/wp\/v2\/comments?post=1282866"}],"version-history":[{"count":0,"href":"https:\/\/www.europesays.com\/de\/wp-json\/wp\/v2\/posts\/1282866\/revisions"}],"wp:featuredmedia":[{"embeddable":true,"href":"https:\/\/www.europesays.com\/de\/wp-json\/wp\/v2\/media\/1282867"}],"wp:attachment":[{"href":"https:\/\/www.europesays.com\/de\/wp-json\/wp\/v2\/media?parent=1282866"}],"wp:term":[{"taxonomy":"category","embeddable":true,"href":"https:\/\/www.europesays.com\/de\/wp-json\/wp\/v2\/categories?post=1282866"},{"taxonomy":"post_tag","embeddable":true,"href":"https:\/\/www.europesays.com\/de\/wp-json\/wp\/v2\/tags?post=1282866"}],"curies":[{"name":"wp","href":"https:\/\/api.w.org\/{rel}","templated":true}]}}