{"id":1282882,"date":"2026-09-05T19:47:24","date_gmt":"2026-09-05T19:47:24","guid":{"rendered":"https:\/\/www.europesays.com\/de\/1282882\/"},"modified":"2026-09-05T19:47:24","modified_gmt":"2026-09-05T19:47:24","slug":"bundesregierung-zieht-zusammenhang-zur-berlin-wahl-der-hackerangriff-beschaeftigt-jetzt-auch-die-bundeswehr-fuehrung","status":"publish","type":"post","link":"https:\/\/www.europesays.com\/de\/1282882\/","title":{"rendered":"Bundesregierung zieht Zusammenhang zur Berlin-Wahl: Der Hackerangriff besch\u00e4ftigt jetzt auch die Bundeswehr-F\u00fchrung"},"content":{"rendered":"<p class=\"tspBOmb tspBOmc\">Die nach einem Hackerangriff erfolgte Ver\u00f6ffentlichung von 1,4 Millionen Daten aus der Berliner Verwaltung f\u00fchrt bei Politikern und Experten weiter zu Entsetzen. Auch die Bundesregierung betrachtet das Datenleck nach Tagesspiegel-Informationen mit gro\u00dfer Sorge.<\/p>\n<p class=\"tspBOmb\">Der Vorgang sei durch das Ausma\u00df der gestohlenen Daten \u201egewichtig\u201c, hei\u00dft es in Regierungskreisen. Es handele sich um einen \u201eecht heftigen Angriff\u201c. Etwa 8000 Dateien betr\u00e4fen beispielsweise die kritische Infrastruktur. Damit sei der Vorfall einer der gr\u00f6\u00dften Sch\u00e4den seit l\u00e4ngerer Zeit.<\/p>\n<p> Zusammenhang zur Berlin-Wahl liege nahe <\/p>\n<p class=\"tspBOmb\">Ein Zusammenhang mit der Wahl zum Berliner Abgeordnetenhaus am 20. September liege nahe, hie\u00df es aus Regierungskreisen. Daten des Bundes seien jedoch nicht betroffen. Auch sei es richtig, dass der Berliner Senat die L\u00f6segeld-Forderung nicht erf\u00fcllt habe, hie\u00df es in der Bundesregierung. Die<strong> <\/strong>Untersuchungen zu dem Vorfall dauerten an.<\/p>\n<p class=\"tspBOmb\">Inzwischen besch\u00e4ftigt der IT-Sicherheitsfall auch das Operative F\u00fchrungskommando der Bundeswehr. Man habe Kenntnis \u00fcber den Datenabfluss, teilte eine Sprecherin des Operativen F\u00fchrungskommandos dem Tagesspiegel mit. \u201eDie detaillierte Auswertung findet aktuell durch die zust\u00e4ndigen Sicherheitsbeh\u00f6rden von Bund und Land statt.\u201c<\/p>\n<p> Berlin bekommt Hilfe vom Bund <\/p>\n<p class=\"tspBOmb\">Zwischen den beteiligten Beh\u00f6rden erfolge ein kontinuierlicher Informationsabgleich, auch \u00fcber das Nationale Cyberabwehrzentrum. Den laufenden Ermittlungen k\u00f6nne man dabei nicht vorgreifen. \u201eNach Analyse potentieller Sicherheitsrisiken werden entsprechende Ma\u00dfnahmen zur Wahrung der Milit\u00e4rischen Sicherheit eingeleitet\u201c, teilte die Sprecherin mit.<\/p>\n<p class=\"tspBOmb\">Nach einem Cyberangriff auf die Berliner Verwaltung wurden am Freitag rund 1,44 Millionen Dateien mit einem Umfang von 5,8 Terabyte im Darknet ver\u00f6ffentlicht. Die kriminelle Hackergruppe Rhysida hatte die Daten Mitte August unbemerkt abgezogen und ein L\u00f6segeld von 30 Bitcoin \u2013 umgerechnet rund zwei Millionen Euro\u00a0\u2013 gefordert. Der Senat zahlte das L\u00f6segeld nicht.<\/p>\n<p class=\"tspBOmb\">Bei den Ermittlungen zu dem Hackerangriff bekommt das Land Berlin Unterst\u00fctzungen vom Bund. Das Bundesamt f\u00fcr Sicherheit in der Informationstechnik (BSI), das Bundeskriminalamt (BKA) und das Bundesamt f\u00fcr Verfassungsschutz (BfV) seien beteiligt, teilte ein Sprecher des Bundesinnenministeriums auf dpa-Anfrage mit. Die detaillierte Auswertung finde aktuell durch die zust\u00e4ndigen Sicherheitsbeh\u00f6rden des Landes Berlin statt.<\/p>\n<p class=\"tspBOmb\">\u201eIm Gemeinsamen Cyberabwehrzentrum werden alle Erkenntnisse zusammengetragen und geteilt\u201c, so der Sprecher. Die Gruppierung Rhysida, die f\u00fcr den Leak verantwortlich gemacht wird, sei den Sicherheitsbeh\u00f6rden bekannt und seit Mitte 2021 aktiv. \u201eSie gilt grunds\u00e4tzlich als kriminell und finanziell motiviert.\u201c<\/p>\n<p> Linken-Politiker fordert Ausrufung der Gro\u00dfschadenslage <\/p>\n<p class=\"tspBOmb\">Aus Sicht des Fraktionsvorsitzenden der Linke-Fraktion im Berliner Abgeordnetenhaus, Tobias Schulze, \u00fcbersteigt \u201edie Dimension der Sicherheitsgef\u00e4hrdung alle bisherigen IT-Vorf\u00e4lle in der Bundesrepublik Deutschland\u201c, sagte er dem Tagesspiegel. Es gehe dabei nicht nur um pers\u00f6nliche Daten von Mitarbeitenden und B\u00fcrgerinnen und B\u00fcrgern, sondern vor allem um Pl\u00e4ne kritischer Infrastruktur samt Kriseneinsatzpl\u00e4nen anderer Bundesl\u00e4nder sowie den Aufbau und die Schlie\u00dfpl\u00e4ne von Geb\u00e4uden.<\/p>\n<p class=\"tspBOmb\">Angesichts dessen forderte Schulze den Senat auf, sofort eine Gro\u00dfschadenslage auszurufen. \u201eDer Senat muss jetzt alle seine Ressourcen darauf orientieren, die Sch\u00e4den f\u00fcr das Land Berlin, seine B\u00fcrgerInnen und seine Institutionen zu begrenzen, soweit das m\u00f6glich ist.\u201c<\/p>\n<blockquote class=\"tspCUp7\">\n<p>Das Land Berlin hat grob fahrl\u00e4ssig gehandelt und vors\u00e4tzlich die Geheimschutz-Vorgaben nicht eingehalt en.<\/p>\n<\/blockquote>\n<p class=\"tspCUp8\">IT-Experte <strong>Manuel Atug<\/strong><\/p>\n<p class=\"tspBOmb\">Unterdessen macht der IT-Experte Manuel Atug dem Land Berlin schwere Vorw\u00fcrfe. \u201eDas Land Berlin hat grob fahrl\u00e4ssig gehandelt und vors\u00e4tzlich die Geheimschutz-Vorgaben nicht eingehalten\u201c, sagte er der Deutschen Presse-Agentur. \u201eIch bin dar\u00fcber wirklich schockiert und sprachlos.\u201c<\/p>\n<p class=\"tspBOmb\">F\u00fcr die Speicherung und Verarbeitung geheimer Verschlusssache-Unterlagen gebe es sehr strenge und genaue Vorschriften sowie mehrere Sicherheitsstufen. Offenbar seien diese nicht ausreichend angewandt worden.<\/p>\n<p>Mehr zum Thema<a href=\"https:\/\/www.tagesspiegel.de\/berlin\/geburtsurkunden-private-telefonnummern-reha-unterlagen-diese-privaten-daten-von-verwaltungsmitarbeitern-sind-im-darknet-veroffentlicht-worden-16020408.html?icid=topic-list_16021348___\" data-gtm-class=\"article-mzt-link\" data-hydrate-fingerprint=\"09740a54944caac75fd2c0c63fd5c5df\" data-hydrate-props=\"{&amp;escapedquot;element&amp;escapedquot;:{&amp;escapedquot;type&amp;escapedquot;:&amp;escapedquot;relatedContent&amp;escapedquot;,&amp;escapedquot;fieldMap&amp;escapedquot;:{},&amp;escapedquot;relation&amp;escapedquot;:{&amp;escapedquot;fields&amp;escapedquot;:{&amp;escapedquot;isPaid&amp;escapedquot;:true},&amp;escapedquot;href&amp;escapedquot;:&amp;escapedquot;\/berlin\/geburtsurkunden-private-telefonnummern-reha-unterlagen-diese-privaten-daten-von-verwaltungsmitarbeitern-sind-im-darknet-veroffentlicht-worden-16020408.html&amp;escapedquot;,&amp;escapedquot;teaserTitle&amp;escapedquot;:{&amp;escapedquot;kicker&amp;escapedquot;:&amp;escapedquot;Geburtsurkunden, Telefon\u00adnummern, Reha-Unterlagen&amp;escapedquot;,&amp;escapedquot;headline&amp;escapedquot;:&amp;escapedquot;Diese privaten Daten von Berliner Senatsmitarbeitern sind im Darknet zu finden&amp;escapedquot;},&amp;escapedquot;id&amp;escapedquot;:&amp;escapedquot;16020408&amp;escapedquot;,&amp;escapedquot;type&amp;escapedquot;:&amp;escapedquot;story&amp;escapedquot;},&amp;escapedquot;isPartOfList&amp;escapedquot;:true,&amp;escapedquot;topicListType&amp;escapedquot;:&amp;escapedquot;topic-list&amp;escapedquot;},&amp;escapedquot;showArrow&amp;escapedquot;:true}\" data-hydrate-slots=\"{&#039;default&#039;:[]}\" class=\"tspDCr5 tspCWqd\" rel=\"nofollow noopener\" target=\"_blank\">Geburtsurkunden, Telefon\u00adnummern, Reha-Unterlagen Diese privaten Daten von Berliner Senatsmitarbeitern sind im Darknet zu finden <\/a><a href=\"https:\/\/www.tagesspiegel.de\/berlin\/das-zeugt-schon-von-einer-gewissen-hilflosigkeit-harsche-kritik-am-umgang-des-senats-mit-dem-hackerangriff-16020281.html?icid=topic-list_16021348___\" data-gtm-class=\"article-mzt-link\" data-hydrate-fingerprint=\"09740a54944caac75fd2c0c63fd5c5df\" data-hydrate-props=\"{&amp;escapedquot;element&amp;escapedquot;:{&amp;escapedquot;type&amp;escapedquot;:&amp;escapedquot;relatedContent&amp;escapedquot;,&amp;escapedquot;fieldMap&amp;escapedquot;:{},&amp;escapedquot;relation&amp;escapedquot;:{&amp;escapedquot;fields&amp;escapedquot;:{&amp;escapedquot;isPaid&amp;escapedquot;:null},&amp;escapedquot;href&amp;escapedquot;:&amp;escapedquot;\/berlin\/das-zeugt-schon-von-einer-gewissen-hilflosigkeit-harsche-kritik-am-umgang-des-senats-mit-dem-hackerangriff-16020281.html&amp;escapedquot;,&amp;escapedquot;teaserTitle&amp;escapedquot;:{&amp;escapedquot;kicker&amp;escapedquot;:&amp;escapedquot;\u201eDas zeugt schon von einer gewissen Hilflosigkeit\u201c&amp;escapedquot;,&amp;escapedquot;headline&amp;escapedquot;:&amp;escapedquot;Harsche Kritik am Umgang des Senats mit dem Hackerangriff&amp;escapedquot;},&amp;escapedquot;id&amp;escapedquot;:&amp;escapedquot;16020281&amp;escapedquot;,&amp;escapedquot;type&amp;escapedquot;:&amp;escapedquot;story&amp;escapedquot;},&amp;escapedquot;isPartOfList&amp;escapedquot;:true,&amp;escapedquot;topicListType&amp;escapedquot;:&amp;escapedquot;topic-list&amp;escapedquot;},&amp;escapedquot;showArrow&amp;escapedquot;:true}\" data-hydrate-slots=\"{&#039;default&#039;:[]}\" class=\"tspDCr5 tspCWqd\" rel=\"nofollow noopener\" target=\"_blank\">\u201eDas zeugt schon von einer gewissen Hilflosigkeit\u201c Harsche Kritik am Umgang des Senats mit dem Hackerangriff <\/a><a href=\"https:\/\/www.tagesspiegel.de\/berlin\/14-millionen-dateien-aus-berliner-it-netz-erbeutet-hacker-veroffentlichen-geheime-daten-fur-den-verteidigungsfall-als-download-16015921.html?icid=topic-list_16021348___\" data-gtm-class=\"article-mzt-link\" data-hydrate-fingerprint=\"09740a54944caac75fd2c0c63fd5c5df\" data-hydrate-props=\"{&amp;escapedquot;element&amp;escapedquot;:{&amp;escapedquot;type&amp;escapedquot;:&amp;escapedquot;relatedContent&amp;escapedquot;,&amp;escapedquot;fieldMap&amp;escapedquot;:{},&amp;escapedquot;relation&amp;escapedquot;:{&amp;escapedquot;fields&amp;escapedquot;:{&amp;escapedquot;isPaid&amp;escapedquot;:true},&amp;escapedquot;href&amp;escapedquot;:&amp;escapedquot;\/berlin\/14-millionen-dateien-aus-berliner-it-netz-erbeutet-hacker-veroffentlichen-geheime-daten-fur-den-verteidigungsfall-als-download-16015921.html&amp;escapedquot;,&amp;escapedquot;teaserTitle&amp;escapedquot;:{&amp;escapedquot;kicker&amp;escapedquot;:&amp;escapedquot;1,4 Millionen Dateien aus Berliner IT-Netz erbeutet&amp;escapedquot;,&amp;escapedquot;headline&amp;escapedquot;:&amp;escapedquot;Hacker ver\u00f6ffentlichen geheime Daten f\u00fcr den Verteidigungsfall als Download&amp;escapedquot;},&amp;escapedquot;id&amp;escapedquot;:&amp;escapedquot;16015921&amp;escapedquot;,&amp;escapedquot;type&amp;escapedquot;:&amp;escapedquot;story&amp;escapedquot;},&amp;escapedquot;isPartOfList&amp;escapedquot;:true,&amp;escapedquot;topicListType&amp;escapedquot;:&amp;escapedquot;topic-list&amp;escapedquot;},&amp;escapedquot;showArrow&amp;escapedquot;:true}\" data-hydrate-slots=\"{&#039;default&#039;:[]}\" class=\"tspDCr5 tspCWqd\" rel=\"nofollow noopener\" target=\"_blank\">1,4 Millionen Dateien aus Berliner IT-Netz erbeutet Hacker ver\u00f6ffentlichen geheime Daten f\u00fcr den Verteidigungsfall als Download <\/a><\/p>\n<p class=\"tspBOmb\">Atug ist Gr\u00fcnder und Sprecher der AG Kritis, einer unabh\u00e4ngigen Arbeitsgruppe, die sich mit kritischen Infrastrukturen besch\u00e4ftigt. Er arbeitet als Sicherheitsberater f\u00fcr kritische Infrastruktur.<\/p>\n<p class=\"tspBOmb\">In dieser Rolle ist er als Sachverst\u00e4ndiger in der Vergangenheit zweimal zu Anh\u00f6rungen in den Berliner Innenausschuss geladen worden. Dort hatte er auf eklatante Sicherheitsl\u00fccken in der Landes-IT hingewiesen. \u201eIhr betreibt desolate Cybersicherheit. Ihr m\u00fcsst euch dringend um eure Sicherheitsprozesse k\u00fcmmern\u201c, habe er damals gesagt und gewarnt, dass eine Vernachl\u00e4ssigung der Sicherheit schwere Konsequenzen haben werde. \u201eGenau das ist jetzt eingetreten\u201c, sagte Atug.<\/p>\n<p class=\"tspBOmb\">Der stellvertretende Vorsitzende der Gr\u00fcnen-Fraktion im Bundestag, Konstantin von Notz, spricht angesichts der abgeflossenen Unterlagen von einem \u201eDaten-Super-GAU\u201c. Zugleich machte der Sicherheits-Experte auch der Bundesregierung schwere Vorw\u00fcrfe.<\/p>\n<p class=\"tspBOmb\">Die Vers\u00e4umnisse auf Bundesebene seien \u201eleider massiv\u201c. Nach jedem IT-Sicherheitsvorfall habe man darauf hingewiesen, die seit Langem bekannten L\u00fccken zu schlie\u00dfen. Die Bundesregierung trage daher \u201eeine direkte Mitschuld\u201c.<\/p>\n","protected":false},"excerpt":{"rendered":"Die nach einem Hackerangriff erfolgte Ver\u00f6ffentlichung von 1,4 Millionen Daten aus der Berliner Verwaltung f\u00fchrt bei Politikern und&hellip;\n","protected":false},"author":2,"featured_media":1282883,"comment_status":"","ping_status":"","sticky":false,"template":"","format":"standard","meta":{"footnotes":"","_share_on_mastodon":"0"},"categories":[1825],"tags":[296,258021,2068,1173,685,29,30],"class_list":["post-1282882","post","type-post","status-publish","format-standard","has-post-thumbnail","category-berlin","tag-berlin","tag-berlin-wahl-2026","tag-berliner-senat","tag-bundesregierung","tag-bundeswehr","tag-deutschland","tag-germany"],"share_on_mastodon":{"url":"https:\/\/pubeurope.com\/@de\/117220163184574458","error":""},"_links":{"self":[{"href":"https:\/\/www.europesays.com\/de\/wp-json\/wp\/v2\/posts\/1282882","targetHints":{"allow":["GET"]}}],"collection":[{"href":"https:\/\/www.europesays.com\/de\/wp-json\/wp\/v2\/posts"}],"about":[{"href":"https:\/\/www.europesays.com\/de\/wp-json\/wp\/v2\/types\/post"}],"author":[{"embeddable":true,"href":"https:\/\/www.europesays.com\/de\/wp-json\/wp\/v2\/users\/2"}],"replies":[{"embeddable":true,"href":"https:\/\/www.europesays.com\/de\/wp-json\/wp\/v2\/comments?post=1282882"}],"version-history":[{"count":0,"href":"https:\/\/www.europesays.com\/de\/wp-json\/wp\/v2\/posts\/1282882\/revisions"}],"wp:featuredmedia":[{"embeddable":true,"href":"https:\/\/www.europesays.com\/de\/wp-json\/wp\/v2\/media\/1282883"}],"wp:attachment":[{"href":"https:\/\/www.europesays.com\/de\/wp-json\/wp\/v2\/media?parent=1282882"}],"wp:term":[{"taxonomy":"category","embeddable":true,"href":"https:\/\/www.europesays.com\/de\/wp-json\/wp\/v2\/categories?post=1282882"},{"taxonomy":"post_tag","embeddable":true,"href":"https:\/\/www.europesays.com\/de\/wp-json\/wp\/v2\/tags?post=1282882"}],"curies":[{"name":"wp","href":"https:\/\/api.w.org\/{rel}","templated":true}]}}