{"id":1282886,"date":"2026-09-05T19:50:28","date_gmt":"2026-09-05T19:50:28","guid":{"rendered":"https:\/\/www.europesays.com\/de\/1282886\/"},"modified":"2026-09-05T19:50:28","modified_gmt":"2026-09-05T19:50:28","slug":"so-begleitete-george-clooney-seine-schwester-ada-in-den-tod","status":"publish","type":"post","link":"https:\/\/www.europesays.com\/de\/1282886\/","title":{"rendered":"So begleitete George Clooney seine Schwester Ada in den Tod"},"content":{"rendered":"<p class=\"spanFix xcq0f20 xklk4pu xx4bnbn x1qlqyl8 xyamk6z\" style=\"order:0\">Es war ein herzzerrei\u00dfender Abschied, der Schauspielikone <a target=\"_self\" data-google-interstitial=\"true\" href=\"https:\/\/www.promiflash.de\/thema\/george-clooney\/\" rel=\"nofollow noopener\">George Clooney<\/a> (65) bis heute tief ersch\u00fcttert: Der Hollywoodstar verlor im Dezember 2025 seine geliebte Schwester Adelia &#8222;Ada&#8220; Zeidler nach einer <a target=\"_self\" data-google-interstitial=\"true\" href=\"https:\/\/www.promiflash.de\/news\/2025\/12\/21\/george-clooneys-schwester-ada-ist-mit-65-an-krebs-gestorben.html\" rel=\"nofollow noopener\">schweren Krebserkrankung<\/a> mit nur 65 Jahren. Am Sterbebett hielt der zweifache Vater ihre Hand und musste hilflos mitansehen, wie rasch ein Leben enden kann. <b>&#8222;Sie starb sehr schnell, und ich war bei ihr, als sie starb. Da war dieses Gef\u00fchl, bei ihr zu sein, ihre Hand zu halten, als sie starb, und zu verstehen, wie kurz all das hier ist&#8220;<\/b>, gestand der in Kentucky geborene Regisseur laut Variety. Der traurige Verlust setzte dem sonst so lebensfrohen Weltstar stark zu und ver\u00e4nderte die Art, wie er sein Leben gestaltet, nachhaltig.<\/p>\n<p class=\"spanFix xcq0f20 xklk4pu xx4bnbn x1qlqyl8 xyamk6z\" style=\"order:3\">Nach dieser einschneidenden Erfahrung holten den Regisseur die Bilder aus gemeinsamen Kindertagen ein, als beide noch ganz sorglos die Hand des anderen hielten. Wie im Flug sei die Zeit seither vergangen, ohne dass jemals jemand nach den Jahrzehnten dazwischen gefragt habe. <b>&#8222;Es kommt mir vor, als w\u00e4ren sie und ich erst vor wenigen Minuten zusammen kleine Kinder gewesen. Vor wenigen Minuten hielten wir als kleine Kinder H\u00e4ndchen&#8220;<\/b>, erinnerte sich der Mime vor Publikum. Aus dieser schmerzhaften Erfahrung zog der Weltstar, der heute mit seiner Ehefrau <a target=\"_self\" data-google-interstitial=\"true\" href=\"https:\/\/www.promiflash.de\/thema\/amal-clooney\/\" rel=\"nofollow noopener\">Amal<\/a> (48) einen Wohnsitz am Comer See hat, eine klare Konsequenz f\u00fcr die Zukunft. &#8222;Die Zeit vergeht schnell, all das hier. Und deshalb d\u00fcrfen wir nichts als Freude suchen&#8220;, lautete sein bewegendes Fazit.<\/p>\n<p class=\"spanFix xcq0f20 xklk4pu xx4bnbn x1qlqyl8 xyamk6z\" style=\"order:6\">Die Verstorbene, die im St. Elizabeth Healthcare in Kentucky friedlich einschlief, war f\u00fcr den Filmemacher aufgrund ihres Mutes ein gro\u00dfes Vorbild. <b>Im Gegensatz zu ihrem prominenten Bruder mied sie das Rampenlicht weitgehend.<\/b> Als Kunstlehrerin an einer Grundschule sowie durch ihr Engagement in einem Buchclub und der Augusta Art Guild f\u00fchrte sie ein bodenst\u00e4ndiges Leben fernab des Hollywoodtrubels. Nur zu besonderen Anl\u00e4ssen, wie bei der Hochzeit von George und Amal im Jahr 2014, trat sie kurz ins Scheinwerferlicht. Statt Blitzlichtgewitter pr\u00e4gten vor allem Pinsel, B\u00fccher und Nachbarschaftsn\u00e4he ihren Alltag \u2013 ein bodenst\u00e4ndiger Lebensentwurf, der mit dem des Promis nur wenig gemeinsam hatte. Doch trotzdem oder gerade deshalb hinterl\u00e4sst sie f\u00fcr ihren kleinen Bruder eine sehr schmerzhafte L\u00fccke.<\/p>\n<p><img class=\"x13vifvy x10l6tqk x5yr21d xh8yej3 xl1xv1r\" alt=\"Bei BFI Southbank: George Clooney bei &quot;BFI Presents: George Clooney in conversation&quot; in London\" width=\"854\" height=\"480\" decoding=\"async\"  loading=\"lazy\" style=\"background-size:cover;background-position:50% 50%;background-repeat:no-repeat;background-image:url(&quot;data:image\/svg+xml;charset=utf-8,%3Csvg xmlns='http:\/\/www.w3.org\/2000\/svg' viewBox='0 0 640 640'%3E%3Cfilter id='b' color-interpolation-filters='sRGB'%3E%3CfeGaussianBlur stdDeviation='20'\/%3E%3CfeColorMatrix values='1 0 0 0 0 0 1 0 0 0 0 0 1 0 0 0 0 0 100 -1' result='s'\/%3E%3CfeFlood x='0' y='0' width='100%25' height='100%25'\/%3E%3CfeComposite operator='out' in='s'\/%3E%3CfeComposite in2='SourceGraphic'\/%3E%3CfeGaussianBlur stdDeviation='20'\/%3E%3C\/filter%3E%3Cimage width='100%25' height='100%25' x='0' y='0' preserveAspectRatio='none' style='filter: url(%23b);' href='data:image\/png;base64,iVBORw0KGgoAAAANSUhEUgAAABAAAAAQCAYAAAAf8\/9hAAAEG0lEQVR4AQEQBO\/7ANtxwv\/bccD\/2XC8\/9Zwtv\/Sb67\/zG+k\/8Vwm\/++cZP\/uXKP\/7dykP+6cZX\/wG+e\/8lrqP\/TZrL\/3GG7\/+JdwP8A3HXE\/9x1w\/\/adL\/\/13O4\/9NysP\/Ncqb\/x3Od\/8B0lv+7dZL\/uXaS\/7t1mP\/CcqD\/y26r\/9Rptf\/dZL3\/42DC\/wDefsv\/3n7K\/918xf\/aer7\/1nm1\/9F5rP\/KeaL\/xHub\/799l\/+9fpj\/v36d\/8V7pv\/Od7D\/2HG6\/+Brwv\/mZsf\/AOGK0\/\/hidL\/4IbN\/92Exf\/agbz\/1ICy\/86BqP\/Ig6D\/w4ac\/8GInf\/DiKP\/yYas\/9GBtv\/besD\/43PI\/+luzv8A45Pa\/+OS2P\/ij9P\/34vL\/9uIwf\/WhrX\/z4eq\/8mJov\/DjZ7\/wY+g\/8OQpv\/KjrD\/04m7\/92Cxf\/le87\/63XT\/wDjmd7\/45fc\/+GU1v\/ej83\/2YvC\/9OJtf\/Lian\/xIuf\/76Om\/+8kZ3\/v5Kk\/8aRr\/\/QjLv\/24bG\/+V+z\/\/redX\/AOGZ3f\/gmNv\/3ZTU\/9mPyv\/Sir3\/yoev\/8GGof+4h5b\/sYqQ\/7CNk\/+zjpv\/vY2o\/8mKtv\/VhML\/4H7N\/+d50\/8A25TY\/9qT1f\/Wj87\/z4rD\/8aEtP+7f6P\/r32S\/6N9hP+bf33\/moKA\/6CDi\/+sg5r\/vIGr\/8t+uv\/YecX\/4HbN\/wDUi8\/\/0orM\/8yGxP\/DgLf\/tnqm\/6d0kf+WcHz\/hm5p\/3tuYP96cGT\/hXFz\/5Zzh\/+rc5v\/vXKt\/8xxu\/\/WcMP\/AMt\/xP\/JfcH\/wXq4\/7V0qv+kbZb\/j2Z9\/3ZfYf9dWkP\/S1gv\/0xYN\/9gWlL\/fF1v\/5dgif+uY57\/wGWu\/8tnuP8Aw3K7\/8BxuP+3ba7\/qGee\/5Ngh\/93V2n\/Uk1B\/xlEAP8APgD\/ADwA\/yw+JP9fRFb\/g0x4\/59Tkf+zWaP\/wF2t\/wC9aLX\/uWex\/69jp\/+fXpb\/hlZ9\/2RLW\/8uQCL\/ADMA\/wAnAP8AIAD\/ACQA\/0YuQ\/91Omz\/lEWI\/6pOm\/+3U6b\/ALljs\/+1YrD\/q1+m\/5pZlP+BUXv\/XUdZ\/xs7HP8ALgD\/ACEA\/wAYAP8AGwD\/PSdA\/28zaf+PP4X\/pUeY\/7JNo\/8At2S2\/7Rjs\/+rX6j\/mlqY\/4NTgP9iSmD\/MEAy\/wA3AP8ALwD\/ACsA\/wAsAv9HMkz\/cjlv\/5BAiP+kRpr\/sUml\/wC4aLr\/tWe3\/6xjrf+dXp3\/iFeH\/2xQa\/9HSUf\/AEMQ\/wBAAP8APgD\/IT80\/1ZBW\/95Q3j\/k0aO\/6ZIn\/+xSaj\/ALlrvv+2arv\/rmey\/6Biov+NXI3\/dVVz\/1dQVf8zTTT\/BEsZ\/xFLJ\/89S0f\/YUxm\/39Mf\/+XS5T\/qEuj\/7NKrP9d5qB08rBn0QAAAABJRU5ErkJggg=='\/%3E%3C\/svg%3E&quot;)\" src=\"https:\/\/www.europesays.com\/de\/wp-content\/uploads\/2026\/09\/george-clooney-in-dunkelgrauem-anzug-bei-bfi-presents-george-clooney-in-conversation-im-bfi-southban.jpeg\" fetchpriority=\"auto\"\/>Getty Images<img decoding=\"async\" alt=\"Bilder Gallerie Button\" class=\"x10l6tqk x1l3r47z xmnqija x1fxk84t x1dnml7z x11xpdln x1d8287x x3oybdh x16gas18\" src=\"https:\/\/www.europesays.com\/de\/wp-content\/uploads\/2026\/08\/1788127160_960_galerie_button.png\" loading=\"lazy\"\/>Bei BFI Southbank: George Clooney bei &#8222;BFI Presents: George Clooney in conversation&#8220; in London<img class=\"x13vifvy x10l6tqk x5yr21d xh8yej3 xl1xv1r\" alt=\"George Clooney bei einem Gespr\u00e4ch im BFI Southbank in London\" width=\"854\" height=\"480\" decoding=\"async\"  loading=\"lazy\" style=\"background-size:cover;background-position:50% 50%;background-repeat:no-repeat;background-image:url(&quot;data:image\/svg+xml;charset=utf-8,%3Csvg xmlns='http:\/\/www.w3.org\/2000\/svg' viewBox='0 0 640 640'%3E%3Cfilter id='b' color-interpolation-filters='sRGB'%3E%3CfeGaussianBlur stdDeviation='20'\/%3E%3CfeColorMatrix values='1 0 0 0 0 0 1 0 0 0 0 0 1 0 0 0 0 0 100 -1' result='s'\/%3E%3CfeFlood x='0' y='0' width='100%25' height='100%25'\/%3E%3CfeComposite operator='out' in='s'\/%3E%3CfeComposite in2='SourceGraphic'\/%3E%3CfeGaussianBlur stdDeviation='20'\/%3E%3C\/filter%3E%3Cimage width='100%25' height='100%25' x='0' y='0' preserveAspectRatio='none' style='filter: url(%23b);' href='data:image\/png;base64,iVBORw0KGgoAAAANSUhEUgAAABAAAAAQCAYAAAAf8\/9hAAAEG0lEQVR4AQEQBO\/7AGhviv9kbYn\/WGWG\/0Ragf8rT37\/FEh+\/x1KgP83U4X\/Tl2J\/11ljP9laIr\/Y2WD\/1dadf8\/RmL\/AShK\/wAAMf8AaW+J\/2VtiP9ZZYX\/RluB\/zBRfv8gS37\/K02A\/0JWhf9XYIn\/ZmiL\/2xqif9qZoH\/XVt0\/0VIYf8PKUn\/AAAw\/wBsb4X\/aG2E\/11mgv9MXX\/\/OlV+\/zVRfv9CVIH\/V12F\/2tniP95bYn\/fm+G\/3trfv9tX3H\/U0te\/yMsR\/8AAC7\/AHFwgP9tboD\/Ymh+\/1Nhff9HWn3\/R1l+\/1ddgP9sZYT\/gG6G\/410hf+SdoH\/jXB5\/31ja\/9hT1n\/MzBD\/wAAK\/8AeHN8\/3RxfP9qbHv\/XGV7\/1Jge\/9WX3z\/ZmR\/\/3xsgf+QdIL\/nXqB\/6J7fP+cdXP\/i2dl\/21SU\/8+Mz3\/AAAm\/wCAeXr\/fHd6\/3Jxef9kanj\/W2R4\/19jef9vZ3r\/hW98\/5l3fP+mfXv\/qn12\/6R3bf+Sal\/\/dFVO\/0Q2OP8AACD\/AIh\/ff+EfXz\/end6\/2xvd\/9hZ3T\/YmRz\/3Fmc\/+GbXT\/mXV1\/6Z7c\/+rfG\/\/pXZn\/5NqWv90VUn\/RDgz\/wACGf8Aj4eB\/4uEgP+AfXv\/cXJ1\/2Rob\/9hYWv\/bGFp\/35naf+Rb2v\/nnVr\/6N3af+dc2P\/jGdX\/29URv8\/Ny\/\/AAgO\/wCUjYf\/kIqF\/4SBfv90dHT\/ZGZp\/1tbYP9gV1v\/cFxc\/4FkYP+ObGP\/k29j\/45sX\/9\/YlX\/Y1BD\/zQ1Kv8ACQD\/AJWQi\/+RjYj\/hoN\/\/3R0cv9hY2P\/UlNV\/1BLTf9bTU3\/a1dU\/3dgW\/99ZV7\/emRc\/2xbUv9TS0H\/IzEm\/wAFAP8Ak5CM\/4+MiP+Dgn7\/cXJv\/1teXP9GSkn\/PD4+\/0I+P\/9RSUn\/XlRT\/2VbWf9jW1j\/V1RQ\/z9EPv8AKx\/\/AAAA\/wCMi4n\/iIiF\/319e\/9rbGr\/VFhW\/zxCQf8pMzP\/KzM1\/zo+Qf9IS03\/UFNU\/09UVP9ETUv\/Kz04\/wAjE\/8AAAD\/AIKDgf9+f37\/c3V0\/2JlZP9MUVD\/ND08\/yEvL\/8iLzH\/MTs9\/z9HSP9GTk\/\/RU5O\/zpHRf8eNzD\/ABgA\/wAAAP8AdHd2\/3F0c\/9na2r\/V11d\/0RLTP8yOzz\/KDIz\/y41NP88Pz3\/R0lF\/0xOSv9JTEf\/PUM8\/yAxJf8ACAD\/AAAA\/wBmamn\/Ymhn\/1pgYP9MVFX\/PkdJ\/zM8P\/80ODn\/Pz06\/0tFP\/9VTUT\/WFBF\/1NNQP9GQjP\/KS0W\/wAAAP8AAAD\/AFlgX\/9XXl3\/T1dY\/0NNUP85Q0j\/Nj1B\/z09Pv9KQz\/\/V0tC\/19RRP9iUkL\/XE47\/01BK\/8xKgL\/AAAA\/wAAAP8WVQkrsGYVHwAAAABJRU5ErkJggg=='\/%3E%3C\/svg%3E&quot;)\" src=\"https:\/\/www.europesays.com\/de\/wp-content\/uploads\/2026\/09\/george-clooney-bei-einem-gespraech-im-bfi-southbank-in-london.jpg\" fetchpriority=\"auto\"\/>Getty Images<img decoding=\"async\" alt=\"Bilder Gallerie Button\" class=\"x10l6tqk x1l3r47z xmnqija x1fxk84t x1dnml7z x11xpdln x1d8287x x3oybdh x16gas18\" src=\"https:\/\/www.europesays.com\/de\/wp-content\/uploads\/2026\/08\/1788127160_960_galerie_button.png\" loading=\"lazy\"\/>George Clooney bei einem Gespr\u00e4ch im BFI Southbank in London<img class=\"x13vifvy x10l6tqk x5yr21d xh8yej3 xl1xv1r\" alt=\"Amal und George Clooney bei der King's Trust Jubil\u00e4umsfeier in London, Mai 2026\" width=\"854\" height=\"480\" decoding=\"async\"  loading=\"lazy\" style=\"background-size:cover;background-position:50% 50%;background-repeat:no-repeat;background-image:url(&quot;data:image\/svg+xml;charset=utf-8,%3Csvg xmlns='http:\/\/www.w3.org\/2000\/svg' viewBox='0 0 640 640'%3E%3Cfilter id='b' color-interpolation-filters='sRGB'%3E%3CfeGaussianBlur stdDeviation='20'\/%3E%3CfeColorMatrix values='1 0 0 0 0 0 1 0 0 0 0 0 1 0 0 0 0 0 100 -1' result='s'\/%3E%3CfeFlood x='0' y='0' width='100%25' height='100%25'\/%3E%3CfeComposite operator='out' in='s'\/%3E%3CfeComposite in2='SourceGraphic'\/%3E%3CfeGaussianBlur stdDeviation='20'\/%3E%3C\/filter%3E%3Cimage width='100%25' height='100%25' x='0' y='0' preserveAspectRatio='none' style='filter: url(%23b);' href='data:image\/png;base64,iVBORw0KGgoAAAANSUhEUgAAABAAAAAQCAYAAAAf8\/9hAAAEG0lEQVR4AQEQBO\/7AOv\/\/\/\/r\/\/\/\/6fv\/\/+b0\/\/\/h6\/n\/2eDw\/8\/W5v\/DzN7\/uMbY\/7HD1f+wxtf\/ts3e\/8LW5v\/P4PD\/2+j4\/+Pu\/v8A6\/\/\/\/+v\/\/\/\/p+v\/\/5fL+\/+Do9f\/X3ez\/zdLi\/8LJ2v+3w9T\/scLT\/7HF1v+3zNz\/wtbl\/87f7\/\/a5\/f\/4ez8\/wDr\/\/\/\/6\/3\/\/+j3\/\/\/i7ff\/2+Hs\/9LU4P\/HyNX\/vb\/N\/7W7yv+wvMv\/scLQ\/7jK2f\/C1OL\/zd3r\/9fk8v\/d6Pb\/AOz+\/\/\/q+\/\/\/5fL6\/97m7f\/V1t3\/ysbO\/7+5wf+2sLr\/sK65\/66zv\/+xu8j\/uMbS\/8HQ3P\/K2OT\/0d7q\/9bi7f8A7Pv\/\/+n3\/P\/j7fH\/2d3g\/83Jy\/\/Atbf\/taWn\/6ycoP+onaT\/qqav\/66yvf+1v8n\/vcnU\/8TR2v\/J1t\/\/zdnh\/wDr9\/r\/6PP2\/+Dn6P\/U1NP\/xry4\/7eknf+qkIn\/ooaC\/5+Ki\/+ilpz\/qKau\/6+0vf+1v8j\/u8fO\/7\/L0P\/BztH\/AOnz8\/\/m7u7\/3uHe\/9HMxv\/Asqf\/r5WF\/6B8av+Wb2L\/k3Rw\/5aDh\/+clp7\/o6av\/6myuf+uur7\/sb\/A\/7PBv\/8A5+7r\/+Tp5v\/b3NX\/zsa7\/72qmf+qi3P\/mW5P\/4xcQv+FXVb\/hW5y\/4qCi\/+RlJ7\/mKKo\/56rrf+isK3\/pbOs\/wDk6OP\/4eTe\/9nXzv\/MwrT\/vKeT\/6mIa\/+VaEL\/g08r\/3ZJP\/9xV17\/c2x5\/3p\/i\/+Dj5b\/jJub\/5OinP+Xppv\/AOHj2\/\/f39b\/19PI\/8zAsP+8qJH\/qYps\/5NqRf99Syf\/aDkw\/1o\/Tf9XVGb\/X2l5\/2x8hP96i4v\/hZWN\/4yajf8A3t7U\/9za0P\/W0MP\/y7+u\/72pk\/+qjnL\/k29P\/3lOMP9dMir\/RCo\/\/zc9Vv9BVmn\/Vmx2\/2t+f\/97i4P\/hpKF\/wDb2tD\/2tfM\/9TNwP\/Lvq7\/vaqV\/6uRd\/+Uc1f\/eFM5\/1czKf8zHzX\/Fi5K\/ydKX\/9HY2\/\/Y3d6\/3eGgf+Ej4b\/ANnXzf\/Y1Mn\/08u\/\/8q9rf+9qpb\/q5J6\/5R2W\/94Vzz\/Vzkn\/zElLv8QMEX\/JUlb\/0hibv9ldnz\/eoWG\/4ePjP8A2NXM\/9bSyP\/Ryb7\/ybus\/7yolf+qkXn\/lHZZ\/3lZOf9bPyH\/PDIq\/yo8Rf84Ul7\/U2hz\/217g\/+AiY7\/jZGV\/wDX08z\/1tDI\/9DHvf\/Huaz\/uqaU\/6mOdv+UdFX\/e1ox\/2BEFf9IPij\/P0lH\/0pcY\/9gcHn\/doGL\/4eNl\/+SlZ7\/ANfTzP\/V0Mn\/0Ma9\/8a3q\/+5pJL\/qIxz\/5NyT\/98WSf\/ZEgE\/1FFJv9MUkr\/V2Rn\/2p2fv99hpD\/jJGd\/5aYpP+paPOohWdDOgAAAABJRU5ErkJggg=='\/%3E%3C\/svg%3E&quot;)\" src=\"https:\/\/www.europesays.com\/de\/wp-content\/uploads\/2026\/09\/amal-und-george-clooney-posieren-15.jpg\" fetchpriority=\"auto\"\/>Getty Images<img decoding=\"async\" alt=\"Bilder Gallerie Button\" class=\"x10l6tqk x1l3r47z xmnqija x1fxk84t x1dnml7z x11xpdln x1d8287x x3oybdh x16gas18\" src=\"https:\/\/www.europesays.com\/de\/wp-content\/uploads\/2026\/08\/1788127160_960_galerie_button.png\" loading=\"lazy\"\/>Amal und George Clooney bei der King&#8217;s Trust Jubil\u00e4umsfeier in London, Mai 2026<\/p>\n","protected":false},"excerpt":{"rendered":"Es war ein herzzerrei\u00dfender Abschied, der Schauspielikone George Clooney (65) bis heute tief ersch\u00fcttert: Der Hollywoodstar verlor im&hellip;\n","protected":false},"author":2,"featured_media":1282887,"comment_status":"","ping_status":"","sticky":false,"template":"","format":"standard","meta":{"footnotes":"","_share_on_mastodon":"0"},"categories":[1776],"tags":[1801,29,214,30,1802,215],"class_list":["post-1282886","post","type-post","status-publish","format-standard","has-post-thumbnail","category-prominente","tag-celebrities","tag-deutschland","tag-entertainment","tag-germany","tag-prominente","tag-unterhaltung"],"share_on_mastodon":{"url":"","error":""},"_links":{"self":[{"href":"https:\/\/www.europesays.com\/de\/wp-json\/wp\/v2\/posts\/1282886","targetHints":{"allow":["GET"]}}],"collection":[{"href":"https:\/\/www.europesays.com\/de\/wp-json\/wp\/v2\/posts"}],"about":[{"href":"https:\/\/www.europesays.com\/de\/wp-json\/wp\/v2\/types\/post"}],"author":[{"embeddable":true,"href":"https:\/\/www.europesays.com\/de\/wp-json\/wp\/v2\/users\/2"}],"replies":[{"embeddable":true,"href":"https:\/\/www.europesays.com\/de\/wp-json\/wp\/v2\/comments?post=1282886"}],"version-history":[{"count":0,"href":"https:\/\/www.europesays.com\/de\/wp-json\/wp\/v2\/posts\/1282886\/revisions"}],"wp:featuredmedia":[{"embeddable":true,"href":"https:\/\/www.europesays.com\/de\/wp-json\/wp\/v2\/media\/1282887"}],"wp:attachment":[{"href":"https:\/\/www.europesays.com\/de\/wp-json\/wp\/v2\/media?parent=1282886"}],"wp:term":[{"taxonomy":"category","embeddable":true,"href":"https:\/\/www.europesays.com\/de\/wp-json\/wp\/v2\/categories?post=1282886"},{"taxonomy":"post_tag","embeddable":true,"href":"https:\/\/www.europesays.com\/de\/wp-json\/wp\/v2\/tags?post=1282886"}],"curies":[{"name":"wp","href":"https:\/\/api.w.org\/{rel}","templated":true}]}}