{"id":1282889,"date":"2026-09-05T19:54:27","date_gmt":"2026-09-05T19:54:27","guid":{"rendered":"https:\/\/www.europesays.com\/de\/1282889\/"},"modified":"2026-09-05T19:54:27","modified_gmt":"2026-09-05T19:54:27","slug":"fremdgeh-abrechnung-erster-fame-fighting-kampf-steht-fest","status":"publish","type":"post","link":"https:\/\/www.europesays.com\/de\/1282889\/","title":{"rendered":"Fremdgeh-Abrechnung: Erster Fame-Fighting-Kampf steht fest"},"content":{"rendered":"<p class=\"spanFix xcq0f20 xklk4pu xx4bnbn x1qlqyl8 xyamk6z\" style=\"order:0\">Die erste Kampfpaarung f\u00fcr Fame Fighting 4 ist offiziell: <b><a target=\"_self\" data-google-interstitial=\"true\" href=\"https:\/\/www.promiflash.de\/thema\/luigi-birofio\/\" rel=\"nofollow noopener\">Gigi Birofio<\/a> (27) und <a target=\"_self\" data-google-interstitial=\"true\" href=\"https:\/\/www.promiflash.de\/thema\/laurenz-pesch\/\" rel=\"nofollow noopener\">Laurenz Pesch<\/a> (25) werden am 17. Oktober 2026 in der Grugahalle in Essen aufeinandertreffen.<\/b> Das berichtet Bild. F\u00fcr die beiden Realitystars geht es dabei um weit mehr als Sport, denn zwischen ihnen ist noch eine handfeste pers\u00f6nliche Abrechnung offen. Einst waren die beiden M\u00e4nner befreundet \u2013 bis Laurenz bei den Dreharbeiten zu <a target=\"_self\" data-google-interstitial=\"true\" href=\"https:\/\/www.promiflash.de\/thema\/ex-on-the-beach\/\" rel=\"nofollow noopener\">Ex on the Beach<\/a> erfuhr, dass ihn seine Ex-Freundin <a target=\"_self\" data-google-interstitial=\"true\" href=\"https:\/\/www.promiflash.de\/thema\/brenda-brinkmann\/\" rel=\"nofollow noopener\">Brenda Brinkmann<\/a> (23) ausgerechnet mit Gigi betrogen haben soll.<\/p>\n<p class=\"spanFix xcq0f20 xklk4pu xx4bnbn x1qlqyl8 xyamk6z\" style=\"order:3\">Der heimliche Seitensprung soll sich im Jahr 2025 ereignet haben \u2013 mitten in der Beziehung von Laurenz und Brenda. Damals nahm sie gemeinsam mit Gigi an <a target=\"_self\" data-google-interstitial=\"true\" href=\"https:\/\/www.promiflash.de\/thema\/villa-der-versuchung\/\" rel=\"nofollow noopener\">Villa der Versuchung<\/a> teil. Bei &#8222;Ex on the Beach&#8220; konfrontierte Laurenz seine Ex-Freundin dann mit den Vorw\u00fcrfen, bis Brenda die Aff\u00e4re z\u00f6gerlich gestand. Die Situation ging Laurenz sichtlich nahe: <b>Er brach in Tr\u00e4nen aus und f\u00fchlte sich gleich doppelt hintergangen \u2013 von seiner damaligen Freundin und von seinem Freund Gigi.<\/b> Nicht nur die Beziehung war damit Geschichte, sondern auch die M\u00e4nnerfreundschaft.<\/p>\n<p class=\"spanFix xcq0f20 xklk4pu xx4bnbn x1qlqyl8 xyamk6z\" style=\"order:6\"><b>Genau dieser Bruch bildet nun die Grundlage f\u00fcr das Aufeinandertreffen der beiden im Ring.<\/b> Nur wenige Wochen nach dem dramatischen Reality-TV-Spektakel sollen die F\u00e4uste sprechen: Der Streit wird nun vor Publikum im Boxring ausgetragen. Wie sich der Konflikt sportlich aufl\u00f6sen wird, entscheidet sich <a target=\"_self\" data-google-interstitial=\"true\" href=\"https:\/\/www.promiflash.de\/news\/2026\/08\/05\/schon-bald-datum-und-ort-von-fame-fighting-4-stehen-fest.html\" rel=\"nofollow noopener\">im Oktober in Essen<\/a>. Welche weiteren Paarungen f\u00fcr die vierte Ausgabe von Fame Fighting bekannt gegeben werden, bleibt abzuwarten.<\/p>\n<p><img class=\"x13vifvy x10l6tqk x5yr21d xh8yej3 xl1xv1r\" alt=\"Collage: Laurenz Pesch, Gigi Birofio\" width=\"854\" height=\"480\" decoding=\"async\"  loading=\"lazy\" style=\"background-size:cover;background-position:50% 50%;background-repeat:no-repeat;background-image:url(&quot;data:image\/svg+xml;charset=utf-8,%3Csvg xmlns='http:\/\/www.w3.org\/2000\/svg' viewBox='0 0 640 640'%3E%3Cfilter id='b' color-interpolation-filters='sRGB'%3E%3CfeGaussianBlur stdDeviation='20'\/%3E%3CfeColorMatrix values='1 0 0 0 0 0 1 0 0 0 0 0 1 0 0 0 0 0 100 -1' result='s'\/%3E%3CfeFlood x='0' y='0' width='100%25' height='100%25'\/%3E%3CfeComposite operator='out' in='s'\/%3E%3CfeComposite in2='SourceGraphic'\/%3E%3CfeGaussianBlur stdDeviation='20'\/%3E%3C\/filter%3E%3Cimage width='100%25' height='100%25' x='0' y='0' preserveAspectRatio='none' style='filter: url(%23b);' href='data:image\/png;base64,iVBORw0KGgoAAAANSUhEUgAAABAAAAAQCAYAAAAf8\/9hAAAEG0lEQVR4AQEQBO\/7AHZ9Y\/91fmP\/c39k\/3GDZv9yh2n\/d41u\/3+Uc\/+KmXn\/lJ19\/5qfgP+bnYD\/l5h8\/42Qd\/9+hm\/\/bHxn\/110Yf8Ad3xi\/3Z9Yv90f2P\/c4Jm\/3SHav95jW7\/gZR0\/4uZef+UnX3\/mp9\/\/5udfv+WmHv\/jJB1\/36Gbv9te2f\/X3Nh\/wB4el\/\/eHpg\/3d9Yv93gmb\/eYdr\/36OcP+GlHX\/jpl6\/5WdfP+Znn3\/mZt8\/5SWeP+LjnL\/foRr\/3B6Zf9jcmD\/AHp2W\/96d1z\/e3tg\/3yAZv+Ahmz\/hY1y\/4uUd\/+RmXr\/lpx7\/5ice\/+XmXj\/kpRz\/4qLbv9\/gWf\/c3hi\/2pwXv8AfHJX\/3xzWf9+d17\/gH1l\/4SEbP+Ji3L\/jpJ3\/5OYev+Wm3r\/l5t4\/5aYdf+RknD\/iYlq\/4B\/ZP92dV7\/b21b\/wB+blT\/fm9W\/39zW\/+BeGL\/hX9p\/4mHcP+OjnX\/k5V4\/5aZef+Ymnf\/lph0\/5KSb\/+LiWj\/gn5h\/3lyW\/9yaVf\/AH9rU\/9\/bFT\/f25Y\/39xXv+Bd2T\/hX9r\/4qIcf+QkHX\/lpd4\/5maeP+ZmXX\/lZRx\/46Kav+EfWH\/em9Z\/3JkU\/8Af2pU\/35pVf98aFX\/eWlY\/3htXP97dGL\/gn9p\/4uLcf+UlHb\/mpp5\/5ybef+al3X\/ko1t\/4d+Y\/96bVf\/b15O\/wB\/aVf\/fWhW\/3dkU\/9wYFH\/a2FS\/21oV\/92dWD\/hIRr\/5GRdf+bmnv\/oJ59\/56aev+Wj3L\/iH9l\/3dqVv9pV0j\/AH5pWf96Z1f\/cWBS\/2VYS\/9cVUj\/XVtM\/2lrV\/98fWb\/jo5z\/5uafP+in4D\/oZx+\/5eRdf+Hfmb\/c2dU\/19QQf8AfGlb\/3hmWP9sXVH\/XVJH\/09MQf9PUkT\/XmNR\/3R3Yf+JinH\/mZd8\/6Gdgf+gm3\/\/lo91\/4R8Zf9sY1D\/VEo7\/wB5aVv\/dWVY\/2lcUf9YUUf\/SUpA\/0dPQ\/9XX0\/\/b3Rf\/4WGbv+VlHn\/npl+\/5yXfP+SjHL\/fnhh\/2RfS\/9IRDP\/AHdnWf9zZFf\/aF1R\/1lTSv9MTkX\/S1NI\/1hhUv9tc1\/\/gYNs\/5COdP+Xk3j\/lZB1\/4mFa\/91clr\/WllE\/zs\/LP8AdGVW\/3FjVf9pXlL\/XlhP\/1ZWTv9VW1H\/X2ZY\/29zYf9+gGn\/iYhu\/42Lb\/+Kh2r\/f3xg\/2tqUP9QUzz\/MTwl\/wBzY1P\/cWJT\/2tgU\/9lXlP\/YF9W\/2BjWv9na17\/cXVj\/3t9Z\/+Cgmj\/hINl\/399X\/9zclT\/YGJF\/0dOM\/8pOh\/\/AHFhUP9wYVH\/bWFT\/2liV\/9nZFv\/aWlg\/21wY\/90dmX\/enxl\/31+Yv98fF3\/dnZV\/2prSf9YXDv\/QEor\/yU5G\/8OkFX6CFyMJAAAAABJRU5ErkJggg=='\/%3E%3C\/svg%3E&quot;)\" src=\"https:\/\/www.europesays.com\/de\/wp-content\/uploads\/2026\/09\/laurenz-pesch-gigi-birofio-collage.jpg\" fetchpriority=\"auto\"\/>RTL, RTL<img decoding=\"async\" alt=\"Bilder Gallerie Button\" class=\"x10l6tqk x1l3r47z xmnqija x1fxk84t x1dnml7z x11xpdln x1d8287x x3oybdh x16gas18\" src=\"https:\/\/www.europesays.com\/de\/wp-content\/uploads\/2026\/08\/1788127160_960_galerie_button.png\" loading=\"lazy\"\/>Collage: Laurenz Pesch, Gigi Birofio<img class=\"x13vifvy x10l6tqk x5yr21d xh8yej3 xl1xv1r\" alt=\"Laurenz Pesch und Brenda Brinkmann im M\u00e4rz 2025\" width=\"854\" height=\"480\" decoding=\"async\"  loading=\"lazy\" style=\"background-size:cover;background-position:50% 50%;background-repeat:no-repeat;background-image:url(&quot;data:image\/svg+xml;charset=utf-8,%3Csvg xmlns='http:\/\/www.w3.org\/2000\/svg' viewBox='0 0 640 640'%3E%3Cfilter id='b' color-interpolation-filters='sRGB'%3E%3CfeGaussianBlur stdDeviation='20'\/%3E%3CfeColorMatrix values='1 0 0 0 0 0 1 0 0 0 0 0 1 0 0 0 0 0 100 -1' result='s'\/%3E%3CfeFlood x='0' y='0' width='100%25' height='100%25'\/%3E%3CfeComposite operator='out' in='s'\/%3E%3CfeComposite in2='SourceGraphic'\/%3E%3CfeGaussianBlur stdDeviation='20'\/%3E%3C\/filter%3E%3Cimage width='100%25' height='100%25' x='0' y='0' preserveAspectRatio='none' style='filter: url(%23b);' href='data:image\/png;base64,iVBORw0KGgoAAAANSUhEUgAAABAAAAAQCAYAAAAf8\/9hAAAEG0lEQVR4AQEQBO\/7AAAoAP8AMRn\/MEQ2\/0tVS\/9bYVr\/Y2Zh\/2FjYP9VWFb\/PkJE\/wUbI\/8AAAD\/AAAA\/wAAAP8AAAD\/AAwA\/wArGP8AACEA\/wAsEP8tQTL\/SlNK\/1xgWf9kZmD\/Y2Ng\/1lYVv9EQ0T\/Gh4k\/wAAAP8AAAD\/AAAA\/wAAAP8ABgD\/ACgW\/wAAAwD\/ABwA\/yU4Kf9JTkX\/Xl1W\/2lkX\/9qY1\/\/YlpX\/1FHRf80Jif\/AAAA\/wAAAP8AAAD\/AAAA\/wAAAP8AIA\/\/AAAAAP8AAAD\/Giwc\/0lJQP9iWlT\/cGRe\/3RkX\/9uXVj\/YUxI\/0oxLf8pAAD\/AAAA\/wAAAP8AAAD\/AAAA\/wASBP8AAAAA\/wAAAP8XIhL\/TEU+\/2haVP93ZV\/\/fWhi\/3piXP9vVE3\/XT02\/0QYBv8jAAD\/AAAA\/wAAAP8AAAD\/AAAA\/wAAAAD\/AAAA\/yQjG\/9TSEP\/b11Y\/39pZP+GbWf\/hGhi\/3tcVf9rSUD\/VS0g\/zwAAP8hAAD\/BAAA\/wAAAP8IAAr\/AAAAAP8AAAD\/ODIv\/11RTf92ZWH\/hnFs\/410b\/+McGr\/g2Ve\/3RTSv9hPDD\/Sx4E\/zUAAP8kAAD\/GwAC\/xwRG\/8ADBgV\/ygqKP9LRUP\/aF1b\/35vbP+MeXb\/kn14\/5B4c\/+IbWf\/elxU\/2hHPP9ULyH\/QRkD\/zIRB\/8rGx3\/KiQp\/wA9Ozn\/R0NC\/1xWVf9yamj\/g3l3\/4+Cf\/+UhIH\/kn97\/4lzbv97Y1z\/ak5F\/1g5Lv9HKh7\/PCYf\/zctK\/82NDX\/AFNPTP9ZVVP\/aGRi\/3l0cv+HgX\/\/kIiH\/5OJh\/+Qg4H\/h3dz\/3pmYf9pUkv\/WD82\/0ozKf9BMiv\/Pjk1\/z5APv8AX1pX\/2RfXf9vbGr\/fXp5\/4iFhP+QjIv\/kYyK\/42Fg\/+DeHb\/dmdj\/2VTTf9WQTn\/STct\/0I5MP9CQTr\/Q0hD\/wBjX1v\/Z2Rh\/3Fvbf99fHr\/h4aF\/42Mi\/+Ni4r\/iISD\/353df9wZWL\/YFFM\/1BAN\/9FNyz\/QTsx\/0JEO\/9FS0T\/AGBeWv9kYl\/\/bm1r\/3p5eP+Dg4P\/iYiI\/4mHh\/+DgH\/\/eXJx\/2pgXv9ZTEf\/STsy\/z80J\/88OS3\/P0M5\/0NLQv8AV1dU\/1tcWf9nZ2X\/c3Ry\/35+ff+Eg4L\/hIGB\/356ef9zbGv\/ZFlX\/1JFQP9CMyn\/Nywc\/zY0JP86QDP\/QEg9\/wBKTkv\/UFNQ\/11fXf9sbWv\/eHd2\/398fP+Ae3v\/e3Nz\/29lZP9fUlD\/TD03\/zopHP8vIwr\/Li0Z\/zU6K\/87RDf\/AD5GQv9FS0j\/VVhW\/2dmZf90cXD\/fHd2\/312df94bm3\/bGBf\/1xNSv9INjD\/NSEO\/ygaAP8oJwr\/LzYk\/zdAMf\/K2tHpd+dAggAAAABJRU5ErkJggg=='\/%3E%3C\/svg%3E&quot;)\" src=\"https:\/\/www.europesays.com\/de\/wp-content\/uploads\/2026\/01\/laurenz-pesch-und-brenda-brinkmann-posieren.jpg\" fetchpriority=\"auto\"\/>Instagram \/ laurenz.pesch<img decoding=\"async\" alt=\"Bilder Gallerie Button\" class=\"x10l6tqk x1l3r47z xmnqija x1fxk84t x1dnml7z x11xpdln x1d8287x x3oybdh x16gas18\" src=\"https:\/\/www.europesays.com\/de\/wp-content\/uploads\/2026\/08\/1788127160_960_galerie_button.png\" loading=\"lazy\"\/>Laurenz Pesch und Brenda Brinkmann im M\u00e4rz 2025<img class=\"x13vifvy x10l6tqk x5yr21d xh8yej3 xl1xv1r\" alt=\"Gigi Birofio, &quot;Ex on the Beach&quot;-Kandidat\" width=\"854\" height=\"480\" decoding=\"async\"  loading=\"lazy\" style=\"background-size:cover;background-position:50% 50%;background-repeat:no-repeat;background-image:url(&quot;data:image\/svg+xml;charset=utf-8,%3Csvg xmlns='http:\/\/www.w3.org\/2000\/svg' viewBox='0 0 640 640'%3E%3Cfilter id='b' color-interpolation-filters='sRGB'%3E%3CfeGaussianBlur stdDeviation='20'\/%3E%3CfeColorMatrix values='1 0 0 0 0 0 1 0 0 0 0 0 1 0 0 0 0 0 100 -1' result='s'\/%3E%3CfeFlood x='0' y='0' width='100%25' height='100%25'\/%3E%3CfeComposite operator='out' in='s'\/%3E%3CfeComposite in2='SourceGraphic'\/%3E%3CfeGaussianBlur stdDeviation='20'\/%3E%3C\/filter%3E%3Cimage width='100%25' height='100%25' x='0' y='0' preserveAspectRatio='none' style='filter: url(%23b);' href='data:image\/png;base64,iVBORw0KGgoAAAANSUhEUgAAABAAAAAQCAYAAAAf8\/9hAAAEG0lEQVR4AQEQBO\/7AGqIS\/9uh0z\/eYdP\/4WGUv+PhFT\/lH9V\/5N5Uv+McU3\/f2dD\/2xeNv9VViT\/PVIA\/ylRAP8gVAD\/JFgA\/ytbAP8AZ4RJ\/2uESv92g03\/g4JQ\/42AU\/+TfVT\/kndS\/4xwTv9\/Z0b\/bV86\/1dXKv9AUg\/\/KlAA\/x1RAP8dUwD\/I1UA\/wBfeUb\/Y3lH\/295Sv98eU3\/h3hQ\/452Uv+QclP\/i25R\/4FoTf9xYUX\/Xlo5\/0dUJ\/8vTgD\/FkkA\/wBGAP8ARAD\/AFZsRv9bbEf\/Z2xI\/3VtS\/+CbU\/\/i21T\/45uVv+MbVj\/hWtY\/3lnVP9pYUv\/VFk8\/ztNIv8XPwD\/ADAA\/wAgAP8AVmNN\/1tjTf9mZE7\/dGRQ\/4FmU\/+Lalj\/kG1e\/5JxY\/+Oc2X\/hXJk\/3dsXf9lYlD\/TFI6\/yY6AP8ADgD\/AAAA\/wBlaFz\/aGhc\/3BnXP98aFz\/h2pf\/5FvY\/+YdWr\/nHtw\/5p\/dP+UgHT\/iXtv\/3hwY\/9gXU7\/PkAn\/wAAAP8AAAD\/AH17cf9\/enD\/hXlv\/4x4bv+VeW\/\/nn1z\/6WDef+piX\/\/qY6D\/6WPhP+bi3\/\/i4B0\/3VtYP9WUUD\/KCMA\/wAAAP8AmJSH\/5mThv+ckYT\/oY+C\/6eOgf+ukIP\/tJSI\/7iajf+4npH\/tZ+S\/6ybjf+ekIL\/iX9w\/21mVP9KRij\/HBYA\/wCxrpv\/sqya\/7Opl\/+1ppT\/uKOS\/72jkv\/BpZX\/xKiZ\/8Wsnf\/CrJ3\/uqmZ\/62fjv+ZkH3\/gHpl\/2NhRP9HSBP\/AMXDrP\/Fwav\/xb2o\/8W4o\/\/GtKD\/yLGe\/8uxn\/\/Os6L\/zral\/8y2pf\/Fs6H\/uKuY\/6adiP+Pi3L\/dndW\/19lOf8A0tG5\/9LQuP\/Qy7P\/zsSu\/82+qP\/OuqX\/z7il\/9G5p\/\/Su6r\/0Lyr\/8q5p\/++s57\/rqeQ\/5iXe\/+BhmL\/bXdK\/wDY2cL\/19fA\/9TRuv\/RybP\/zsGs\/8y7qP\/Nuaf\/z7mp\/9C7rP\/Pva3\/yryq\/8C2o\/+xrJX\/nJ6B\/4aOav9zglT\/ANjaxv\/W18P\/0tG9\/83ItP\/Ivqz\/xbam\/8WzpP\/HtKb\/yreq\/8q6rf\/Guqv\/vrak\/6+tl\/+boIT\/hZFt\/3KFV\/8A0tXG\/9DTxP\/Ly7z\/w8Cy\/7y1qP+4rKD\/uKme\/7uqof+\/r6b\/wbSq\/8C2q\/+4s6T\/qquY\/5eehP+AkG3\/bIRW\/wDKzsX\/yMvC\/8HDuv+4t67\/r6qi\/6mgmv+pnJf\/rZ+b\/7Omov+4raj\/uLCp\/7GvpP+kp5f\/kJuE\/3mMa\/9jgFP\/AMTIw\/\/BxcD\/uby3\/66uq\/+koJ3\/nZaU\/52Skv+ilpb\/qp6e\/7Cnpf+yrKj\/rKuj\/5+klv+LmIP\/colp\/1p8T\/8GLYnaFUwwVgAAAABJRU5ErkJggg=='\/%3E%3C\/svg%3E&quot;)\" src=\"https:\/\/www.europesays.com\/de\/wp-content\/uploads\/2026\/08\/gigi-birofio-posiert-16.jpg\" fetchpriority=\"auto\"\/>RTL \/ Daniel Alvarez<img decoding=\"async\" alt=\"Bilder Gallerie Button\" class=\"x10l6tqk x1l3r47z xmnqija x1fxk84t x1dnml7z x11xpdln x1d8287x x3oybdh x16gas18\" src=\"https:\/\/www.europesays.com\/de\/wp-content\/uploads\/2026\/08\/1788127160_960_galerie_button.png\" loading=\"lazy\"\/>Gigi Birofio, &#8222;Ex on the Beach&#8220;-Kandidat<\/p>\n<p>Laurenz vs. Gigi: Auf wen setzt ihr bei der ersten Kampfpaarung?<\/p>\n<p>Ergebnis anzeigen<\/p>\n","protected":false},"excerpt":{"rendered":"Die erste Kampfpaarung f\u00fcr Fame Fighting 4 ist offiziell: Gigi Birofio (27) und Laurenz Pesch (25) werden am&hellip;\n","protected":false},"author":2,"featured_media":1282890,"comment_status":"","ping_status":"","sticky":false,"template":"","format":"standard","meta":{"footnotes":"","_share_on_mastodon":"0"},"categories":[1773],"tags":[29,214,30,471,1780,215],"class_list":["post-1282889","post","type-post","status-publish","format-standard","has-post-thumbnail","category-serien","tag-deutschland","tag-entertainment","tag-germany","tag-serien","tag-series","tag-unterhaltung"],"share_on_mastodon":{"url":"https:\/\/pubeurope.com\/@de\/117220193694060954","error":""},"_links":{"self":[{"href":"https:\/\/www.europesays.com\/de\/wp-json\/wp\/v2\/posts\/1282889","targetHints":{"allow":["GET"]}}],"collection":[{"href":"https:\/\/www.europesays.com\/de\/wp-json\/wp\/v2\/posts"}],"about":[{"href":"https:\/\/www.europesays.com\/de\/wp-json\/wp\/v2\/types\/post"}],"author":[{"embeddable":true,"href":"https:\/\/www.europesays.com\/de\/wp-json\/wp\/v2\/users\/2"}],"replies":[{"embeddable":true,"href":"https:\/\/www.europesays.com\/de\/wp-json\/wp\/v2\/comments?post=1282889"}],"version-history":[{"count":0,"href":"https:\/\/www.europesays.com\/de\/wp-json\/wp\/v2\/posts\/1282889\/revisions"}],"wp:featuredmedia":[{"embeddable":true,"href":"https:\/\/www.europesays.com\/de\/wp-json\/wp\/v2\/media\/1282890"}],"wp:attachment":[{"href":"https:\/\/www.europesays.com\/de\/wp-json\/wp\/v2\/media?parent=1282889"}],"wp:term":[{"taxonomy":"category","embeddable":true,"href":"https:\/\/www.europesays.com\/de\/wp-json\/wp\/v2\/categories?post=1282889"},{"taxonomy":"post_tag","embeddable":true,"href":"https:\/\/www.europesays.com\/de\/wp-json\/wp\/v2\/tags?post=1282889"}],"curies":[{"name":"wp","href":"https:\/\/api.w.org\/{rel}","templated":true}]}}