{"id":1282891,"date":"2026-09-05T19:55:17","date_gmt":"2026-09-05T19:55:17","guid":{"rendered":"https:\/\/www.europesays.com\/de\/1282891\/"},"modified":"2026-09-05T19:55:17","modified_gmt":"2026-09-05T19:55:17","slug":"alphaville-auf-den-gluecksgefuehle-buehnen-geht-der-streit-weiter-saenger-legt-in-interview-nach","status":"publish","type":"post","link":"https:\/\/www.europesays.com\/de\/1282891\/","title":{"rendered":"Alphaville: Auf den \u201eGl\u00fccksgef\u00fchle\u201c-B\u00fchnen geht der Streit weiter \u2013 S\u00e4nger legt in Interview nach"},"content":{"rendered":"<p>Die Ausladung der Band Alphaville auf einem Festival sorgte f\u00fcr einen Eklat. Nun spricht der S\u00e4nger in einem Interview von \u201eBeschneidung\u201c. Auch andere K\u00fcnstler beziehen live auf der B\u00fchne Stellung.<\/p>\n<p class=\"c-inline-alert__description\">Klicken Sie hier, um sich Artikel von WELT in der Google-Suche bevorzugt anzeigen zu lassen.<\/p>\n<p class=\"is-first-paragraph\" data-external=\"Article.FirstParagraph\">Die Veranstalter hatten sich \u201eGood Vibes Only\u201c erhofft. Aber nach dem Hin und Her um politische \u00c4u\u00dferungen und die Aus- und Wiedereinladung der Band Alphaville beim \u201eGl\u00fccksgef\u00fchle\u201c-Festival schwang bei vielen Auftritten auf dem Hockenheimring ein anderer Sound mit.<\/p>\n<p>\u201eWillkommen auf der politischen Veranstaltung\u201c, rief etwa DJ Felix Jaehn von der B\u00fchne aus seinen Fans zu und positionierte sich als queere Person deutlich gegen Rechts. Und f\u00fcr die Berliner Band Culcha Candela ist Gl\u00fccksgef\u00fchle inzwischen \u201ezum politischsten Festival Deutschlands\u201c geworden.<\/p>\n<p>Denn auch am zweiten Festivaltag sorgte der Streit um Alphaville abseits der guten Stimmung auf dem Ring und der ausverkauften Tickets f\u00fcr Misst\u00f6ne und Debatten. Marian Gold, dessen Band Alphaville zun\u00e4chst ausgeladen und sp\u00e4ter wieder eingeladen wurde, kritisierte den Schritt der Veranstalter scharf und warnte vor rechtsradikalen Tendenzen in Deutschland.<\/p>\n<p>\u201eWas die Festivalmacher durchsetzen wollten, ist Beschneidung\u201c, <a class=\"is-link c-block-items__link is-external c-link--rich-text-renderer\" href=\"https:\/\/www.spiegel.de\/kultur\/musik\/alphaville-saenger-was-die-festival-macher-durchsetzen-wollten-ist-beschneidung-a-afc7fae6-1c33-4513-9fb0-e0ff5b3b02e1\" target=\"_blank\" title=\"Link wird in einem neuen Tab ge\u00f6ffnet\" rel=\"nofollow noopener\" data-internal-tracking-enabled=\"true\" data-internal-tracking=\"{&quot;action&quot;:&quot;click&quot;,&quot;label&quot;:&quot;link&quot;,&quot;name&quot;:&quot;Inline Element&quot;,&quot;data&quot;:{&quot;source&quot;:&quot;&quot;,&quot;target&quot;:&quot;https:\/\/www.spiegel.de\/kultur\/musik\/alphaville-saenger-was-die-festival-macher-durchsetzen-wollten-ist-beschneidung-a-afc7fae6-1c33-4513-9fb0-e0ff5b3b02e1&quot;,&quot;trackingName&quot;:&quot;&quot;,&quot;trackingLabel&quot;:&quot;&quot;}}\">sagte Gold dem \u201eSpiegel\u201c. <\/a>\u201eMan kann als Veranstalter nicht einfach bestimmte Dinge ausblenden, weil die einem am K\u00fcnstler nicht passen.\u201c<\/p>\n<p>Alphaville (\u201eBig in Japan\u201c, \u201eForever Young\u201c) h\u00e4tte an diesem Wochenende bei dem Festival auftreten sollen, einem der gr\u00f6\u00dften Musikfestivals in Deutschland. Die Organisatoren hatten jedoch erkl\u00e4rt, ihr Festival sei \u201ekeine Plattform f\u00fcr politische \u00c4u\u00dferungen\u201c. Da sich Alphaville bei einer fr\u00fcheren Veranstaltung mehrfach politisch ge\u00e4u\u00dfert hatte, <a class=\"is-link c-block-items__link c-link--rich-text-renderer\" href=\"https:\/\/www.welt.de\/kultur\/article6a9901c39452c52238232371\/festival-laedt-alphaville-aus-und-nach-empoerung-nun-wieder-ein.html\" data-internal-tracking-enabled=\"true\" data-internal-tracking=\"{&quot;action&quot;:&quot;click&quot;,&quot;label&quot;:&quot;link&quot;,&quot;name&quot;:&quot;Inline Element&quot;,&quot;data&quot;:{&quot;source&quot;:&quot;&quot;,&quot;target&quot;:&quot;https:\/\/www.welt.de\/kultur\/article6a9901c39452c52238232371\/festival-laedt-alphaville-aus-und-nach-empoerung-nun-wieder-ein.html&quot;,&quot;trackingName&quot;:&quot;&quot;,&quot;trackingLabel&quot;:&quot;&quot;}}\" rel=\"nofollow noopener\" target=\"_blank\">wurde die Band ausgeladen\u00a0\u2013 und sp\u00e4ter wieder eingeladen.<\/a> Sie akzeptierte die Entschuldigung, verzichtete aber auf den Auftritt.<\/p>\n<p>Der 72-j\u00e4hrige Gold warnte vor rechtsradikalen Tendenzen in Deutschland: Es sei h\u00f6chste Zeit, \u201esich den demokratiefeindlichen und rechtsradikalen Bewegungen, die immer mehr an Boden gewinnen, vehement entgegenzustellen, bevor es zu sp\u00e4t ist\u201c, sagte Gold. \u201eZu sp\u00e4t\u201c sei es dann, wenn solche Kr\u00e4fte durch Wahlen in \u00c4mter gelangten und die durch das Grundgesetz garantierten Rechte einschr\u00e4nken oder abschaffen k\u00f6nnten. \u201eWenn ihnen das gelingt, dann gute Nacht, Deutschland\u201c, sagte er.<\/p>\n<p>Gold sieht in der Debatte aber auch einen positiven Effekt: Das mediale Aufsehen habe den \u00f6ffentlichen Diskurs \u00fcber die Zukunft Deutschlands bef\u00f6rdert und \u201evielleicht viele Menschen aufgeweckt\u201c.<\/p>\n<p>In einem Instagram-Post bedankte er sich zudem f\u00fcr die \u201eunfassbare Welle der Solidarit\u00e4t\u201c und schrieb: \u201eIhr habt dieses Festival in Eure eigenen H\u00e4nde genommen und gezeigt, dass Gl\u00fccksgef\u00fchle das Ergebnis einer inneren Haltung sind und nicht einer Verordnung von oben.\u201c<\/p>\n<p>Zuvor hatte sich <a class=\"is-link c-block-items__link c-link--rich-text-renderer\" href=\"https:\/\/www.welt.de\/politik\/deutschland\/article6a994e96240b302c8a837d9f\/ski-aggu-spahn-zeigt-rapper-wegen-geruechts-ueber-drogenexzess-an.html\" data-internal-tracking-enabled=\"true\" data-internal-tracking=\"{&quot;action&quot;:&quot;click&quot;,&quot;label&quot;:&quot;link&quot;,&quot;name&quot;:&quot;Inline Element&quot;,&quot;data&quot;:{&quot;source&quot;:&quot;&quot;,&quot;target&quot;:&quot;https:\/\/www.welt.de\/politik\/deutschland\/article6a994e96240b302c8a837d9f\/ski-aggu-spahn-zeigt-rapper-wegen-geruechts-ueber-drogenexzess-an.html&quot;,&quot;trackingName&quot;:&quot;&quot;,&quot;trackingLabel&quot;:&quot;&quot;}}\" rel=\"nofollow noopener\" target=\"_blank\">Rapper Ski Aggu,<\/a> der in der Nacht auf Samstag auftrat, bei seinem Set f\u00fcr die Freiheit von K\u00fcnstlern stark gemacht. \u201eWenn ihr eine Meinung habt, dann lasst sie Euch niemals verbieten\u201c, sagte er von der B\u00fchne. Es sei \u201eabsolut selbstverst\u00e4ndlich, dass man f\u00fcr Werte eintritt, einsteht, wie Demokratie, Meinungsfreiheit, Freiheit\u201c. Als K\u00fcnstler solle man Haltung zeigen k\u00f6nnen und d\u00fcrfen. \u201eMan sollte f\u00fcr die Dinge einstehen k\u00f6nnen, f\u00fcr die man steht.\u201c<\/p>\n<p>Veranstalter rudern zur\u00fcck\u00a0\u2013 Podolski warnt vor Beleidigungen<\/p>\n<p>Mitveranstalter Markus Krampe hatte bereits am Freitag seine urspr\u00fcngliche Entscheidung, Alphaville auszuladen, als Fehler bezeichnet: \u201eDas ist superd\u00e4mlich gewesen.\u201c Er h\u00e4tte es begr\u00fc\u00dft, wenn die Band nach der Wiedereinladung aufgetreten w\u00e4re\u00a0\u2013 \u201edann h\u00e4tten wir vielleicht auch ein Zeichen setzen k\u00f6nnen\u201c.<\/p>\n<p>Ex-Fu\u00dfballstar und Mitorganisator Lukas Podolski stellte sich trotz der Kontroverse hinter seinen Partner: \u201eJeder macht irgendwie mal ein Missgeschick, einen Fehler im Leben.\u201c Zugleich warnte er Kritiker vor Beleidigungen in sozialen Medien: Er lasse weder seine Familie noch sich selbst beleidigen und wolle sich nicht in eine politische Ecke dr\u00e4ngen lassen.<\/p>\n<p>lay\/dpa<\/p>\n","protected":false},"excerpt":{"rendered":"Die Ausladung der Band Alphaville auf einem Festival sorgte f\u00fcr einen Eklat. Nun spricht der S\u00e4nger in einem&hellip;\n","protected":false},"author":2,"featured_media":1282892,"comment_status":"","ping_status":"","sticky":false,"template":"","format":"standard","meta":{"footnotes":"","_share_on_mastodon":"0"},"categories":[1772],"tags":[86668,29,214,30,668,263723,1779,810,95582,250153,110,45,215],"class_list":["post-1282891","post","type-post","status-publish","format-standard","has-post-thumbnail","category-musik","tag-antifa-ks","tag-deutschland","tag-entertainment","tag-germany","tag-gold","tag-marian","tag-music","tag-musik","tag-musikfestivals-ks","tag-newsos-import-welt","tag-newsteam","tag-texttospeech","tag-unterhaltung"],"share_on_mastodon":{"url":"https:\/\/pubeurope.com\/@de\/117220194987144243","error":""},"_links":{"self":[{"href":"https:\/\/www.europesays.com\/de\/wp-json\/wp\/v2\/posts\/1282891","targetHints":{"allow":["GET"]}}],"collection":[{"href":"https:\/\/www.europesays.com\/de\/wp-json\/wp\/v2\/posts"}],"about":[{"href":"https:\/\/www.europesays.com\/de\/wp-json\/wp\/v2\/types\/post"}],"author":[{"embeddable":true,"href":"https:\/\/www.europesays.com\/de\/wp-json\/wp\/v2\/users\/2"}],"replies":[{"embeddable":true,"href":"https:\/\/www.europesays.com\/de\/wp-json\/wp\/v2\/comments?post=1282891"}],"version-history":[{"count":0,"href":"https:\/\/www.europesays.com\/de\/wp-json\/wp\/v2\/posts\/1282891\/revisions"}],"wp:featuredmedia":[{"embeddable":true,"href":"https:\/\/www.europesays.com\/de\/wp-json\/wp\/v2\/media\/1282892"}],"wp:attachment":[{"href":"https:\/\/www.europesays.com\/de\/wp-json\/wp\/v2\/media?parent=1282891"}],"wp:term":[{"taxonomy":"category","embeddable":true,"href":"https:\/\/www.europesays.com\/de\/wp-json\/wp\/v2\/categories?post=1282891"},{"taxonomy":"post_tag","embeddable":true,"href":"https:\/\/www.europesays.com\/de\/wp-json\/wp\/v2\/tags?post=1282891"}],"curies":[{"name":"wp","href":"https:\/\/api.w.org\/{rel}","templated":true}]}}