{"id":1282898,"date":"2026-09-05T19:59:31","date_gmt":"2026-09-05T19:59:31","guid":{"rendered":"https:\/\/www.europesays.com\/de\/1282898\/"},"modified":"2026-09-05T19:59:31","modified_gmt":"2026-09-05T19:59:31","slug":"lea-zoe-voss-zdf-star-spricht-im-interview-ueber-negative-erfahrungen","status":"publish","type":"post","link":"https:\/\/www.europesays.com\/de\/1282898\/","title":{"rendered":"Lea Zo\u00eb Voss: ZDF-Star spricht im Interview \u00fcber negative Erfahrungen"},"content":{"rendered":"<p>ZDF-Star spricht Klartext <\/p>\n<p>&#8222;Das finde ich ehrlich gesagt einfach dumm&#8220;<\/p>\n<ul class=\"grid grid-flow-col gap-4\" aria-label=\"Autorenbilder\">\n<li class=\"leading-0\"><img data-tb-author-image=\"\"  loading=\"lazy\" src=\"https:\/\/www.europesays.com\/de\/wp-content\/uploads\/2026\/09\/1788619580_274_image.jpg\" alt=\"\" title=\"\" width=\"40\" height=\"40\" class=\"\" decoding=\"async\"\/><\/li>\n<\/ul>\n<p>05.09.2026 &#8211; 20:09 UhrLesedauer: 5 Min.<\/p>\n<p><a href=\"#focus-0\" class=\"transition-colors block text-current relative\" data-sctrack=\"FocusGalleryImage.Reference\"><img fetchpriority=\"high\" data-testid=\"Opener.Image\"   loading=\"eager\" src=\"https:\/\/www.europesays.com\/de\/wp-content\/uploads\/2026\/09\/leo-zoe-voss-die-schauspielerin-wurde-in-bonn-geboren.jpg\" alt=\"Leo Zo\u00eb Voss: Die Schauspielerin wurde in Bonn geboren.\" title=\"Leo Zo\u00eb Voss: Die Schauspielerin wurde in Bonn geboren.\" width=\"4724\" height=\"2657\" class=\"bg-[url:var(--lqipURL)] bg-cover bg-center flex h-full w-full max-w-full\" style=\"--lqipURL:url('https:\/\/images.t-online.de\/2026\/08\/d7JBzgV7igR1\/0x123:4724x2657\/fit-in\/150x0\/filters:blur(25)\/leo-zoe-voss-die-schauspielerin-wurde-in-bonn-geboren.jpg')\" decoding=\"async\"\/><img loading=\"lazy\" src=\"https:\/\/www.t-online.de\/s\/paper\/_next\/static\/media\/zoom-in.f7dae02f.svg\" alt=\"Vergr\u00f6\u00dfern des Bildes\" title=\"Vergr\u00f6\u00dfern des Bildes\" class=\"block h-[calc(var(--height)_\/_16_*_1rem)] w-[calc(var(--width)_\/_16_*_1rem)] max-w-none absolute right-8 bottom-8 rounded-4 bg-snow p-8\" style=\"--width:32;--height:32\" decoding=\"async\"\/><\/a><\/p>\n<p>Lea Zo\u00eb Voss: Die Schauspielerin wurde in Bonn geboren. (Quelle: IMAGO\/gbrci)<\/p>\n<p><img loading=\"lazy\" src=\"https:\/\/www.t-online.de\/s\/paper\/_next\/static\/media\/audio-volume.6689034c.svg\" alt=\"\" title=\"\" class=\"block h-[calc(var(--height)_\/_16_*_1rem)] w-[calc(var(--width)_\/_16_*_1rem)] max-w-none group-hover:brightness-0 group-hover:invert\" style=\"--width:16;--height:16\" decoding=\"async\"\/>Vorlesen<\/p>\n<p>Aktuelle Zeit:0:00Gesamtdauer:0:00<\/p>\n<p>1x<img loading=\"lazy\" src=\"https:\/\/www.t-online.de\/s\/paper\/_next\/static\/media\/font-sizes.32942e33.svg\" alt=\"\" title=\"\" class=\"block h-[calc(var(--height)_\/_16_*_1rem)] w-[calc(var(--width)_\/_16_*_1rem)] max-w-none group-hover:hidden group-aria-expanded:hidden\" style=\"--width:16;--height:16\" decoding=\"async\"\/><img loading=\"lazy\" src=\"https:\/\/www.t-online.de\/s\/paper\/_next\/static\/media\/font-sizes-dark-mode.e382645c.svg\" alt=\"\" title=\"\" class=\"block h-[calc(var(--height)_\/_16_*_1rem)] w-[calc(var(--width)_\/_16_*_1rem)] max-w-none hidden group-hover:block group-aria-expanded:block\" style=\"--width:16;--height:16\" decoding=\"async\"\/><img loading=\"lazy\" src=\"https:\/\/www.t-online.de\/s\/paper\/_next\/static\/media\/sharing-menu-icon.1eb71368.svg\" alt=\"\" title=\"\" class=\"block h-[calc(var(--height)_\/_16_*_1rem)] w-[calc(var(--width)_\/_16_*_1rem)] max-w-none group-hover:brightness-0 group-hover:invert\" style=\"--width:16;--height:16\" decoding=\"async\"\/>Artikel teilen<\/p>\n<p class=\"font-bold text-18 leading-17 user-text-lg:text-22 user-text-xl:text-24\">&#8222;Tatort&#8220;, &#8222;Jenseits der Spree&#8220;, &#8222;SOKO Potsdam&#8220; \u2013 mit 30 Jahren kann Lea Zo\u00eb Voss als Schauspielerin auf eine \u00fcppige Vita blicken. Trotzdem stand ihr dabei eines schon im Weg: ihr Aussehen.<\/p>\n<p class=\"text-18 leading-17 user-text-lg:text-22 user-text-xl:text-24\">Vor fast zehn Jahren hatte Lea Zo\u00eb Voss ihr erstes Casting. F\u00fcr die ZDF-Webserie &#8222;Druck&#8220; bewarb sie sich 2017, ein Jahr sp\u00e4ter war sie in einer der Hauptrollen zu sehen. Seitdem schl\u00fcpfte sie in verschiedene Rollen und konnte sich ihren Traum erf\u00fcllen \u2013 als Schauspielerin ihren Lebensunterhalt zu verdienen. Im t-online-Interview spricht Voss \u00fcber Grenzen am Filmset, ihre Entwicklung als Schauspielerin und die Nachteile ihres Aussehens.<\/p>\n<p class=\"text-18 leading-17 user-text-lg:text-22 user-text-xl:text-24\">Voss blickt mit viel Dankbarkeit auf die vergangenen Jahre zur\u00fcck, gibt aber auch zu: &#8222;Nat\u00fcrlich gab es Auf und Abs in dieser Zeit.&#8220; Obwohl sich ihr Leben komplett gewandelt hat, seit sie als Schauspielerin erfolgreich ist, blieben die \u00e4u\u00dferen Umst\u00e4nde gleich.<\/p>\n<p><a href=\"#focus-1\" class=\"transition-colors block text-current relative\" data-sctrack=\"FocusGalleryImage.Reference\"><img   loading=\"lazy\" src=\"https:\/\/www.europesays.com\/de\/wp-content\/uploads\/2026\/09\/lea-zoe-voss-die-schauspieleri-steht-seit-fast-zehn-jahren-vor-der-kamera.jpg\" alt=\"Lea Zo\u00eb Voss: Die Schauspieleri steht seit fast zehn Jahren vor der Kamera.\" title=\"Lea Zo\u00eb Voss: Die Schauspieleri steht seit fast zehn Jahren vor der Kamera.\" width=\"856\" height=\"1280\" class=\"h-full w-full max-w-full rounded-8\" decoding=\"async\"\/><img loading=\"lazy\" src=\"https:\/\/www.t-online.de\/s\/paper\/_next\/static\/media\/zoom-in.f7dae02f.svg\" alt=\"Vergr\u00f6\u00dfern des Bildes\" title=\"Vergr\u00f6\u00dfern des Bildes\" class=\"block h-[calc(var(--height)_\/_16_*_1rem)] w-[calc(var(--width)_\/_16_*_1rem)] max-w-none absolute right-8 bottom-8 rounded-4 bg-snow p-8\" style=\"--width:32;--height:32\" decoding=\"async\"\/>Lea Zo\u00eb Voss: Die Schauspielerin steht seit fast zehn Jahren vor der Kamera. (Quelle:  Clemens Porikys)<\/a><\/p>\n<p class=\"text-18 leading-17 user-text-lg:text-22 user-text-xl:text-24\">&#8222;Ich wohne seit etwa elf Jahren in <a href=\"https:\/\/berlin.t-online.de\/region\/berlin\/\" class=\"transition-colors cursor-pointer no-underline md:hover:text-magenta md:focus:text-magenta border-b border-solid border-current text-salemsfur md:hover:border-magenta\" data-tracking=\"{&quot;action&quot;:&quot;click&quot;,&quot;category&quot;:&quot;intextLink&quot;,&quot;label&quot;:&quot;https:\/\/berlin.t-online.de\/region\/berlin\/&quot;}\" data-sctrack=\"BodyAnchor\" rel=\"nofollow noopener\" target=\"_blank\">Berlin<\/a>, noch immer in der gleichen Wohnung&#8220;, verr\u00e4t sie t-online. &#8222;Ich liebe die Natur hier und habe den Luxus, direkt mit dem Hund in den Wald zu laufen oder einen Spaziergang am See zu machen.&#8220; W\u00e4hrend sie zu Beginn ihrer Karriere noch sehr aufgeregt war, wenn es um Dreharbeiten oder Auftritte auf dem roten Teppich ging, sei sie heute entspannter und ruhiger geworden. &#8222;Ich bleibe auch gerne mal zu Hause und lese lieber ein Buch oder schaue eine Serie&#8220;, sagt sie.<\/p>\n<p>&#8222;Tatort&#8220;-Rolle war besonders pr\u00e4gend<\/p>\n<p class=\"text-18 leading-17 user-text-lg:text-22 user-text-xl:text-24\">Sie versuche stets &#8222;undurchsichtige Figuren&#8220; zu spielen, die mag sie besonders gerne. &#8222;Deshalb fand ich zum Beispiel die Rolle der Hannah im &#8218;Tatort&#8216; so spannend. Man ahnt bis zum Ende nicht, wer sie wirklich ist.&#8220; <a href=\"https:\/\/www.t-online.de\/unterhaltung\/tv\/tatort\/id_88000044\/-tatort-aus-muenchen-schauspielerin-lea-zoe-voss-verraet-skurrile-details-.html\" class=\"transition-colors cursor-pointer no-underline md:hover:text-magenta md:focus:text-magenta border-b border-solid border-current text-salemsfur md:hover:border-magenta\" data-tracking=\"{&quot;action&quot;:&quot;click&quot;,&quot;category&quot;:&quot;intextLink&quot;,&quot;label&quot;:&quot;\/unterhaltung\/tv\/tatort\/id_88000044\/-tatort-aus-muenchen-schauspielerin-lea-zoe-voss-verraet-skurrile-details-.html&quot;}\" data-sctrack=\"BodyAnchor\" rel=\"nofollow noopener\" target=\"_blank\">2020 spielte sie<\/a> an der Seite der beiden Kommissare Ivo Batic (gespielt von Miroslav Nemec) und Franz Leitmayr (gespielt von Udo Wachtveitl) im &#8222;Tatort: Lass den Mond am Himmel stehn&#8220; aus <a href=\"https:\/\/muenchen.t-online.de\/region\/muenchen\/\" class=\"transition-colors cursor-pointer no-underline md:hover:text-magenta md:focus:text-magenta border-b border-solid border-current text-salemsfur md:hover:border-magenta\" data-tracking=\"{&quot;action&quot;:&quot;click&quot;,&quot;category&quot;:&quot;intextLink&quot;,&quot;label&quot;:&quot;https:\/\/muenchen.t-online.de\/region\/muenchen\/&quot;}\" data-sctrack=\"BodyAnchor\" rel=\"nofollow noopener\" target=\"_blank\">M\u00fcnchen<\/a> mit. Voss spielt darin die 18-j\u00e4hrige Hannah, in die sich ein sehr viel \u00e4lterer Nachbar verliebt.<\/p>\n<ul class=\"text-18 leading-17 block pl-24 *:pb-16 *:before:inline-block *:before:size-8 *:before:bg-magenta *:before:mt-0 *:before:mr-12 *:before:mb-2 *:before:-ml-[20px]\">\n<li><strong class=\"font-bold\">Lea Zo\u00eb Voss:<\/strong> <a href=\"https:\/\/www.t-online.de\/unterhaltung\/tv\/tatort\/id_88000044\/-tatort-aus-muenchen-schauspielerin-lea-zoe-voss-verraet-skurrile-details-.html\" class=\"transition-colors cursor-pointer no-underline md:hover:text-magenta md:focus:text-magenta border-b border-solid border-current text-salemsfur md:hover:border-magenta\" data-tracking=\"{&quot;action&quot;:&quot;click&quot;,&quot;category&quot;:&quot;intextLink&quot;,&quot;label&quot;:&quot;\/unterhaltung\/tv\/tatort\/id_88000044\/-tatort-aus-muenchen-schauspielerin-lea-zoe-voss-verraet-skurrile-details-.html&quot;}\" data-sctrack=\"BodyAnchor\" rel=\"nofollow noopener\" target=\"_blank\">&#8222;Tatort&#8220;-Schauspielerin verr\u00e4t skurrile Details vom Dreh<\/a><\/li>\n<\/ul>\n<p class=\"text-18 leading-17 user-text-lg:text-22 user-text-xl:text-24\">Ein besonderes Verh\u00e4ltnis pflegt Voss zu ihrem Schauspielkollegen <a href=\"https:\/\/www.t-online.de\/themen\/juergen-vogel\/\" class=\"transition-colors cursor-pointer no-underline md:hover:text-magenta md:focus:text-magenta border-b border-solid border-current text-salemsfur md:hover:border-magenta\" data-tracking=\"{&quot;action&quot;:&quot;click&quot;,&quot;category&quot;:&quot;intextLink&quot;,&quot;label&quot;:&quot;\/themen\/juergen-vogel\/&quot;}\" data-sctrack=\"BodyAnchor\" rel=\"nofollow noopener\" target=\"_blank\">J\u00fcrgen Vogel<\/a>. Die beiden spielen zusammen in der Serie &#8222;Jenseits der Spree&#8220;, die 30-J\u00e4hrige verk\u00f6rpert in der ZDF-Reihe die Tochter des Filmstars. &#8222;Wir kennen uns inzwischen schon seit sieben Jahren. Kennengelernt haben wir uns damals bei den Dreharbeiten in <a href=\"https:\/\/koeln.t-online.de\/region\/koeln\/\" class=\"transition-colors cursor-pointer no-underline md:hover:text-magenta md:focus:text-magenta border-b border-solid border-current text-salemsfur md:hover:border-magenta\" data-tracking=\"{&quot;action&quot;:&quot;click&quot;,&quot;category&quot;:&quot;intextLink&quot;,&quot;label&quot;:&quot;https:\/\/koeln.t-online.de\/region\/koeln\/&quot;}\" data-sctrack=\"BodyAnchor\" rel=\"nofollow noopener\" target=\"_blank\">K\u00f6ln<\/a> zu der Serie &#8218;Das Wichtigste im Leben'&#8220;, erinnert sich Voss.<\/p>\n","protected":false},"excerpt":{"rendered":"ZDF-Star spricht Klartext &#8222;Das finde ich ehrlich gesagt einfach dumm&#8220; 05.09.2026 &#8211; 20:09 UhrLesedauer: 5 Min. Lea Zo\u00eb&hellip;\n","protected":false},"author":2,"featured_media":1282899,"comment_status":"","ping_status":"","sticky":false,"template":"","format":"standard","meta":{"footnotes":"","_share_on_mastodon":"0"},"categories":[155],"tags":[296,1741,12374,29,214,30,604,78939,127502,3523,1420,264588,29617,46334,1268,30754,226,218,29615,215],"class_list":["post-1282898","post","type-post","status-publish","format-standard","has-post-thumbnail","category-unterhaltung","tag-berlin","tag-bonn","tag-casting","tag-deutschland","tag-entertainment","tag-germany","tag-hund","tag-ivo-batic","tag-juergen-vogel","tag-kamera","tag-koeln","tag-lea-zoe-voss","tag-miroslav-nemec","tag-mond","tag-muenchen","tag-spree","tag-t-online","tag-tatort","tag-udo-wachtveitl","tag-unterhaltung"],"share_on_mastodon":{"url":"https:\/\/pubeurope.com\/@de\/117220212897332293","error":""},"_links":{"self":[{"href":"https:\/\/www.europesays.com\/de\/wp-json\/wp\/v2\/posts\/1282898","targetHints":{"allow":["GET"]}}],"collection":[{"href":"https:\/\/www.europesays.com\/de\/wp-json\/wp\/v2\/posts"}],"about":[{"href":"https:\/\/www.europesays.com\/de\/wp-json\/wp\/v2\/types\/post"}],"author":[{"embeddable":true,"href":"https:\/\/www.europesays.com\/de\/wp-json\/wp\/v2\/users\/2"}],"replies":[{"embeddable":true,"href":"https:\/\/www.europesays.com\/de\/wp-json\/wp\/v2\/comments?post=1282898"}],"version-history":[{"count":0,"href":"https:\/\/www.europesays.com\/de\/wp-json\/wp\/v2\/posts\/1282898\/revisions"}],"wp:featuredmedia":[{"embeddable":true,"href":"https:\/\/www.europesays.com\/de\/wp-json\/wp\/v2\/media\/1282899"}],"wp:attachment":[{"href":"https:\/\/www.europesays.com\/de\/wp-json\/wp\/v2\/media?parent=1282898"}],"wp:term":[{"taxonomy":"category","embeddable":true,"href":"https:\/\/www.europesays.com\/de\/wp-json\/wp\/v2\/categories?post=1282898"},{"taxonomy":"post_tag","embeddable":true,"href":"https:\/\/www.europesays.com\/de\/wp-json\/wp\/v2\/tags?post=1282898"}],"curies":[{"name":"wp","href":"https:\/\/api.w.org\/{rel}","templated":true}]}}