{"id":1282900,"date":"2026-09-05T20:00:14","date_gmt":"2026-09-05T20:00:14","guid":{"rendered":"https:\/\/www.europesays.com\/de\/1282900\/"},"modified":"2026-09-05T20:00:14","modified_gmt":"2026-09-05T20:00:14","slug":"galaxy-s27-pro-und-ultra-samsung-mit-60-watt-laden-und-15-mehr-akku","status":"publish","type":"post","link":"https:\/\/www.europesays.com\/de\/1282900\/","title":{"rendered":"Galaxy S27 Pro und Ultra: Samsung mit 60-Watt-Laden und 15% mehr Akku"},"content":{"rendered":"<p>In China sind aktuelle Zertifizierungslisten der Beh\u00f6rde 3C aufgetaucht, die detaillierte Einblicke in die technische Ausstattung der kommenden Samsung Galaxy S27-Serie gew\u00e4hren. Die Dokumente best\u00e4tigen Spezifikationen f\u00fcr insgesamt vier Modelle, darunter erstmals eine \u201ePro\u201c-Variante innerhalb der Galaxy-S-Reihe.<\/p>\n<p>Laut Berichten vom 5. September 2026 betreffen die Informationen wesentliche Aspekte der Energieversorgung, der Akkukapazit\u00e4ten und der Hardware-Architektur.<\/p>\n<p>Ladestandards und Lieferumfang der S27-Modelle<\/p>\n<p>Den vorliegenden Zertifizierungsdaten zufolge werden sowohl das Samsung Galaxy S27 Pro (Modellnummer SM-S9570) als auch das Galaxy S27 Ultra (SM-S9580) ein kabelgebundenes Laden mit einer Leistung von 60 Watt unterst\u00fctzen. F\u00fcr das Ultra-Modell bedeutet dies keine Steigerung gegen\u00fcber dem Vorg\u00e4nger Galaxy S26 Ultra, welches bereits dieselbe Spezifikation aufwies.<\/p>\n<p>Unterschiede zeigen sich bei den weiteren Modellen der Serie: W\u00e4hrend f\u00fcr das Basismodell Galaxy S27 (SM-S9520) eine Ladeleistung von 45 Watt in den Listen verzeichnet ist, wird das Galaxy S27+ (SM-S9650) mit einer Leistung von 27 Watt gef\u00fchrt.<\/p>\n<p>Die 3C-Zertifizierung best\u00e4tigt zudem, dass Samsung die bisherige Praxis beim Lieferumfang beibeh\u00e4lt. Demnach wird den Ger\u00e4ten kein Ladeger\u00e4t beigelegt; im Karton soll sich lediglich ein USB-C-Kabel befinden.<\/p>\n<p>Kapazit\u00e4tszuwachs bei den AkkumulatorenLesen Sie auch:<a href=\"https:\/\/borncity.com\/news\/maggo-power-bank-2-pro-anker-bringt-aktive-kuehlung-auf-den-markt\/\" class=\"bc-inline-link\" rel=\"nofollow noopener\" target=\"_blank\">MagGo Power Bank 2 Pro: Anker bringt aktive K\u00fchlung auf den Markt<\/a><\/p>\n<p>Anzeige<\/p>\n<p>Die 3C-Zertifizierung best\u00e4tigt: Galaxy S27 Pro und Ultra laden mit 60 Watt \u2013 und der Ultra-Akku w\u00e4chst um 15 Prozent. Doch Samsung verzichtet weiterhin auf ein Ladeger\u00e4t im Karton. Was bedeutet das f\u00fcr Ihren n\u00e4chsten Kauf? Unser Report liefert den Modellvergleich und die wichtigsten Fakten. <strong><a href=\"https:\/\/www.dnv-media.de\/lp\/report\/samsung-galaxy-s27-pro-und-ultra-mit-60w-laden-und-15-mehr-19918?adref=Blog_DNV:Ex-Article-ID_1125407:Topic_mobile_communication:Source_DNV_Dynamic_LP:Slot_AD1of2&amp;lp=19918\" rel=\"noopener nofollow\" target=\"_blank\">Jetzt kostenlosen Report anfordern<\/a><\/strong><\/p>\n<p>Ein Schwerpunkt der technischen Neuerungen liegt bei der Batteriekapazit\u00e4t, insbesondere beim Spitzenmodell. F\u00fcr das Galaxy S27 Ultra wird eine Nennkapazit\u00e4t von 5.534 mAh ausgewiesen, was einem typischen Wert von 5.700 mAh entspricht. Dies entspr\u00e4che einer Steigerung der Kapazit\u00e4t um zirka 15 Prozent im Vergleich zum Galaxy S26 Ultra.<\/p>\n<p>Das neu eingef\u00fchrte Galaxy S27 Pro, das als erstes \u201ePro\u201c-Modell der Serie gilt, wird laut den Zertifizierungslisten \u00fcber eine Nennkapazit\u00e4t von 5.087 mAh verf\u00fcgen, wobei die typische Kapazit\u00e4t mit 5.200 mAh angegeben wird. Neben den Energiewerten geben die Listen auch Hinweise auf das \u00e4u\u00dfere Design: Demnach sollen das S27 Pro und das S27 Ultra \u00fcber ein horizontales Kameramodul verf\u00fcgen.<\/p>\n<p>Prozessoren und Zeitplan f\u00fcr den Markteinf\u00fchrung<\/p>\n<p>In Bezug auf die Rechenleistung der neuen Flaggschiffe wird erwartet, dass Samsung je nach Zielmarkt unterschiedliche Chips\u00e4tze einsetzt. Diskutiert werden in Branchenberichten der Exynos 2700 sowie der Snapdragon 8 Elite Gen 6 Pro.<\/p>\n<p>Anzeige<\/p>\n<p>Sie warten auf das n\u00e4chste Samsung-Flaggschiff? Dann sollten Sie die Unterschiede zwischen S27 Pro, Ultra und den kleineren Modellen kennen \u2013 von der Akkukapazit\u00e4t bis zur Ladeleistung. Unser Leitfaden hilft Ihnen, die richtige Wahl zu treffen. <strong><a href=\"https:\/\/www.dnv-media.de\/lp\/report\/samsung-galaxy-s27-pro-und-ultra-mit-60w-laden-und-15-mehr-19918?adref=Blog_DNV:Ex-Article-ID_1125407:Topic_mobile_communication:Source_DNV_Dynamic_LP:Slot_AD2of2&amp;lp=19918\" rel=\"noopener nofollow\" target=\"_blank\">Kostenlosen Kaufberater sichern<\/a><\/strong><\/p>\n<p>Obwohl ein regul\u00e4rer Marktstart der Galaxy S27-Serie f\u00fcr den Zeitraum Januar oder Februar 2027 erwartet wird, deuten Marktbeobachter die fr\u00fchzeitige 3C-Zertifizierung als m\u00f6gliches Anzeichen f\u00fcr eine zeitnahe Ver\u00f6ffentlichung.<\/p>\n<p>Eine offizielle Vorstellung der Modelle S27 Pro und S27 Ultra k\u00f6nnte demnach bereits im Januar 2027 erfolgen. Mit der Einf\u00fchrung des Pro-Modells scheint Samsung sein Portfolio zu erweitern, um eine zus\u00e4tzliche Option zwischen den Standardmodellen und dem Ultra-Flaggschiff zu etablieren.<\/p>\n","protected":false},"excerpt":{"rendered":"In China sind aktuelle Zertifizierungslisten der Beh\u00f6rde 3C aufgetaucht, die detaillierte Einblicke in die technische Ausstattung der kommenden&hellip;\n","protected":false},"author":2,"featured_media":1282901,"comment_status":"","ping_status":"","sticky":false,"template":"","format":"standard","meta":{"footnotes":"","_share_on_mastodon":"0"},"categories":[135],"tags":[227,29,10345,30,167559,190,189,194,425,191,193,192],"class_list":["post-1282900","post","type-post","status-publish","format-standard","has-post-thumbnail","category-wissenschaft-technik","tag-china","tag-deutschland","tag-e-mobilitaet","tag-germany","tag-produkteinfuehrung","tag-science","tag-science-technology","tag-technik","tag-technologie","tag-technology","tag-wissenschaft","tag-wissenschaft-technik"],"share_on_mastodon":{"url":"https:\/\/pubeurope.com\/@de\/117220214540486118","error":""},"_links":{"self":[{"href":"https:\/\/www.europesays.com\/de\/wp-json\/wp\/v2\/posts\/1282900","targetHints":{"allow":["GET"]}}],"collection":[{"href":"https:\/\/www.europesays.com\/de\/wp-json\/wp\/v2\/posts"}],"about":[{"href":"https:\/\/www.europesays.com\/de\/wp-json\/wp\/v2\/types\/post"}],"author":[{"embeddable":true,"href":"https:\/\/www.europesays.com\/de\/wp-json\/wp\/v2\/users\/2"}],"replies":[{"embeddable":true,"href":"https:\/\/www.europesays.com\/de\/wp-json\/wp\/v2\/comments?post=1282900"}],"version-history":[{"count":0,"href":"https:\/\/www.europesays.com\/de\/wp-json\/wp\/v2\/posts\/1282900\/revisions"}],"wp:featuredmedia":[{"embeddable":true,"href":"https:\/\/www.europesays.com\/de\/wp-json\/wp\/v2\/media\/1282901"}],"wp:attachment":[{"href":"https:\/\/www.europesays.com\/de\/wp-json\/wp\/v2\/media?parent=1282900"}],"wp:term":[{"taxonomy":"category","embeddable":true,"href":"https:\/\/www.europesays.com\/de\/wp-json\/wp\/v2\/categories?post=1282900"},{"taxonomy":"post_tag","embeddable":true,"href":"https:\/\/www.europesays.com\/de\/wp-json\/wp\/v2\/tags?post=1282900"}],"curies":[{"name":"wp","href":"https:\/\/api.w.org\/{rel}","templated":true}]}}