{"id":1282919,"date":"2026-09-05T20:12:13","date_gmt":"2026-09-05T20:12:13","guid":{"rendered":"https:\/\/www.europesays.com\/de\/1282919\/"},"modified":"2026-09-05T20:12:13","modified_gmt":"2026-09-05T20:12:13","slug":"schwalmtal-schuetzenfest-in-amern-beginnt-am-11-september-2026","status":"publish","type":"post","link":"https:\/\/www.europesays.com\/de\/1282919\/","title":{"rendered":"Schwalmtal: Sch\u00fctzenfest in Amern beginnt am 11. September 2026"},"content":{"rendered":"<p class=\"text_ohne_einzug richtext text-em-55 !leading-serif mx-6 desktop:mx-0\"> Wer feiert? Die St.-Sebastianus-Sch\u00fctzenbruderschaft Amern St. Georg 1533 feiert vom 11. bis 14. September ihr Sch\u00fctzenfest. Es ist die letzte <a href=\"https:\/\/rp-online.de\/thema\/kirmes\/\" rel=\"nofollow noopener\" target=\"_blank\">Kirmes<\/a> in diesem Jahr im Bezirksverband Schwalmtal-Br\u00fcggen.<\/p>\n<p class=\"text_ohne_einzug richtext text-em-55 !leading-serif mx-6 desktop:mx-0\"><strong class=\"font-bold dark:text-white-solid\">Wer bildet das K\u00f6nigshaus?<\/strong> Das K\u00f6nigshaus besteht aus dem K\u00f6nigspaar Aaron und Jenny Kapell sowie aus den Ministerpaaren Thomas und Sabrina Lenzen sowie Sebastian und Rebecca Hurtz. Dazu geh\u00f6rt auch noch der K\u00f6nigsadjutant Nils Th\u00fcner.<\/p>\n<p class=\"text_ohne_einzug richtext text-em-55 !leading-serif mx-6 desktop:mx-0\"><strong class=\"font-bold dark:text-white-solid\">Wer sind die Majest\u00e4ten in der Jugend?<\/strong> Es gibt den Kinderprinzen Elias Adrians, Sch\u00fclerprinz Tom Gartz und den Jugendprinzen Julien Ebbers.<\/p>\n<p class=\"text_ohne_einzug richtext text-em-55 !leading-serif mx-6 desktop:mx-0\"><strong class=\"font-bold dark:text-white-solid\">Welchen <a href=\"https:\/\/rp-online.de\/thema\/beruf\/\" rel=\"nofollow noopener\" target=\"_blank\">Beruf<\/a> hat der Sch\u00fctzenk\u00f6nig?<\/strong> Seine Majest\u00e4t Aaron I. ist selbstst\u00e4ndiger Estrichleger.<\/p>\n<p class=\"text_ohne_einzug richtext text-em-55 !leading-serif mx-6 desktop:mx-0\"><strong class=\"font-bold dark:text-white-solid\">Was sind die Besonderheiten und Highlights?<\/strong> Der Auftakt ist am Freitag, 11. September, um 18.15 Uhr mit einem \u00f6kumenischen Gottesdienst im Festzelt mit anschlie\u00dfenden Ehrungen. Nach einem Zug durch den Ort startet um 19.30 Uhr der K\u00f6nigs-Gala-Ball mit der Band Farbton. Am Samstag um 14 Uhr ist Kinder-Disco mit dem Besuch der K\u00f6nigin sowie Tanz und Spa\u00df. Nach dem Festumzug um 15.30 Uhr ist eine Stunde sp\u00e4ter die K\u00f6nigsparade am Dorfweiher. Die Sch\u00fctzenparty beginnt um 19.30 Uhr mit der Band Farbton. Am Sonntag nach dem Festgottesdienst um 9.30 Uhr in St. Georg ist Kranzniederlegung am Ehrenmal mit gro\u00dfem Zapfenstreich. Um 11.15 Uhr gibt es einen Klompenfr\u00fchschoppen mit dem Musikverein Rath-Anhoven. Ab 13 Uhr geht der Familientag los mit Entenangeln, Schie\u00dfbude, Imbisswagen, S\u00fc\u00dfwagen (bereits am Freitag und Samstag), H\u00fcpfburgen, Kinderschminken und Zaubershow auf der Festwiese. Dazu unterh\u00e4lt der DJ Posches.Ab 16.30 Uhr ist Vogelschuss. Am Montag ist ab 18 Uhr Verbrennen des Kirmesm\u00e4nnchen mit Ausklang im Sch\u00fctzenheim.<\/p>\n<p class=\"text_ohne_einzug richtext text-em-55 !leading-serif mx-6 desktop:mx-0\"><strong class=\"font-bold dark:text-white-solid\">Wo wird gefeiert?<\/strong> Im Festzelt an der Friedhofstra\u00dfe 18 in N\u00e4he des Sch\u00fctzenheims.<\/p>\n<p class=\"text_ohne_einzug richtext text-em-55 !leading-serif mx-6 desktop:mx-0\"><strong class=\"font-bold dark:text-white-solid\">Was kosten die Getr\u00e4nke?<\/strong> Die Biere und alkoholfreien Getr\u00e4nke kosten 2,50 Euro im 0,2-l-Glas. Das alkoholfreie Bier (0,33 l) gibts f\u00fcr 3,60 Euro.<\/p>\n<p class=\"text_ohne_einzug richtext text-em-55 !leading-serif mx-6 desktop:mx-0\"><strong class=\"font-bold dark:text-white-solid\">Was m\u00fcssen die Besucher noch wissen?<\/strong> An allen Tagen ist freier Eintritt. Parkpl\u00e4tze gibt es in den anliegenden Stra\u00dfen sowie am Dorfweiher.<\/p>\n","protected":false},"excerpt":{"rendered":"Wer feiert? Die St.-Sebastianus-Sch\u00fctzenbruderschaft Amern St. Georg 1533 feiert vom 11. bis 14. September ihr Sch\u00fctzenfest. Es ist&hellip;\n","protected":false},"author":2,"featured_media":1282920,"comment_status":"","ping_status":"","sticky":false,"template":"","format":"standard","meta":{"footnotes":"","_share_on_mastodon":"0"},"categories":[1849],"tags":[40989,3364,29,257923,548,663,3934,34970,27331,17418,24861,30,13,4455,14,15,1209,12,23077,23079,20413,52903,23065,9717],"class_list":["post-1282919","post","type-post","status-publish","format-standard","has-post-thumbnail","category-moenchengladbach","tag-amern","tag-de","tag-deutschland","tag-dorfweiher","tag-eu","tag-europa","tag-europe","tag-farbton","tag-feiert","tag-gefeiert","tag-georg","tag-germany","tag-headlines","tag-moenchengladbach","tag-nachrichten","tag-news","tag-nordrhein-westfalen","tag-schlagzeilen","tag-schuetzenbruderschaft","tag-schuetzenfest","tag-schwalmtal","tag-sebastian","tag-sebastianus","tag-uhr"],"share_on_mastodon":{"url":"","error":""},"_links":{"self":[{"href":"https:\/\/www.europesays.com\/de\/wp-json\/wp\/v2\/posts\/1282919","targetHints":{"allow":["GET"]}}],"collection":[{"href":"https:\/\/www.europesays.com\/de\/wp-json\/wp\/v2\/posts"}],"about":[{"href":"https:\/\/www.europesays.com\/de\/wp-json\/wp\/v2\/types\/post"}],"author":[{"embeddable":true,"href":"https:\/\/www.europesays.com\/de\/wp-json\/wp\/v2\/users\/2"}],"replies":[{"embeddable":true,"href":"https:\/\/www.europesays.com\/de\/wp-json\/wp\/v2\/comments?post=1282919"}],"version-history":[{"count":0,"href":"https:\/\/www.europesays.com\/de\/wp-json\/wp\/v2\/posts\/1282919\/revisions"}],"wp:featuredmedia":[{"embeddable":true,"href":"https:\/\/www.europesays.com\/de\/wp-json\/wp\/v2\/media\/1282920"}],"wp:attachment":[{"href":"https:\/\/www.europesays.com\/de\/wp-json\/wp\/v2\/media?parent=1282919"}],"wp:term":[{"taxonomy":"category","embeddable":true,"href":"https:\/\/www.europesays.com\/de\/wp-json\/wp\/v2\/categories?post=1282919"},{"taxonomy":"post_tag","embeddable":true,"href":"https:\/\/www.europesays.com\/de\/wp-json\/wp\/v2\/tags?post=1282919"}],"curies":[{"name":"wp","href":"https:\/\/api.w.org\/{rel}","templated":true}]}}