{"id":1282923,"date":"2026-09-05T20:14:35","date_gmt":"2026-09-05T20:14:35","guid":{"rendered":"https:\/\/www.europesays.com\/de\/1282923\/"},"modified":"2026-09-05T20:14:35","modified_gmt":"2026-09-05T20:14:35","slug":"pol-hro-polizeieinsatz-anlaesslich-der-spielbegegnung-zwischen-dem-f-c-hansa-rostock-2","status":"publish","type":"post","link":"https:\/\/www.europesays.com\/de\/1282923\/","title":{"rendered":"POL-HRO: Polizeieinsatz anl\u00e4sslich der Spielbegegnung zwischen dem F.C. Hansa Rostock &#8230;"},"content":{"rendered":"<p class=\"date\">05.09.2026 \u2013 18:22<\/p>\n<p class=\"customer\">\n                        <a class=\"story-customer\" title=\"weiter zum newsroom von Polizeipr\u00e4sidium Rostock\" href=\"https:\/\/www.presseportal.de\/blaulicht\/nr\/108746\" rel=\"nofollow noopener\" target=\"_blank\">Polizeipr\u00e4sidium Rostock<\/a>\n                    <\/p>\n<p><a data-category=\"citylink-story-view\" data-action=\"click\" data-label=\"Citylink in Meldungsansicht\" class=\"story-city event-trigger\" href=\"https:\/\/www.presseportal.de\/regional\/Rostock\" title=\"News aus Rostock \" rel=\"nofollow noopener\" target=\"_blank\">Rostock<\/a> (ots)<\/p>\n<p>Am Samstag, 05.09.2026, hat im Rostocker Ostseestadion das<br \/>\nFu\u00dfballspiel der 3. Bundesliga zwischen dem F.C. Hansa Rostock und<br \/>\ndes SV Wehen Wiesbaden stattgefunden. Das Spiel war im Vorfeld als<br \/>\nGrundsicherungsspiel eingestuft worden.<br \/>\nIn allen Phasen des polizeilichen Einsatzes kam es zu keinen<br \/>\npolizeilich, nennenswerten Zwischenf\u00e4llen.<br \/>\nInsgesamt befanden sich 124 Polizeibeamtinnen und Polizeibeamte der<br \/>\nLandespolizei Mecklenburg-Vorpommern im Einsatz.<br \/>\nDie Fertigung der Pressemitteilung erfolgte auf Basis der um 18:00<br \/>\nUhr vorliegenden Erkenntnisse.<\/p>\n<p>Kjell Kasbohm<br \/>\nPolizeif\u00fchrer vom Dienst<br \/>\nPolizeipr\u00e4sidium Rostock<br \/>\nDezernat 1, Einsatzleitstelle<\/p>\n<p class=\"contact-headline\">R\u00fcckfragen bitte an:<\/p>\n<p class=\"contact-text\">Einsatzleitstelle Polizeipr\u00e4sidium Rostock<\/p>\n<p>R\u00fcckfragen au\u00dferhalb der B\u00fcrozeiten und am Wochenende:<\/p>\n<p>Polizeipr\u00e4sidium Rostock<br \/>Einsatzleitstelle\/Polizeif\u00fchrer vom Dienst<br \/>Telefon: 038208 888-2110<br \/>E-Mail: <a href=\"https:\/\/www.presseportal.de\/blaulicht\/pm\/108746\/mailto:elst-pp.rostock@polmv.de\" class=\"uri-mailto\" rel=\"nofollow noopener\" target=\"_blank\">elst-pp.rostock@polmv.de<\/a><\/p>\n<p>R\u00fcckfragen zu B\u00fcrozeiten:<\/p>\n<p>Polizeipr\u00e4sidium Rostock<br \/>Newsroom<br \/>Telefon: 038208 888-2040<br \/>E-Mail: <a href=\"https:\/\/www.presseportal.de\/blaulicht\/pm\/108746\/mailto:pressestelle-pp.rostock@polizei.mv-regierung.de\" class=\"uri-mailto\" rel=\"nofollow noopener\" target=\"_blank\">pressestelle-pp.rostock@polizei.mv-regierung.de<\/a><\/p>\n<p class=\"originator\">Original-Content von: Polizeipr\u00e4sidium Rostock, \u00fcbermittelt durch news aktuell<\/p>\n","protected":false},"excerpt":{"rendered":"05.09.2026 \u2013 18:22 Polizeipr\u00e4sidium Rostock Rostock (ots) Am Samstag, 05.09.2026, hat im Rostocker Ostseestadion das Fu\u00dfballspiel der 3.&hellip;\n","protected":false},"author":2,"featured_media":1266941,"comment_status":"","ping_status":"","sticky":false,"template":"","format":"standard","meta":{"footnotes":"","_share_on_mastodon":"0"},"categories":[1847],"tags":[3364,29,548,663,3934,30,13,2052,177,1352,14,15,121,178,180,179,181,12,4544],"class_list":["post-1282923","post","type-post","status-publish","format-standard","has-post-thumbnail","category-wiesbaden","tag-de","tag-deutschland","tag-eu","tag-europa","tag-europe","tag-germany","tag-headlines","tag-hessen","tag-kriminalitt","tag-mv","tag-nachrichten","tag-news","tag-polizei","tag-presse","tag-pressemeldung","tag-pressemitteilung","tag-pressemitteilungen","tag-schlagzeilen","tag-wiesbaden"],"share_on_mastodon":{"url":"https:\/\/pubeurope.com\/@de\/117220269483592224","error":""},"_links":{"self":[{"href":"https:\/\/www.europesays.com\/de\/wp-json\/wp\/v2\/posts\/1282923","targetHints":{"allow":["GET"]}}],"collection":[{"href":"https:\/\/www.europesays.com\/de\/wp-json\/wp\/v2\/posts"}],"about":[{"href":"https:\/\/www.europesays.com\/de\/wp-json\/wp\/v2\/types\/post"}],"author":[{"embeddable":true,"href":"https:\/\/www.europesays.com\/de\/wp-json\/wp\/v2\/users\/2"}],"replies":[{"embeddable":true,"href":"https:\/\/www.europesays.com\/de\/wp-json\/wp\/v2\/comments?post=1282923"}],"version-history":[{"count":0,"href":"https:\/\/www.europesays.com\/de\/wp-json\/wp\/v2\/posts\/1282923\/revisions"}],"wp:featuredmedia":[{"embeddable":true,"href":"https:\/\/www.europesays.com\/de\/wp-json\/wp\/v2\/media\/1266941"}],"wp:attachment":[{"href":"https:\/\/www.europesays.com\/de\/wp-json\/wp\/v2\/media?parent=1282923"}],"wp:term":[{"taxonomy":"category","embeddable":true,"href":"https:\/\/www.europesays.com\/de\/wp-json\/wp\/v2\/categories?post=1282923"},{"taxonomy":"post_tag","embeddable":true,"href":"https:\/\/www.europesays.com\/de\/wp-json\/wp\/v2\/tags?post=1282923"}],"curies":[{"name":"wp","href":"https:\/\/api.w.org\/{rel}","templated":true}]}}