{"id":1282933,"date":"2026-09-05T20:24:39","date_gmt":"2026-09-05T20:24:39","guid":{"rendered":"https:\/\/www.europesays.com\/de\/1282933\/"},"modified":"2026-09-05T20:24:39","modified_gmt":"2026-09-05T20:24:39","slug":"schwerer-schicksalsschlag-fuer-familienvater-in-werther-unterstuetzer-bittet-um-spenden","status":"publish","type":"post","link":"https:\/\/www.europesays.com\/de\/1282933\/","title":{"rendered":"Schwerer Schicksalsschlag f\u00fcr Familienvater in Werther: Unterst\u00fctzer bittet um Spenden"},"content":{"rendered":"<p id=\"absatz1\" class=\"em_text\">Werther. Eine Stadt steht zusammen: Nach dem gewaltsamen Tod einer 36-j\u00e4hrigen Wertheranerin hatte zuletzt deren Freundin eine Spendensammlung \u00fcber gofoundme ins Leben gerufen. Hier soll das gesammelte Geld dem <a href=\"https:\/\/www.nw.de\/lokal\/kreis_guetersloh\/werther\/24408352_Nach-gewaltsamem-Tod-von-Wertheranerin-Freundinnen-sammeln-Spenden-fuer-ihr-Pferd-v1.html\" rel=\"nofollow noopener\" target=\"_blank\">kranken Pferd der Get\u00f6teten<\/a> zugutekommen.<\/p>\n<p id=\"absatz2\" class=\"em_text\">Jetzt hat auch Johnny D\u00e4hne, fr\u00fcherer Berichterstatter dieser Zeitung und bekannter Handballer, als Mitarbeiter an der Offenen Ganztagsschule in Werther diese Plattform genutzt, um einem schwer kranken Familienvater, dessen Frau und den beiden Kindern in der Not zu helfen.<\/p>\n<p id=\"absatz3\" class=\"em_text\">\u201eZwei Wochen vor den Sommerferien kam Victoria, die alle nur \u201eVicky\u201c rufen, zwischen Tischtennisplatte und Kletterger\u00fcst auf mich zu und erkl\u00e4rte mir, dass ihr Vater seit gestern mit Bauchschmerzen im Krankenhaus l\u00e4ge\u201c, berichtet Johnny D\u00e4hne. \u201eWird hoffentlich nicht so schlimm sein\u201c, sagte er noch zu ihr und dachte tats\u00e4chlich eher an eine Blinddarmentz\u00fcndung oder eine Magenverstimmung. Die tats\u00e4chliche Diagnose indes war niederschmetternd: Magenkrebs, weit metastasiert.<\/p>\n<p>\n        \u00d7\n    <\/p>\n<p>\n            Sie erhalten in wenigen Minuten eine E-Mail zur Best\u00e4tigung Ihrer Anmeldung.\n        <\/p>\n<p>Erst danach ist diese abgeschlossen.<\/p>\n<p>Bitte pr\u00fcfen Sie auch den Spam-Ordner.<\/p>\n<p>\n        \u00d7\n    <\/p>\n<p>\n            Sie haben bisher Ihre E-Mail-Adresse noch nicht best\u00e4tigt.\n        <\/p>\n<p>Erst danach ist diese abgeschlossen.<\/p>\n<p>Bitte pr\u00fcfen Sie auch den Spam-Ordner.<\/p>\n<p>\n        \u00d7\n    <\/p>\n<p>\n            Es ist einen Fehler aufgetreten\n        <\/p>\n<p>Bei Fragen hilft unser Newsletter-Support<\/p>\n<p> Newsletter<\/p>\n<p> Update zum Abend<\/p>\n<p>Informiert bleiben mit t\u00e4glichen News aus dem Kreis G\u00fctersloh, OWL und der Welt.<\/p>\n<p>                Jetzt anmelden<\/p>\n<p>\u201eSommerferien waren gepr\u00e4gt von R\u00fcckschl\u00e4gen\u201c, sagt D\u00e4hne<\/p>\n<p class=\"em_text\">\u201eF\u00fcr die Familie hat sich seit diesem Moment alles ge\u00e4ndert\u201c, berichtet Johnny D\u00e4hne. \u201eGuido, der bei einem Haller Unternehmen als IT-Spezialist arbeitet, k\u00e4mpft im St\u00e4dtischen Klinikum Bielefeld pl\u00f6tzlich ums \u00dcberleben.\u201c Und leidet obendrein unter Begleiterscheinungen wie Nierenversagen, einem Darmverschluss und massivem Gewichtsverlust. \u201eDie Sommerferien, eigentlich die sch\u00f6nste Zeit des Jahres, waren f\u00fcr ihn und seine Familie gepr\u00e4gt von R\u00fcckschl\u00e4gen\u201c, fasst D\u00e4hne zusammen.<\/p>\n<p>        <a href=\"https:\/\/www.nw.de\/_em_daten\/_cache\/image\/1xeUc2bEwvWHlCQ1hGRzJvZXp1ejNvZktialA2d283bDlySUF5ZC9uc20wVHNGR2xuOGZTaFdWSjFsbFdnQlMyYThEV3RLZUgvdlJZSjVRL3laNHZkVnc9PQ\/260903-1727-927475127.jpg\" class=\"nw-article-image\" title=\"Johnny D\u00e4hne hat die Spendenaktion f\u00fcr die Wertheraner Familie ins Leben gerufen.\" data-glightbox=\"type: image; description: Johnny D\u00e4hne hat die Spendenaktion f\u00fcr die Wertheraner Familie ins Leben gerufen.  | \u00a9 Haller Kreisblatt \" rel=\"nofollow noopener\" target=\"_blank\"><br \/>\n            <img decoding=\"async\" src=\"https:\/\/www.europesays.com\/de\/wp-content\/uploads\/2026\/09\/260903-1727-927475127.jpg\" class=\"nw-img-fluid nw-w-full nw-lazy nw-rounded-t-md\" alt=\"Johnny D\u00e4hne hat die Spendenaktion f\u00fcr die Wertheraner Familie ins Leben gerufen. - \u00a9 Haller Kreisblatt\" data-format=\"16:9\"\/><br \/>\n        <\/a><\/p>\n<p>                Johnny D\u00e4hne hat die Spendenaktion f\u00fcr die Wertheraner Familie ins Leben gerufen.<br \/>\n                                    | \u00a9 Haller Kreisblatt<\/p>\n<p id=\"absatz5\" class=\"em_text\">Gegen\u00fcber Johnny D\u00e4hne wiederum gibt sich der Familienvater Guido als K\u00e4mpfer. Und erz\u00e4hlte ihm das: \u201eZwischendurch hatte ich einen fiesen H\u00e4nger. Aber dadurch, dass ich die Chemo gut vertrage, habe ich jetzt wieder eine positive Grundeinstellung.\u201c<\/p>\n<p id=\"absatz6\" class=\"em_text\">Nachdem die \u00c4rzte zu Beginn der Diagnose eine Lebenserwartung von nur wenigen Monaten prognostiziert hatten, hat er nun andere, bessere Perspektiven. \u201eWenn die neue Therapieform weiter so anschl\u00e4gt, haben wir die Hoffnung, dass es deutlich mehr wird\u201c, sagt seine Frau Sandra.<\/p>\n<p>Schicksal des Familienvaters ber\u00fchrt die Menschen<\/p>\n<p id=\"absatz7\" class=\"em_text\">Doch neben der Sorge um ihren Mann muss zu Hause das Leben weitergehen. Ihre beiden T\u00f6chter Friederike und Victoria sind nach den Sommerferien wieder in den Schulalltag gestartet. Wobei neben den emotionalen Herausforderungen f\u00fcr die Familie jetzt die finanzielle Unsicherheit hinzukommt: Verdienstausfall durch den Krebs und damit nur noch Krankengeld.<\/p>\n<p id=\"absatz8\">\ud83d\udcf2<b class=\"bold\">Aktuelle News bekommen Sie t\u00e4glich \u00fcber den<\/b> <a data-auth=\"NotApplicable\" data-linkindex=\"0\" href=\"https:\/\/www.whatsapp.com\/channel\/0029VagW0wu1NCrcPhw4AH21\" rel=\"noopener noreferrer nofollow\" target=\"_blank\" title=\"https:\/\/www.whatsapp.com\/channel\/0029VagW0wu1NCrcPhw4AH21\">WhatsApp-Kanal der NW G\u00fctersloh<\/a><\/p>\n<p id=\"absatz9\" class=\"em_text\">Dazu kommen Kosten wie Zuzahlung f\u00fcr das Krankenhaus, Kosten f\u00fcr eine Haushaltshilfe und vor allem die zu erwartenden Betr\u00e4ge f\u00fcr Hilfsmittel, um Guido in Zukunft ein Leben in den eigenen vier W\u00e4nden in Werther zu erm\u00f6glichen.<\/p>\n<p>        <a href=\"https:\/\/www.nw.de\/_em_daten\/_cache\/image\/1xck9haTZoSUVwTnRXbmpreUw2OFR2aFhrVm0ya2JLeTcrTlh6WEtiQWlmdHVhSjFHb3dTY0NaaGowQmdkS3c1RldjRHQybVNUaFJCZk1WVWtNaHRMT1E9PQ\/260903-1727-927474618.jpg\" class=\"nw-article-image\" title=\"Der Wertheraner Familienvater Guido schwer gezeichnet von der Krankheit. Eine Spendenaktion soll das Leid etwas mindern.\" data-glightbox=\"type: image; description: Der Wertheraner Familienvater Guido schwer gezeichnet von der Krankheit. Eine Spendenaktion soll das Leid etwas mindern.  | \u00a9 Haller Kreisblatt \" rel=\"nofollow noopener\" target=\"_blank\"><br \/>\n            <img decoding=\"async\" src=\"https:\/\/www.europesays.com\/de\/wp-content\/uploads\/2026\/09\/260903-1727-927474618.jpg\" class=\"nw-img-fluid nw-w-full nw-lazy nw-rounded-t-md\" alt=\"Der Wertheraner Familienvater Guido schwer gezeichnet von der Krankheit. Eine Spendenaktion soll das Leid etwas mindern. - \u00a9 Haller Kreisblatt\" data-format=\"16:9\"\/><br \/>\n        <\/a><\/p>\n<p>                Der Wertheraner Familienvater Guido schwer gezeichnet von der Krankheit. Eine Spendenaktion soll das Leid etwas mindern.<br \/>\n                                    | \u00a9 Haller Kreisblatt<\/p>\n<p id=\"absatz10\" class=\"em_text\">\u201eDieses Schicksal hat mich so ber\u00fchrt\u201c, sagt Johnny D\u00e4hne, \u201eda musste ich einfach helfen.\u201c Er habe deshalb in enger Absprache mit der Familie diese Aktion ins Leben gerufen. \u201eWer dabei mithelfen kann und m\u00f6chte, der Familie zumindest diese finanziellen Sorgen zu lindern, kann sich gerne an diesem Aufruf beteiligen. Jeder Betrag und jedes Teilen z\u00e4hlt\u201c, wirbt der Wertheraner um Beteiligung.<\/p>\n<p id=\"absatz11\" class=\"em_text\">Donnerstagmittag (3. September) waren bereits 1.775 Euro zusammengekommen. Aber die Summe darf nat\u00fcrlich gerne gr\u00f6\u00dfer werden. Das hier ist der Link: <a href=\"https:\/\/shorturl.at\/CtUMu\" rel=\"nofollow noopener\" target=\"_blank\">https:\/\/shorturl.at\/CtUMu<\/a> <\/p>\n","protected":false},"excerpt":{"rendered":"Werther. Eine Stadt steht zusammen: Nach dem gewaltsamen Tod einer 36-j\u00e4hrigen Wertheranerin hatte zuletzt deren Freundin eine Spendensammlung&hellip;\n","protected":false},"author":2,"featured_media":1282934,"comment_status":"","ping_status":"","sticky":false,"template":"","format":"standard","meta":{"footnotes":"","_share_on_mastodon":"0"},"categories":[1841],"tags":[1605,3364,29,553,30,264592,223412,731,9311,9307,732,4280,9308,198343,19081,164252,9312,23780,1209,50807,11032,11512,6715],"class_list":["post-1282933","post","type-post","status-publish","format-standard","has-post-thumbnail","category-bielefeld","tag-bielefeld","tag-de","tag-deutschland","tag-familie","tag-germany","tag-johnny-daehne","tag-label_beruehre-mich","tag-label_cm-ok","tag-label_familie-freizeit","tag-label_foto","tag-label_frei","tag-label_l-120","tag-label_republish","tag-meta_artikelklasse_aboanker","tag-meta_copyrights_hk","tag-meta_eo_zusammenfassung","tag-meta_themen_familie_bildung_freizeit","tag-meta_userneeds_beruehremich","tag-nordrhein-westfalen","tag-schicksalsschlag","tag-spende","tag-ueberleben","tag-werther"],"share_on_mastodon":{"url":"https:\/\/pubeurope.com\/@de\/117220311961704567","error":""},"_links":{"self":[{"href":"https:\/\/www.europesays.com\/de\/wp-json\/wp\/v2\/posts\/1282933","targetHints":{"allow":["GET"]}}],"collection":[{"href":"https:\/\/www.europesays.com\/de\/wp-json\/wp\/v2\/posts"}],"about":[{"href":"https:\/\/www.europesays.com\/de\/wp-json\/wp\/v2\/types\/post"}],"author":[{"embeddable":true,"href":"https:\/\/www.europesays.com\/de\/wp-json\/wp\/v2\/users\/2"}],"replies":[{"embeddable":true,"href":"https:\/\/www.europesays.com\/de\/wp-json\/wp\/v2\/comments?post=1282933"}],"version-history":[{"count":0,"href":"https:\/\/www.europesays.com\/de\/wp-json\/wp\/v2\/posts\/1282933\/revisions"}],"wp:featuredmedia":[{"embeddable":true,"href":"https:\/\/www.europesays.com\/de\/wp-json\/wp\/v2\/media\/1282934"}],"wp:attachment":[{"href":"https:\/\/www.europesays.com\/de\/wp-json\/wp\/v2\/media?parent=1282933"}],"wp:term":[{"taxonomy":"category","embeddable":true,"href":"https:\/\/www.europesays.com\/de\/wp-json\/wp\/v2\/categories?post=1282933"},{"taxonomy":"post_tag","embeddable":true,"href":"https:\/\/www.europesays.com\/de\/wp-json\/wp\/v2\/tags?post=1282933"}],"curies":[{"name":"wp","href":"https:\/\/api.w.org\/{rel}","templated":true}]}}