{"id":1282935,"date":"2026-09-05T20:26:25","date_gmt":"2026-09-05T20:26:25","guid":{"rendered":"https:\/\/www.europesays.com\/de\/1282935\/"},"modified":"2026-09-05T20:26:25","modified_gmt":"2026-09-05T20:26:25","slug":"zum-beginn-der-saison-grosses-theaterfest-in-bielefeld-fuer-die-ganze-familie","status":"publish","type":"post","link":"https:\/\/www.europesays.com\/de\/1282935\/","title":{"rendered":"Zum Beginn der Saison: Gro\u00dfes Theaterfest in Bielefeld f\u00fcr die ganze Familie"},"content":{"rendered":"<p class=\"&#10;      nw-text-base&#10;      nw-text-gray-500&#10;      nw-font-medium&#10;    \">\n        Saisonbeginn in Bielefeld\n    <\/p>\n<p>                Zum Beginn der Saison: Gro\u00dfes Theaterfest in Bielefeld f\u00fcr die ganze Familie<\/p>\n<p class=\"nw-text-lg nw-text-black md:nw-w-5\/6 nw-pb-7\">\n                Kost\u00fcmverkauf, Kinderrallye oder einmal \u201eMaestro f\u00fcr Minuten\u201c sein: Beim Fest!-Auftakt zur neuen Spielzeit zeigte sich das Theater volksnah. St\u00fccke-H\u00e4ppchen auf den Probeb\u00fchnen, Konzerte und Party lockten Hunderte an.\n            <\/p>\n<p class=\"nw-text-base nw-font-bold nw-text-gray-600 dark:nw-text-white nw-mb-0 nw-leading-snug\">\n                    Mehr Nachrichten aus OWL in Ihren Suchergebnissen\n                <\/p>\n<p class=\"nw-text-base nw-text-gray-400 dark:nw-text-white\/60 nw-mb-0 nw-mt-1.5 nw-leading-snug\">\n                    Legen Sie NW.de als bevorzugte Quelle fest.\n                <\/p>\n<p>            <a href=\"https:\/\/google.com\/preferences\/source?q=nw.de\" target=\"_blank\" rel=\"noopener noreferrer nofollow\" aria-label=\"NW.de bei Google als bevorzugte Nachrichtenquelle festlegen \u2013 \u00f6ffnet Google-Einstellungen in einem neuen Tab\" data-track=\"matomo\" data-track-category=\"preferred_source\" data-track-action=\"click\" data-track-name=\"preferred_source_google_click\" class=\"nw-flex nw-items-center nw-justify-center nw-w-full sm:nw-w-auto sm:nw-self-center sm:nw-shrink-0&#010;            nw-rounded-full nw-border nw-border-transparent&#010;            nw-bg-red-0&#010;            nw-shadow-sm&#010;            nw-px-5 nw-h-12 sm:nw-h-11 nw-text-base nw-font-semibold&#010;            nw-text-white&#010;            hover:nw-bg-red-100 hover:nw-shadow&#010;            focus-visible:nw-outline-2 focus-visible:nw-outline-offset-2 focus-visible:nw-outline-hk-blue-200 dark:focus-visible:nw-outline-white&#010;            nw-transition-all motion-reduce:nw-transition-none\"><br \/>\n                Bei Google hinzuf\u00fcgen<br \/>\n            <\/a><\/p>\n","protected":false},"excerpt":{"rendered":"Saisonbeginn in Bielefeld Zum Beginn der Saison: Gro\u00dfes Theaterfest in Bielefeld f\u00fcr die ganze Familie Kost\u00fcmverkauf, Kinderrallye oder&hellip;\n","protected":false},"author":2,"featured_media":1282936,"comment_status":"","ping_status":"","sticky":false,"template":"","format":"standard","meta":{"footnotes":"","_share_on_mastodon":"0"},"categories":[1841],"tags":[264594,264593,1605,102818,3364,29,191379,553,17445,30,59344,160447,9311,9307,16383,2377,733,16896,198343,736,164252,9312,737,53887,1209,64661,25872,1598,26243,26009,264595,103112],"class_list":["post-1282935","post","type-post","status-publish","format-standard","has-post-thumbnail","category-bielefeld","tag-basement-boyz","tag-bettina-wittemeier","tag-bielefeld","tag-cnt_aufmacher","tag-de","tag-deutschland","tag-ella-rothschild","tag-familie","tag-fest","tag-germany","tag-kostueme","tag-kostuemverkauf","tag-label_familie-freizeit","tag-label_foto","tag-label_print-platziert","tag-label_startseite","tag-label_unterhalte-mich","tag-label_xl-160","tag-meta_artikelklasse_aboanker","tag-meta_copyrights_nw","tag-meta_eo_zusammenfassung","tag-meta_themen_familie_bildung_freizeit","tag-meta_userneeds_lenkeab","tag-nadja-loschky","tag-nordrhein-westfalen","tag-radio-bielefeld","tag-reissleine","tag-restaurant","tag-saisonbeginn","tag-theater-bielefeld","tag-theater-haeppchen","tag-theaterfest"],"share_on_mastodon":{"url":"","error":""},"_links":{"self":[{"href":"https:\/\/www.europesays.com\/de\/wp-json\/wp\/v2\/posts\/1282935","targetHints":{"allow":["GET"]}}],"collection":[{"href":"https:\/\/www.europesays.com\/de\/wp-json\/wp\/v2\/posts"}],"about":[{"href":"https:\/\/www.europesays.com\/de\/wp-json\/wp\/v2\/types\/post"}],"author":[{"embeddable":true,"href":"https:\/\/www.europesays.com\/de\/wp-json\/wp\/v2\/users\/2"}],"replies":[{"embeddable":true,"href":"https:\/\/www.europesays.com\/de\/wp-json\/wp\/v2\/comments?post=1282935"}],"version-history":[{"count":0,"href":"https:\/\/www.europesays.com\/de\/wp-json\/wp\/v2\/posts\/1282935\/revisions"}],"wp:featuredmedia":[{"embeddable":true,"href":"https:\/\/www.europesays.com\/de\/wp-json\/wp\/v2\/media\/1282936"}],"wp:attachment":[{"href":"https:\/\/www.europesays.com\/de\/wp-json\/wp\/v2\/media?parent=1282935"}],"wp:term":[{"taxonomy":"category","embeddable":true,"href":"https:\/\/www.europesays.com\/de\/wp-json\/wp\/v2\/categories?post=1282935"},{"taxonomy":"post_tag","embeddable":true,"href":"https:\/\/www.europesays.com\/de\/wp-json\/wp\/v2\/tags?post=1282935"}],"curies":[{"name":"wp","href":"https:\/\/api.w.org\/{rel}","templated":true}]}}