{"id":1282943,"date":"2026-09-05T20:34:16","date_gmt":"2026-09-05T20:34:16","guid":{"rendered":"https:\/\/www.europesays.com\/de\/1282943\/"},"modified":"2026-09-05T20:34:16","modified_gmt":"2026-09-05T20:34:16","slug":"12-gegen-bochum-dynamo-dresden-patzt-sich-zum-zweitliga-fehlstart-sport","status":"publish","type":"post","link":"https:\/\/www.europesays.com\/de\/1282943\/","title":{"rendered":"1:2 gegen Bochum! Dynamo Dresden patzt sich zum Zweitliga-Fehlstart | Sport"},"content":{"rendered":"<p><a class=\"skip-content skip-content--link\" href=\"#in-content-skip-link-target-v-0-0\">TTS-Player \u00fcberspringen\u21b5<\/a><a id=\"in-content-skip-link-target-v-0-0\" class=\"skip-content--target-link-hidden skip-content skip-content--target-link\" href=\"#in-content-skip-link-target-v-0-0\">Artikel weiterlesen<\/a><\/p>\n<p><b>Bitterer Abend f\u00fcr Dynamo Dresden: Gegen den VfL Bochum verlieren die Sachsen zuhause mit 1:2, patzen sich mit der dritten Pleite im vierten Saisonspiel zum Zweitliga-Fehlstart.<\/b><\/p>\n<p>Die Gastgeber mit zwei \u00c4nderungen zur 3:5-Pleite in der Vorwoche in Heidenheim: Muhamedbegovic ersetzt den gesperrten Keller (Gelb\/Rot) in der Innenverteidigung, Lemmer beginnt f\u00fcr Inanoglu auf der rechten Au\u00dfenbahn.<\/p>\n<p>Brachte erstmal nichts, denn schon nach vier Minuten der Schock: Rapp nach Zuspiel von Keeper Schreiber am eigenen Strafraum mit einem dicken Klops, Bochums Miyoshi sagt Danke \u2013 0:1!<\/p>\n<p>Dresden danach gegen fr\u00fch attackierende G\u00e4ste mit gro\u00dfen Problemen im Spielaufbau. Die P\u00e4sse im Mittelfeld oft schlampig, lange B\u00e4lle finden kaum einen Abnehmer. So kommt Bochum immer wieder viel zu leicht in die Gefahrenzone, schl\u00e4gt eiskalt zu. Wieder entwischt Miyoshi nach einem Steilpass, schiebt freistehend zum 0:2 ein (25.). Auch, weil M\u00fcller das Abseits aufhebt.<\/p>\n<p>Mehr zum Thema<\/p>\n<p>Die Dynamos sichtlich geschockt, es l\u00e4uft kaum was zusammen. Einzig Kapit\u00e4n Hauptmann zerrt immer wieder an den Ketten. Kurz vor der Pause ist die Hoffnung aber pl\u00f6tzlich zur\u00fcck: Rapp und Hauptmann machen den Ball schnell, Bobzien vollendet aus halblinker Position (42.). <\/p>\n<p>Das 1:2 zum psychologisch g\u00fcnstigen Zeitpunkt. Zumal die nicht zimperlich zu Werke gehenden Bochumer nach dem Seitenwechsel aufpassen m\u00fcssen, nachdem sie in den ersten 45 Minuten inklusive Trainer Uwe R\u00f6sler gleich sieben gelbe Karten von Schiri Harm Osmers kassieren.<\/p>\n<p><img decoding=\"async\" width=\"992\" height=\"558\" alt=\"Ben Bobzien (l.) brachte mit seinem Tor kurz vor der Pause die Hoffnung f\u00fcr Dynamo zur\u00fcck\" loading=\"lazy\" src=\"https:\/\/www.europesays.com\/de\/wp-content\/uploads\/2026\/09\/5ad46d27e7ba799c4a46d6d12105364a,22e16e0a.jpeg\"   class=\"landscape\"\/><\/p>\n<p class=\"fig__caption__text\">Ben Bobzien (l.) brachte mit seinem Tor kurz vor der Pause die Hoffnung f\u00fcr Dynamo zur\u00fcck<\/p>\n<p>Foto: Olaf Rentsch<\/p>\n<p>Trainer Thomas Stamm bringt mit <a href=\"https:\/\/www.bild.de\/sport\/fussball\/neuen-regionalliga-bundesliga-legende-ulf-kirsten-feiert-reform-vorstoss-von-dfb-boss-6a992a9bc53a6557d48de074\" class=\"text-link\" rel=\"nofollow noopener\" target=\"_blank\">Neuzugang Okpala<\/a> (f\u00fcr Lemmer) frische Offensivpower. Und die Paderborner Leihgabe macht gleich ordentlich Dampf. <a href=\"https:\/\/www.bild.de\/sport\/fussball\/dynamo-dresden\/startseite-dynamo-46789412.bild.html\" class=\"text-link\" rel=\"nofollow noopener\" target=\"_blank\">Dynamo<\/a> versucht jetzt, an den Ketten zu zerren, trotzdem bleibt vieles nach wie vor St\u00fcckwerk.<\/p>\n<p>Klar, dass sich dem VfL gegen anrennende Dresdner selber R\u00e4ume bieten. Gl\u00fcck f\u00fcr die SGD, dass der Pfosten (58.) und Schreiber mit Mega-Reflex (64.) das 1:3 verhindern. Bitter allerdings, dass auf der Gegenseite nach einem Hammer des eingewechselten Raschl auch das Geb\u00e4lk den Ausgleich verhindert (68.).<\/p>\n<p>Aufholjagd wird nicht belohnt<\/p>\n<p>In der Schlussviertelstunde rennt Dynamo mit dem Mute der Verzweiflung an, die 30.500 Fans im Hexenkessel Harbig-Stadion haben mehrfach den Torschrei auf den Lippen. Doch der Ball will einfach nicht mehr zum inzwischen verdienten Ausgleich \u00fcber die Linie. So kassiert das Stamm-Team nach zuletzt vier Zweitliga-Heimsiegen in Folge eine Pleite, die richtig wehtut. Und die Sachsen erstmal dahin bugsiert, wo sie nicht hinwollten \u2013 in den Tabellenkeller.<\/p>\n","protected":false},"excerpt":{"rendered":"TTS-Player \u00fcberspringen\u21b5Artikel weiterlesen Bitterer Abend f\u00fcr Dynamo Dresden: Gegen den VfL Bochum verlieren die Sachsen zuhause mit 1:2,&hellip;\n","protected":false},"author":2,"featured_media":1282944,"comment_status":"","ping_status":"","sticky":false,"template":"","format":"standard","meta":{"footnotes":"","_share_on_mastodon":"0"},"categories":[1839],"tags":[621,300,7507,3364,29,3766,347,30,1209,3460,8173],"class_list":["post-1282943","post","type-post","status-publish","format-standard","has-post-thumbnail","category-bochum","tag-2-bundesliga","tag-abstiegskampf","tag-bochum","tag-de","tag-deutschland","tag-dynamo-dresden","tag-fussball","tag-germany","tag-nordrhein-westfalen","tag-sport-leuchtturm-leipzig","tag-vfl-bochum"],"share_on_mastodon":{"url":"https:\/\/pubeurope.com\/@de\/117220348190530083","error":""},"_links":{"self":[{"href":"https:\/\/www.europesays.com\/de\/wp-json\/wp\/v2\/posts\/1282943","targetHints":{"allow":["GET"]}}],"collection":[{"href":"https:\/\/www.europesays.com\/de\/wp-json\/wp\/v2\/posts"}],"about":[{"href":"https:\/\/www.europesays.com\/de\/wp-json\/wp\/v2\/types\/post"}],"author":[{"embeddable":true,"href":"https:\/\/www.europesays.com\/de\/wp-json\/wp\/v2\/users\/2"}],"replies":[{"embeddable":true,"href":"https:\/\/www.europesays.com\/de\/wp-json\/wp\/v2\/comments?post=1282943"}],"version-history":[{"count":0,"href":"https:\/\/www.europesays.com\/de\/wp-json\/wp\/v2\/posts\/1282943\/revisions"}],"wp:featuredmedia":[{"embeddable":true,"href":"https:\/\/www.europesays.com\/de\/wp-json\/wp\/v2\/media\/1282944"}],"wp:attachment":[{"href":"https:\/\/www.europesays.com\/de\/wp-json\/wp\/v2\/media?parent=1282943"}],"wp:term":[{"taxonomy":"category","embeddable":true,"href":"https:\/\/www.europesays.com\/de\/wp-json\/wp\/v2\/categories?post=1282943"},{"taxonomy":"post_tag","embeddable":true,"href":"https:\/\/www.europesays.com\/de\/wp-json\/wp\/v2\/tags?post=1282943"}],"curies":[{"name":"wp","href":"https:\/\/api.w.org\/{rel}","templated":true}]}}