{"id":1282965,"date":"2026-09-05T20:50:25","date_gmt":"2026-09-05T20:50:25","guid":{"rendered":"https:\/\/www.europesays.com\/de\/1282965\/"},"modified":"2026-09-05T20:50:25","modified_gmt":"2026-09-05T20:50:25","slug":"steinmeier-in-bonn-ehrenamtliche-sind-der-kitt-der-gesellschaft","status":"publish","type":"post","link":"https:\/\/www.europesays.com\/de\/1282965\/","title":{"rendered":"Steinmeier in Bonn \u2013 Ehrenamtliche sind \u201eder Kitt der Gesellschaft\u201c"},"content":{"rendered":"<p class=\"dm-paragraph leading-[1.5em] mb-8 my-8 dm-article-content-width\" index=\"0\" should-collapse-on-mobile=\"true\" has-padding=\"\" data-v-fac9d07d=\"\">Bundespr\u00e4sident Frank-Walter Steinmeier hat dazu aufgerufen, Demokratie und Rechtsstaat vor denen zu sch\u00fctzen, \u201edie all das verachten und mit F\u00fc\u00dfen treten\u201c. Bei der Er\u00f6ffnung eines B\u00fcrgerfests mit 2.000 ehrenamtlich engagierten B\u00fcrgerinnen und B\u00fcrgern in der Villa Hammerschmidt in Bonn sagte Steinmeier: \u201eV\u00f6lkisches Denken und nationalistische Abschottung, das sind eben keine Antwort auf die Herausforderungen des 21. Jahrhunderts.\u201c<\/p>\n<p><img decoding=\"async\" width=\"4000\" height=\"2250\" class=\"current-image dm-figure__image  dm-figure__image-loading\" loading=\"lazy\" onerror=\"this.setAttribute('data-error', 1)\" data-nuxt-pic=\"\" alt=\"Besucher sitzen beim B\u00fcrgerfest im Park der Villa Hammerschmidt auf dem Rasen vor dem Bonner Amtssitz des Bundespr\u00e4sidenten.\" src=\"https:\/\/www.europesays.com\/de\/wp-content\/uploads\/2026\/09\/869611bd-6e09-44d6-b972-0a91b032515e.jpeg\"  \/><\/p>\n<p class=\"text-flint dark:text-white italic text-base\" data-v-42fecd8d=\"\">Besucher sitzen beim B\u00fcrgerfest im Park der Villa Hammerschmidt auf dem Rasen vor dem Bonner Amtssitz des Bundespr\u00e4sidenten.<\/p>\n<p class=\"dm-figure__copyright block text-darkgrey text-sm\" data-v-42fecd8d=\"\">Copyright: Henning Kaiser\/dpa<\/p>\n<p class=\"dm-paragraph leading-[1.5em] mb-8 my-8 dm-article-content-width\" index=\"2\" should-collapse-on-mobile=\"true\" has-padding=\"\" data-v-fac9d07d=\"\">Steinmeier, der im M\u00e4rz nach zehn Jahren aus dem Amt scheidet, beschrieb die freiheitliche Demokratie als \u201eErrungenschaft\u201c und \u201eGl\u00fcck f\u00fcr uns alle\u201c. Er appellierte: \u201eH\u00fcten wir sie gut! Stehen wir zusammen! Sch\u00fctzen und verteidigen wir sie gegen die Ver\u00e4chter der Demokratie!\u201c Dabei helfe es, sich klarzumachen, dass die Menschen, die die Demokratie sch\u00fctzen und erhalten wollten, die Mehrheit darstellten.<\/p>\n<p><img decoding=\"async\" width=\"4000\" height=\"2250\" class=\"current-image dm-figure__image  dm-figure__image-loading\" loading=\"lazy\" onerror=\"this.setAttribute('data-error', 1)\" data-nuxt-pic=\"\" alt=\"Bundespr\u00e4sident Frank-Walter Steinmeier (r) und seine Frau Elke B\u00fcdenbender gehen beim B\u00fcrgerfest durch den Park der Villa Hammerschmidt.\" src=\"https:\/\/www.europesays.com\/de\/wp-content\/uploads\/2026\/09\/3b505c7c-f384-4a7f-9511-cff1c3f92919.jpeg\"  \/><\/p>\n<p class=\"text-flint dark:text-white italic text-base\" data-v-42fecd8d=\"\">Bundespr\u00e4sident Frank-Walter Steinmeier (r) und seine Frau Elke B\u00fcdenbender gehen beim B\u00fcrgerfest durch den Park der Villa Hammerschmidt.<\/p>\n<p class=\"dm-figure__copyright block text-darkgrey text-sm\" data-v-42fecd8d=\"\">Copyright: Henning Kaiser\/dpa<\/p>\n<p class=\"dm-paragraph leading-[1.5em] mb-8 my-8 dm-article-content-width\" index=\"4\" should-collapse-on-mobile=\"true\" has-padding=\"\" data-v-fac9d07d=\"\">Aus Wut und Emp\u00f6rung entstehe dagegen keine Perspektive. \u201eMit Hass und Hetze baut man keine Zukunft.\u201c An die ehrenamtlich Engagierten gerichtet, sagte Steinmeier: \u201eWir brauchen gerade jetzt Menschen wie Sie, und Sie alle brauchen die Unterst\u00fctzung der vielen in unserem Land, der gro\u00dfen, oft zu stillen Mehrheit.\u201c<\/p>\n<p>Steinmeier empfiehlt Klimaleugnern einen Blick auf den Rhein<\/p>\n<p class=\"dm-paragraph leading-[1.5em] mb-8 my-8 dm-article-content-width\" index=\"6\" should-collapse-on-mobile=\"true\" has-padding=\"\" data-v-fac9d07d=\"\">Die fr\u00fchere Bundeshauptstadt Bonn, in der das Grundgesetz erarbeitet wurde, stehe in besonderer Weise f\u00fcr den demokratischen Neuanfang Deutschlands nach der nationalsozialistischen Diktatur. Als heutiger Sitz zahlreicher UN-Organisationen sei es auch ein Beispiel f\u00fcr internationale Zusammenarbeit. \u201eNicht erst die Katastrophe von Nepal sollte doch klargemacht haben: Nur als globale Verantwortungsgemeinschaft haben wir eine Chance, den Trend der immer weiter voranschreitenden Erderw\u00e4rmung umzukehren und die menschliche Zivilisation auf nachhaltige Grundlagen zu stellen\u201c, sagte Steinmeier. \u201eWir brauchen nicht weniger, wir brauchen mehr internationale Zusammenarbeit. Und wer nach diesem extremen Hitzesommer immer noch behauptet, es gebe keinen Klimawandel, dem empfehle ich einen Blick auf die Pegelst\u00e4nde der Fl\u00fcsse in diesem Sommer.\u201c<\/p>\n<p><a href=\"https:\/\/www.rundschau-online.de\/welt\/klima-un-sehen-1-5-grad-marke-bald-gerissen-und-geben-neues-ziel-vor-1363702\" class=\"dm-imagefeat__imagecontainer dm-imagefeat relative\" aria-label=\"\" tabindex=\"-1\" data-v-7bdd7f3a=\"\" rel=\"nofollow noopener\" target=\"_blank\"><img decoding=\"async\" width=\"4000\" height=\"2667\" class=\"dm-imagefeat__image w-full aspect-square sm:aspect-auto aspect-video\" style=\"aspect-ratio:1;\" onerror=\"this.setAttribute('data-error', 1)\" data-nuxt-pic=\"\" alt=\"Waldbrand im US-Bundesstaat Kalifornien.\" loading=\"lazy\" src=\"https:\/\/www.europesays.com\/de\/wp-content\/uploads\/2026\/09\/585dc643-5bb5-44d3-a949-28468f7c7613.jpeg\"  \/><\/a><\/p>\n<p class=\"dm-paragraph leading-[1.5em] mb-8 my-8 dm-article-content-width\" index=\"8\" should-collapse-on-mobile=\"true\" has-padding=\"\" data-v-fac9d07d=\"\">Extrem viele Hitzetage, Ernteausf\u00e4lle, eine fast lahmgelegte Binnenschifffahrt, verheerende Waldbr\u00e4nde &#8211; all das zeige: \u201eWir brauchen weltweit einen noch entschiedeneren Kampf gegen den Klimawandel. Aber wir brauchen ausgerechnet doch jetzt nicht noch Leugner des Klimawandels in den Regierungen!\u201c (dpa\/red)<\/p>\n","protected":false},"excerpt":{"rendered":"Bundespr\u00e4sident Frank-Walter Steinmeier hat dazu aufgerufen, Demokratie und Rechtsstaat vor denen zu sch\u00fctzen, \u201edie all das verachten und&hellip;\n","protected":false},"author":2,"featured_media":1282966,"comment_status":"","ping_status":"","sticky":false,"template":"","format":"standard","meta":{"footnotes":"","_share_on_mastodon":"0"},"categories":[1842],"tags":[1741,3364,29,30,1209],"class_list":["post-1282965","post","type-post","status-publish","format-standard","has-post-thumbnail","category-bonn","tag-bonn","tag-de","tag-deutschland","tag-germany","tag-nordrhein-westfalen"],"share_on_mastodon":{"url":"https:\/\/pubeurope.com\/@de\/117220416341997996","error":""},"_links":{"self":[{"href":"https:\/\/www.europesays.com\/de\/wp-json\/wp\/v2\/posts\/1282965","targetHints":{"allow":["GET"]}}],"collection":[{"href":"https:\/\/www.europesays.com\/de\/wp-json\/wp\/v2\/posts"}],"about":[{"href":"https:\/\/www.europesays.com\/de\/wp-json\/wp\/v2\/types\/post"}],"author":[{"embeddable":true,"href":"https:\/\/www.europesays.com\/de\/wp-json\/wp\/v2\/users\/2"}],"replies":[{"embeddable":true,"href":"https:\/\/www.europesays.com\/de\/wp-json\/wp\/v2\/comments?post=1282965"}],"version-history":[{"count":0,"href":"https:\/\/www.europesays.com\/de\/wp-json\/wp\/v2\/posts\/1282965\/revisions"}],"wp:featuredmedia":[{"embeddable":true,"href":"https:\/\/www.europesays.com\/de\/wp-json\/wp\/v2\/media\/1282966"}],"wp:attachment":[{"href":"https:\/\/www.europesays.com\/de\/wp-json\/wp\/v2\/media?parent=1282965"}],"wp:term":[{"taxonomy":"category","embeddable":true,"href":"https:\/\/www.europesays.com\/de\/wp-json\/wp\/v2\/categories?post=1282965"},{"taxonomy":"post_tag","embeddable":true,"href":"https:\/\/www.europesays.com\/de\/wp-json\/wp\/v2\/tags?post=1282965"}],"curies":[{"name":"wp","href":"https:\/\/api.w.org\/{rel}","templated":true}]}}