{"id":1283016,"date":"2026-09-05T21:26:18","date_gmt":"2026-09-05T21:26:18","guid":{"rendered":"https:\/\/www.europesays.com\/de\/1283016\/"},"modified":"2026-09-05T21:26:18","modified_gmt":"2026-09-05T21:26:18","slug":"bayern-blamage-gegen-schalke-so-schlecht-startete-muenchen-lange-nicht","status":"publish","type":"post","link":"https:\/\/www.europesays.com\/de\/1283016\/","title":{"rendered":"Bayern-Blamage gegen Schalke: So schlecht startete M\u00fcnchen lange nicht"},"content":{"rendered":"<p>Vor dem Top-Spiel waren die Rollen klar verteilt: Der FC <a href=\"https:\/\/www.fussballdaten.de\/vereine\/fc-bayern-muenchen\/\" title=\"Profil von FC Bayern M\u00fcnchen\" rel=\"nofollow noopener\" target=\"_blank\">Bayern<\/a> fuhr als deutscher Meister zum Aufsteiger. Mit einer Bilanz von 38:2 Toren aus den letzten f\u00fcnf Jahren sprach zudem auch die Statistik deutlich f\u00fcr den Herausforderer. Doch am Ende kam alles anders als gedacht.<\/p>\n<p>FC Bayern mit schlechtestem Saisonstart seit Jahren <\/p>\n<p class=\"mb20 mt30\">Bereits am zweiten Spieltag Punkte zu verlieren, das passiert dem FC Bayern selten. Zum letzten Mal mit &#8222;nur&#8220; vier Punkten in die Saison gestartet ist der Rekordmeister in der Saison 2021\/22. Damals spielten die M\u00fcnchener allerdings schon am ersten Spieltag gegen Borussia M\u00f6nchengladbach 1:1-Unentschieden. Am Ende hatte der fr\u00fche Punktverlust allerdings keine gr\u00f6\u00dferen Auswirkungen auf die Meisterschaft. Am 34. Spieltag feierten die M\u00fcnchener die deutsche Meisterschaft mit acht Punkten Abstand vor <a href=\"https:\/\/www.fussballdaten.de\/vereine\/borussia-dortmund\/\" title=\"Profil von Borussia Dortmund\" rel=\"nofollow noopener\" target=\"_blank\">Borussia Dortmund<\/a>. <\/p>\n<p>                        <img src=\"https:\/\/www.europesays.com\/de\/wp-content\/uploads\/2026\/08\/umfrage-kopf-icon.png\" alt=\"\" width=\"24\" height=\"24\" loading=\"lazy\" decoding=\"async\"\/><\/p>\n<p>        DEINE MEINUNG Z\u00c4HLT!<\/p>\n<p class=\"fd-poll-frage\" id=\"poll-frage-139\">Wer war der Spieler des Spiels des FC Bayern?<\/p>\n<p>                    Luis Diaz<\/p>\n<p>                    Dayot Upamecano<\/p>\n<p>                    Joshua Kimmich<\/p>\n<p>                    Harry Kane<\/p>\n<p>                    Michael Olise<\/p>\n<p>                    Ergebnis ansehen<br \/>\n                    Zur\u00fcck zur Abstimmung<\/p>\n<p>                    Umfrage unter unseren Nutzern\n        <\/p>\n<p class=\"mb20 mt30\">Dennoch ist das Remis der Bayern auf Schalke die Chance f\u00fcr die \u00fcbrigen Klubs die Saison ein wenig spannender zu machen. Derzeit stehen die M\u00fcnchner auf Rang vier in der Tabelle. Dabei hat der Rekordmeister zwei Punkte R\u00fcckstand auf den <a href=\"https:\/\/www.fussballdaten.de\/vereine\/sc-freiburg\/\" title=\"Profil von SC Freiburg\" rel=\"nofollow noopener\" target=\"_blank\">SC Freiburg<\/a> auf Rang eins. Am kommenden Wochenende reisen die Bayern dann zum n\u00e4chsten Aufsteiger: Der <a href=\"https:\/\/www.fussballdaten.de\/vereine\/sv-elversberg\/\" title=\"Profil von SV Elversberg\" rel=\"nofollow noopener\" target=\"_blank\">SV Elversberg<\/a>. Einfach d\u00fcrfte die Aufgabe dennoch nicht werden. Der Klub aus dem Saarland ist mit zwei Siegen in die Saison gestartet &#8211; gegen Bayer Leverkusen und Borussia M\u00f6nchengladbach. <\/p>\n","protected":false},"excerpt":{"rendered":"Vor dem Top-Spiel waren die Rollen klar verteilt: Der FC Bayern fuhr als deutscher Meister zum Aufsteiger. Mit&hellip;\n","protected":false},"author":2,"featured_media":1283017,"comment_status":"","ping_status":"","sticky":false,"template":"","format":"standard","meta":{"footnotes":"","_share_on_mastodon":"0"},"categories":[1827],"tags":[772,264606,299,29,7847,347,6325,30,9350,1268,23396,42375,264607],"class_list":["post-1283016","post","type-post","status-publish","format-standard","has-post-thumbnail","category-muenchen","tag-bayern","tag-bayern-blamage","tag-bundesliga","tag-deutschland","tag-football","tag-fussball","tag-gegen","tag-germany","tag-lange","tag-muenchen","tag-schalke","tag-schlecht","tag-startete"],"share_on_mastodon":{"url":"https:\/\/pubeurope.com\/@de\/117220552522005160","error":""},"_links":{"self":[{"href":"https:\/\/www.europesays.com\/de\/wp-json\/wp\/v2\/posts\/1283016","targetHints":{"allow":["GET"]}}],"collection":[{"href":"https:\/\/www.europesays.com\/de\/wp-json\/wp\/v2\/posts"}],"about":[{"href":"https:\/\/www.europesays.com\/de\/wp-json\/wp\/v2\/types\/post"}],"author":[{"embeddable":true,"href":"https:\/\/www.europesays.com\/de\/wp-json\/wp\/v2\/users\/2"}],"replies":[{"embeddable":true,"href":"https:\/\/www.europesays.com\/de\/wp-json\/wp\/v2\/comments?post=1283016"}],"version-history":[{"count":0,"href":"https:\/\/www.europesays.com\/de\/wp-json\/wp\/v2\/posts\/1283016\/revisions"}],"wp:featuredmedia":[{"embeddable":true,"href":"https:\/\/www.europesays.com\/de\/wp-json\/wp\/v2\/media\/1283017"}],"wp:attachment":[{"href":"https:\/\/www.europesays.com\/de\/wp-json\/wp\/v2\/media?parent=1283016"}],"wp:term":[{"taxonomy":"category","embeddable":true,"href":"https:\/\/www.europesays.com\/de\/wp-json\/wp\/v2\/categories?post=1283016"},{"taxonomy":"post_tag","embeddable":true,"href":"https:\/\/www.europesays.com\/de\/wp-json\/wp\/v2\/tags?post=1283016"}],"curies":[{"name":"wp","href":"https:\/\/api.w.org\/{rel}","templated":true}]}}