{"id":1283022,"date":"2026-09-05T21:29:16","date_gmt":"2026-09-05T21:29:16","guid":{"rendered":"https:\/\/www.europesays.com\/de\/1283022\/"},"modified":"2026-09-05T21:29:16","modified_gmt":"2026-09-05T21:29:16","slug":"auto-brennt-auf-b2-bei-michendorf-fahrer-bleibt-unverletzt-brandenburg","status":"publish","type":"post","link":"https:\/\/www.europesays.com\/de\/1283022\/","title":{"rendered":"Auto brennt auf B2 bei Michendorf: Fahrer bleibt unverletzt | Brandenburg"},"content":{"rendered":"<p>Michendorf \u2013 <b>Ein Zentimeter hoher Schaumteppich bedeckt den Asphalt der B2 auf H\u00f6he Michendorf. Zuvor war hier ein Auto w\u00e4hrend der Fahrt in Brand geraten. Als die Feuerwehr eintraf, stand der Wagen bereits lichterloh in Flammen.<\/b><\/p>\n<p>Die Einsatzkr\u00e4fte aus der Gemeinde Michendorf r\u00fcckten mit schwerem Atemschutz an. Schwarze Rauchwolke \u00fcber der B2. Zun\u00e4chst bek\u00e4mpften sie die gro\u00dfen Flammen mit Wasser. Anschlie\u00dfend deckten sie das ausgebrannte Fahrzeug mit Schaum ab, um Glutnester zu ersticken und den Wagen weiter herunterzuk\u00fchlen.<\/p>\n<p>Fahrer blieb unverletzt<\/p>\n<p>Der Fahrer hatte Gl\u00fcck im Ungl\u00fcck: Er bemerkte den Brand rechtzeitig, konnte das <a href=\"https:\/\/www.bz-berlin.de\/thema\/auto\" class=\"text-link\" rel=\"nofollow noopener\" target=\"_blank\">Auto<\/a> verlassen und blieb unverletzt. Sogar den mitgef\u00fchrten Anh\u00e4nger koppelte er in letzter Sekunde noch vom brennenden Fahrzeug ab. Darauf befanden sich unter anderem Getr\u00e4nke und Lebensmittel. Die Ladung blieb unbesch\u00e4digt.<\/p>\n<p><img decoding=\"async\" width=\"992\" height=\"558\" alt=\"Mit sehr viel L\u00f6schschaum k\u00fchlen die Feuerwehrleute den Wagen herunter\" loading=\"lazy\" src=\"https:\/\/www.europesays.com\/de\/wp-content\/uploads\/2026\/09\/5fc4eefe84fc583c2386c44b6dc7ef15,204ad71b.jpeg\"   class=\"landscape\"\/><\/p>\n<p class=\"fig__caption__text\">Mit sehr viel L\u00f6schschaum k\u00fchlen die Feuerwehrleute den Wagen herunter<\/p>\n<p>Foto: Julian St\u00e4hle<\/p>\n<p>Die <a href=\"https:\/\/www.bz-berlin.de\/thema\/polizei-brandenburg\" class=\"text-link\" rel=\"nofollow noopener\" target=\"_blank\">Polizei<\/a> schlie\u00dft einen technischen Defekt, der das Feuer ausgel\u00f6st haben k\u00f6nnte nicht aus. Das Auto brannte vollst\u00e4ndig aus. Der entstandene Sachschaden d\u00fcrfte sich auf mehrere zehntausend Euro belaufen.<\/p>\n<p>B2 stundenlang gesperrt<\/p>\n<p>F\u00fcr die L\u00f6scharbeiten der <a href=\"https:\/\/www.bz-berlin.de\/thema\/brandenburger-feuerwehr\" class=\"text-link\" rel=\"nofollow noopener\" target=\"_blank\">Feuerwehr<\/a> und die anschlie\u00dfenden Ma\u00dfnahmen blieb die B2 im betroffenen Bereich mehrere Stunden vollst\u00e4ndig gesperrt.<\/p>\n<p>Haben Sie einen Fehler in diesem Artikel entdeckt? Dann schreiben Sie uns gern: <a href=\"mailto:fehler.melden@bz.de?body=%0A%0A%0AURL%3A%20https%3A%2F%2Fwww.bz-berlin.de%2Fbrandenburg%2Fauto-brennt-auf-b2-bei-michendorf-fahrer-bleibt-unverletzt-6a9c2e04fd8102779ee4a33b%0ADatum%3A%205.9.2026%2C%2023%3A29%3A03%0A\" target=\"_blank\" rel=\"noopener\" class=\"anchor anchor--external\">fehler.melden@bz.de.<\/a><\/p>\n","protected":false},"excerpt":{"rendered":"Michendorf \u2013 Ein Zentimeter hoher Schaumteppich bedeckt den Asphalt der B2 auf H\u00f6he Michendorf. Zuvor war hier ein&hellip;\n","protected":false},"author":2,"featured_media":1283023,"comment_status":"","ping_status":"","sticky":false,"template":"","format":"standard","meta":{"footnotes":"","_share_on_mastodon":"0"},"categories":[1816],"tags":[7032,1960,1958,1959,1957,513,1956,1890,264608,29,987,985,30,702],"class_list":["post-1283022","post","type-post","status-publish","format-standard","has-post-thumbnail","category-brandenburg","tag-a1","tag-aktuelle-nachrichten-aus-berlin-und-brandenburg","tag-aktuelle-nachrichten-aus-brandenburg","tag-aktuelle-news-aus-berlin-und-brandenburg","tag-aktuelle-news-aus-brandenburg","tag-auto","tag-berlin-und-brandenburg","tag-brandenburg","tag-brandenburger-polizei","tag-deutschland","tag-feuer","tag-feuerwehr","tag-germany","tag-lebensmittel"],"share_on_mastodon":{"url":"https:\/\/pubeurope.com\/@de\/117220566206576131","error":""},"_links":{"self":[{"href":"https:\/\/www.europesays.com\/de\/wp-json\/wp\/v2\/posts\/1283022","targetHints":{"allow":["GET"]}}],"collection":[{"href":"https:\/\/www.europesays.com\/de\/wp-json\/wp\/v2\/posts"}],"about":[{"href":"https:\/\/www.europesays.com\/de\/wp-json\/wp\/v2\/types\/post"}],"author":[{"embeddable":true,"href":"https:\/\/www.europesays.com\/de\/wp-json\/wp\/v2\/users\/2"}],"replies":[{"embeddable":true,"href":"https:\/\/www.europesays.com\/de\/wp-json\/wp\/v2\/comments?post=1283022"}],"version-history":[{"count":0,"href":"https:\/\/www.europesays.com\/de\/wp-json\/wp\/v2\/posts\/1283022\/revisions"}],"wp:featuredmedia":[{"embeddable":true,"href":"https:\/\/www.europesays.com\/de\/wp-json\/wp\/v2\/media\/1283023"}],"wp:attachment":[{"href":"https:\/\/www.europesays.com\/de\/wp-json\/wp\/v2\/media?parent=1283022"}],"wp:term":[{"taxonomy":"category","embeddable":true,"href":"https:\/\/www.europesays.com\/de\/wp-json\/wp\/v2\/categories?post=1283022"},{"taxonomy":"post_tag","embeddable":true,"href":"https:\/\/www.europesays.com\/de\/wp-json\/wp\/v2\/tags?post=1283022"}],"curies":[{"name":"wp","href":"https:\/\/api.w.org\/{rel}","templated":true}]}}