{"id":1283034,"date":"2026-09-05T21:35:22","date_gmt":"2026-09-05T21:35:22","guid":{"rendered":"https:\/\/www.europesays.com\/de\/1283034\/"},"modified":"2026-09-05T21:35:22","modified_gmt":"2026-09-05T21:35:22","slug":"hollywood-star-natalie-portman-ist-zum-dritten-mal-mama-geworden","status":"publish","type":"post","link":"https:\/\/www.europesays.com\/de\/1283034\/","title":{"rendered":"Hollywood-Star Natalie Portman ist zum dritten Mal Mama geworden"},"content":{"rendered":"<p>Heimliche Geburt in Paris<\/p>\n<p>Hollywood-Star Natalie Portman ist zum dritten Mal Mama geworden<\/p>\n<p><img decoding=\"async\" data-hk=\"0000a11421200080501100200010\" class=\"Lazy-Image Lazy-Image--Loading\" loading=\"lazy\"  src=\"https:\/\/www.europesays.com\/de\/wp-content\/uploads\/2026\/09\/0eb6de1b-b934-4f08-aa5d-cb30492d14d6.ce3a1021-0ea5-4de1-8f29-9b855b52a980.jpeg\"  alt=\"\" width=\"48\" height=\"48\"\/> von <a href=\"https:\/\/www.bunte.de\/autoren\/felicitas-emmerich_eaf78833-6354-4229-828c-9140e27f5b79.html\" rel=\"nofollow noopener\" target=\"_blank\">Felicitas Emmerich<\/a><\/p>\n<p>05.09.2026, 19:37 Uhr<\/p>\n<p>05. September 2026 um 19:37 Uhr<\/p>\n<p>Schauspielerin Natalie Portman hat ihr drittes Kind zur Welt gebracht \u2013 und das bereits letzten Monat. \u201ePeople.com\u201d berichtet jetzt \u00fcber das Babygl\u00fcck.<\/p>\n<p><a href=\"https:\/\/www.bunte.de\/starprofile\/natalie-portman.html\" rel=\"follow nofollow noopener\" target=\"_self\">Natalie Portman<\/a> (45) ist <a href=\"https:\/\/www.bunte.de\/stars\/star-news\/drittes-kind-mit-45-natalie-portman-zeigt-ihren-blanken-babybauch_c5a34885-f211-45e5-9cd4-de223d8d13cd.html\" rel=\"follow nofollow noopener\" target=\"_self\">zum dritten Mal Mutter<\/a> geworden. Wie \u201ePeople.com\u201c unter Berufung auf einen Insider berichtet, brachte die Schauspielerin ihr Baby bereits letzten Monat in Paris zur Welt. Details zu Geschlecht oder Namen sind bislang nicht bekannt.<\/p>\n<p>Es ist Natalie Portmans erstes Kind mit Partner Tanguy Destable. Ihre ersten beiden Kinder, Sohn Aleph (15) und Tochter Amalia (9), stammen aus ihrer Ehe mit dem franz\u00f6sischen Regisseur und Choreografen Benjamin Millepied.<\/p>\n<p>ANZEIGENatalie Portman nannte Schwangerschaft \u201eein gro\u00dfes Privileg und ein Wunder\u201c<\/p>\n<p>Der Hollywood-Star, bekannt aus Filmen wie \u201eThor\u201c, \u201eBlack Swan\u201c und \u201eStar Wars\u201c, best\u00e4tigte seine Schwangerschaft im April in einem Interview mit der US-Ausgabe von \u201eHarper&#8217;s Bazaar\u201c. \u201eTanguy und ich freuen uns riesig\u201c, sagte Natalie Portman. Die 45-J\u00e4hrige spricht \u00e4u\u00dferst selten \u00fcber Privates, ihr Babygl\u00fcck wollte oder konnte sie dann aber doch nicht ganz f\u00fcr sich behalten. \u201eIch bin einfach sehr dankbar. Ich wei\u00df, dass das <a href=\"https:\/\/www.bunte.de\/stars\/stars-im-babyglueck\/ein-privileg-ein-wunder-natalie-portman-mit-44-wieder-schwanger_140147db-502c-4209-9839-fade5541c5ce.html\" rel=\"follow nofollow noopener\" target=\"_self\">ein gro\u00dfes Privileg und ein Wunder<\/a> ist.\u201c Sie genie\u00dfe ihre Schwangerschaft in vollen Z\u00fcgen, erz\u00e4hlte sie. \u201eEs ist eine Art von Dankbarkeit, die man in jungen Jahren nicht unbedingt begreift. Dazu kommen eine gewisse Ruhe und das Wissen um mich selbst: mit wem ich Zeit verbringen m\u00f6chte und welche Art von Energie ich um mich haben will \u2013 das macht die Erfahrung jeden Tag so wundersch\u00f6n. Und da ich wei\u00df, dass es wahrscheinlich das letzte Mal ist, genie\u00dfe ich jeden Moment.\u201c<\/p>\n<p>ANZEIGENatalie Portmans Partner Tanguy Destable ist Musik-Produzent<\/p>\n<p>\u00dcber ihren neuen Partner ist kaum etwas bekannt. Tanguy Destable ist Musiker und in seiner Heimat Frankreich auch unter dem K\u00fcnstlernamen Tepr als Techno-Produzent bekannt. Die franz\u00f6sische Zeitschrift \u201eVoici\u201c berichtet als erste \u00fcber die Liebe zu Natalie Portman, \u201ePeople\u201c best\u00e4tigte die Ger\u00fcchte schlie\u00dflich im M\u00e4rz 2025. Tanguy Destable brachte ebenfalls zwei Kinder mit in die Beziehung, er hat zwei S\u00f6hne mit Schauspielerin Louise Bourgoin.<\/p>\n<p>ANZEIGE<\/p>\n<p><a href=\"https:\/\/www.bunte.de\/stars\/natalie-portman-ich-bin-davon-weg-anderen-gefallen-zu-wollen_6f8abfbe-c21d-4cd3-9c67-0e46e86a271b.html\" rel=\"follow nofollow noopener\" target=\"_self\">Im Interview mit BUNTE erkl\u00e4rte Natalie Portman k\u00fcrzlich ihre Auffassung von Liebe<\/a>. \u201eDas Wort erscheint mir zu begrenzt, jedenfalls im Englischen\u201c, sagte sie. \u201eIch habe geh\u00f6rt, im Deutschen gibt es daf\u00fcr viele verschiedene Begriffe: die Liebe f\u00fcr Freunde, f\u00fcr sein Kind, f\u00fcr die eigene Arbeit, f\u00fcr die Kunst, f\u00fcr die Natur, f\u00fcr sich selbst und nat\u00fcrlich die romantische Liebe. Das alles in ein einziges Wort zu packen, f\u00fchlt sich zu klein an.\u201c<\/p>\n","protected":false},"excerpt":{"rendered":"Heimliche Geburt in Paris Hollywood-Star Natalie Portman ist zum dritten Mal Mama geworden von Felicitas Emmerich 05.09.2026, 19:37&hellip;\n","protected":false},"author":2,"featured_media":1283035,"comment_status":"","ping_status":"","sticky":false,"template":"","format":"standard","meta":{"footnotes":"","_share_on_mastodon":"0"},"categories":[1776],"tags":[1801,29,214,30,1802,215],"class_list":["post-1283034","post","type-post","status-publish","format-standard","has-post-thumbnail","category-prominente","tag-celebrities","tag-deutschland","tag-entertainment","tag-germany","tag-prominente","tag-unterhaltung"],"share_on_mastodon":{"url":"https:\/\/pubeurope.com\/@de\/117220587969959555","error":""},"_links":{"self":[{"href":"https:\/\/www.europesays.com\/de\/wp-json\/wp\/v2\/posts\/1283034","targetHints":{"allow":["GET"]}}],"collection":[{"href":"https:\/\/www.europesays.com\/de\/wp-json\/wp\/v2\/posts"}],"about":[{"href":"https:\/\/www.europesays.com\/de\/wp-json\/wp\/v2\/types\/post"}],"author":[{"embeddable":true,"href":"https:\/\/www.europesays.com\/de\/wp-json\/wp\/v2\/users\/2"}],"replies":[{"embeddable":true,"href":"https:\/\/www.europesays.com\/de\/wp-json\/wp\/v2\/comments?post=1283034"}],"version-history":[{"count":0,"href":"https:\/\/www.europesays.com\/de\/wp-json\/wp\/v2\/posts\/1283034\/revisions"}],"wp:featuredmedia":[{"embeddable":true,"href":"https:\/\/www.europesays.com\/de\/wp-json\/wp\/v2\/media\/1283035"}],"wp:attachment":[{"href":"https:\/\/www.europesays.com\/de\/wp-json\/wp\/v2\/media?parent=1283034"}],"wp:term":[{"taxonomy":"category","embeddable":true,"href":"https:\/\/www.europesays.com\/de\/wp-json\/wp\/v2\/categories?post=1283034"},{"taxonomy":"post_tag","embeddable":true,"href":"https:\/\/www.europesays.com\/de\/wp-json\/wp\/v2\/tags?post=1283034"}],"curies":[{"name":"wp","href":"https:\/\/api.w.org\/{rel}","templated":true}]}}