{"id":1283054,"date":"2026-09-05T21:46:19","date_gmt":"2026-09-05T21:46:19","guid":{"rendered":"https:\/\/www.europesays.com\/de\/1283054\/"},"modified":"2026-09-05T21:46:19","modified_gmt":"2026-09-05T21:46:19","slug":"unfall-in-den-alpen-frau-38-am-matterhorn-verschwunden-news","status":"publish","type":"post","link":"https:\/\/www.europesays.com\/de\/1283054\/","title":{"rendered":"Unfall in den Alpen? Frau (38) am Matterhorn verschwunden | News"},"content":{"rendered":"<p><a class=\"skip-content skip-content--link\" href=\"#in-content-skip-link-target-v-0-0\">TTS-Player \u00fcberspringen\u21b5<\/a><a id=\"in-content-skip-link-target-v-0-0\" class=\"skip-content--target-link-hidden skip-content skip-content--target-link\" href=\"#in-content-skip-link-target-v-0-0\">Artikel weiterlesen<\/a><\/p>\n<p>Aosta (Italien) \u2013 <b>Gro\u00dfes Drama an einem der ber\u00fchmtesten Alpengipfel: Seit dem 1. September wird die kanadische Bergl\u00e4uferin Kalie McCrystal (38) am Matterhorn (4478 Meter) vermisst. Zuvor hatte sie auf ihrem Instagram-Account verk\u00fcndet, den Berg \u00fcber die S\u00fcdseite in eigener Rekordzeit bezwingen zu wollen. Jetzt suchen italienische Rettungskr\u00e4fte nach ihr.<\/b><\/p>\n<p>McCrystal war am vergangenen Dienstag allein auf der italienischen Seite des markanten Berges unterwegs. \u00dcber den anspruchsvollen Liongrat wollte sie den Auf- und Abstieg in weniger als f\u00fcnf Stunden schaffen. Doch seit einem letzten Foto, das sie auf einer H\u00f6he von fast 4000 Metern zeigt, fehlt jedes Lebenszeichen von ihr. <\/p>\n<p> An dieser Stelle findest du Inhalte aus Instagram <\/p>\n<p> Um mit Inhalten aus Instagram und anderen sozialen Netzwerken zu interagieren oder diese darzustellen, brauchen wir deine Zustimmung. <\/p>\n<p> soziale Netzwerke aktivieren Wei\u00dfe Kleidung erschwert die Suche<\/p>\n<p>Bei ihrem Rekordversuch trug die Kanadierin Shorts und eine Jacke, zudem hatte sie einen Trailrunning-Rucksack dabei. \u201eSie trug wei\u00dfe Kleidung, was es schwieriger macht, sie zu entdecken\u201c, erkl\u00e4rten die <a href=\"https:\/\/www.bild.de\/themen\/organisationen\/rettungsdienst\/politik-nachrichten-news-fotos-videos-19795274.bild.html\" class=\"text-link\" rel=\"nofollow noopener\" target=\"_blank\">Rettungskr\u00e4fte<\/a> mit Blick auf die verschneiten Gipfel. Auch Versuche, das Handy der <a href=\"https:\/\/www.bild.de\/news\/aktuelles\/vermisste-personen\/thema-vermisste-personen-alle-infos-80909876.bild.html\" class=\"text-link\" rel=\"nofollow noopener\" target=\"_blank\">Vermissten<\/a> zu orten, blieben bislang erfolglos.<\/p>\n<p><img decoding=\"async\" width=\"992\" height=\"558\" alt=\"Aufgrund seiner Pyramidenform gilt das Matterhorn als einer der bekanntesten Berge der Welt\" loading=\"lazy\" src=\"https:\/\/www.europesays.com\/de\/wp-content\/uploads\/2026\/09\/c6ecd556f1e2882361ff32d74a024bbb,a5430113.jpeg\"   class=\"landscape\"\/><\/p>\n<p class=\"fig__caption__text\">Aufgrund seiner Pyramidenform gilt das Matterhorn als einer der bekanntesten Berge der Welt<\/p>\n<p>Foto: Getty Images<\/p>\n<p>Laut dem italienischen Fernsehsender <a href=\"https:\/\/www.rainews.it\/articoli\/2026\/09\/dispersa-sul-cervino-la-skyrunner-canadese-kalie-mccrystal-inseguiva-il-record-delle-5-ore-e108a2cc-c8c2-4ee2-b9e8-f5c73d5d5ddc.html\" target=\"_blank\" rel=\"nofollow noopener\" class=\"text-link\">\u201eRai\u201c<\/a> z\u00e4hlt McCrystal zu den erfolgreichsten kanadischen Bergl\u00e4uferinnen. Im Jahr 2026 gewann sie das Rennen \u201e4 Refugios Non-Stop\u201c in Argentinien \u2013 einen Wettkampf \u00fcber rund 40 Kilometer mit 3350 H\u00f6henmetern im Anstieg.<\/p>\n<p>Das Matterhorn ist 4478 Meter hoch und liegt in den Walliser Alpen direkt an der Grenze zwischen der Schweiz (Kanton Wallis, oberhalb des autofreien Ortes Zermatt) und Italien (Aostatal). Ost-, Nord- und Westwand liegen in der Schweiz, die S\u00fcdwand liegt in Italien.<\/p>\n","protected":false},"excerpt":{"rendered":"TTS-Player \u00fcberspringen\u21b5Artikel weiterlesen Aosta (Italien) \u2013 Gro\u00dfes Drama an einem der ber\u00fchmtesten Alpengipfel: Seit dem 1. September wird&hellip;\n","protected":false},"author":2,"featured_media":1283055,"comment_status":"","ping_status":"","sticky":false,"template":"","format":"standard","meta":{"footnotes":"","_share_on_mastodon":"0"},"categories":[3],"tags":[7887,13155,51915,119819,126,13147,13,202815,2954,355,53,210194,14,15,15095,3906,12,293,138370,10,8,9,11,2624,120,119,103,104],"class_list":["post-1283054","post","type-post","status-publish","format-standard","has-post-thumbnail","category-welt","tag-alpen","tag-berge","tag-bergsteigen","tag-bergsteiger","tag-frau","tag-gebirge","tag-headlines","tag-hochgebirge","tag-hubschrauber","tag-italien","tag-kanada","tag-matterhorn","tag-nachrichten","tag-news","tag-rettung","tag-rettungsdienst","tag-schlagzeilen","tag-schweiz","tag-team-first","tag-top-news","tag-top-meldungen","tag-topmeldungen","tag-topnews","tag-unfaelle","tag-vermisst","tag-vermisste-personen","tag-welt","tag-world"],"share_on_mastodon":{"url":"https:\/\/pubeurope.com\/@de\/117220632918977230","error":""},"_links":{"self":[{"href":"https:\/\/www.europesays.com\/de\/wp-json\/wp\/v2\/posts\/1283054","targetHints":{"allow":["GET"]}}],"collection":[{"href":"https:\/\/www.europesays.com\/de\/wp-json\/wp\/v2\/posts"}],"about":[{"href":"https:\/\/www.europesays.com\/de\/wp-json\/wp\/v2\/types\/post"}],"author":[{"embeddable":true,"href":"https:\/\/www.europesays.com\/de\/wp-json\/wp\/v2\/users\/2"}],"replies":[{"embeddable":true,"href":"https:\/\/www.europesays.com\/de\/wp-json\/wp\/v2\/comments?post=1283054"}],"version-history":[{"count":0,"href":"https:\/\/www.europesays.com\/de\/wp-json\/wp\/v2\/posts\/1283054\/revisions"}],"wp:featuredmedia":[{"embeddable":true,"href":"https:\/\/www.europesays.com\/de\/wp-json\/wp\/v2\/media\/1283055"}],"wp:attachment":[{"href":"https:\/\/www.europesays.com\/de\/wp-json\/wp\/v2\/media?parent=1283054"}],"wp:term":[{"taxonomy":"category","embeddable":true,"href":"https:\/\/www.europesays.com\/de\/wp-json\/wp\/v2\/categories?post=1283054"},{"taxonomy":"post_tag","embeddable":true,"href":"https:\/\/www.europesays.com\/de\/wp-json\/wp\/v2\/tags?post=1283054"}],"curies":[{"name":"wp","href":"https:\/\/api.w.org\/{rel}","templated":true}]}}