{"id":1283084,"date":"2026-09-05T22:06:44","date_gmt":"2026-09-05T22:06:44","guid":{"rendered":"https:\/\/www.europesays.com\/de\/1283084\/"},"modified":"2026-09-05T22:06:44","modified_gmt":"2026-09-05T22:06:44","slug":"mariae-geburts-markt-zum-letzten-mal-auf-einem-dienstag","status":"publish","type":"post","link":"https:\/\/www.europesays.com\/de\/1283084\/","title":{"rendered":"Mari\u00e4-Geburts-Markt zum letzten Mal auf einem Dienstag"},"content":{"rendered":"<p>Kirmes, Reitturnier und Feuerwerk: Der Telgter Mari\u00e4-Geburts-Markt bietet 2026 erneut viele Attraktionen f\u00fcr die ganze Familie.<\/p>\n<p>Telgte (gl) &#8211; In diesem Jahr l\u00e4dt die Stadt Telgte f\u00fcr die Zeit vom 11. bis 15. September zu Kirmes, Reitturnier, Feuerwerk und dem einzigartigen Kram- und Pferdemarkt ein. Zum letzten Mal findet der traditionelle Krammarkt \u2013 wie bisher gewohnt an einem Dienstag statt. In der Hoffnung, dass wieder mehr Besucherinnen den Weg zum Mari\u00e4-Geburts-Markt finden, wird der Krammarkttag ab 2027 auf den Sonntag verschoben.<\/p>\n<p class=\"contextmenu caption\">Mit Familienbereich<\/p>\n<p>Wie im vorigen Jahr wird der diesj\u00e4hrige Krammarkt am Dienstag (15. September) um 7.30 Uhr \u00f6ffnen, Marktschluss ist um 17 Uhr. Der Eintritt ist frei. Bereits 2025 ist ein Familienbereich ins Leben gerufen worden. Aufgrund der positiven Resonanz wird er auch in diesem Jahr wieder seinen Platz auf dem Markt finden. Es wird verschiedene Spielger\u00e4te der Stadtranderholung geben, ein Malbereich wird eingerichtet, Liegest\u00fchle zum Erholen stehen bereit. Ein Luftballonk\u00fcnstler zeigt sein K\u00f6nnen und ein Puppentheater bietet kindgerechte Unterhaltung. Die Sparkasse M\u00fcnsterland Ost wird diesen Familienbereich unterst\u00fctzen.<\/p>\n<p>Au\u00dferdem wird ein kleiner Flohmarktbereich in diesem Jahr Premiere feiern. Dieser ist aus-schlie\u00dflich f\u00fcr den Privatverkauf gedacht und nicht f\u00fcr gewerbliche H\u00e4ndler. Geplant sind rund 20 St\u00e4nde, f\u00fcr die man sich ausschlie\u00dflich bei stefan.reiser@telgte.de anmelden kann (nur noch wenige Pl\u00e4tze frei, 10 Euro Standgeb\u00fchr vor Ort in bar zu entrichten).<\/p>\n<p class=\"contextmenu caption\">Kram- und Pferdemarkt<\/p>\n<p>Die fast 400 Jahre alte Tradition des Marktes begr\u00fcndet sich im gro\u00dfen Kram- und Pferdemarkt. Dort finden die Besucherinnen und Besucher laut Pressemitteilung der Stadt Telgte alles, was das Herz begehrt: Auf der gro\u00dfen Planwiese in Telgte werden H\u00e4ndler allerhand Waren anbieten: von Haushaltsger\u00e4ten, Textilien und Lebensmitteln \u00fcber n\u00fctzliche Werkzeuge und Maschinen f\u00fcr Hof und Garten bis hin zu Kleintieren. Pferde, Esel, Schafe und Ziegen werden vor dem Reitturniergel\u00e4nde aufgestellt. Gefl\u00fcgel und Kleintiere befinden sich im Bereich zwischen der Maschinen- und Ger\u00e4teausstellung und dem Krammarkt. Auf dem Gel\u00e4nde \u00f6stlich des Reitturnierplatzes werden den Besuchern verschiedene Maschinen und Ger\u00e4te f\u00fcr die Landarbeit pr\u00e4sentiert und angeboten.<\/p>\n<p class=\"contextmenu caption\">Er\u00f6ffnung, Freifahrten und Feuerwerk<\/p>\n<p>Der Reit- und Fahrverein Gustav Rau Westbevern organisiert anl\u00e4sslich des Mari\u00e4-Geburts-Marktes wieder ein Reitturnier. Dieses dauert vom 12. bis 15. September. Highlight ist das Flutlichtspringen am Montagabend (14. September). Die Kirmes \u00f6ffnet ihre Pforten am Freitag, 11. September, um 16 Uhr (bis 23 Uhr) mit dem sogenannten Warm-up. Am Samstag, 14. September, er\u00f6ffnet dann B\u00fcrgermeisterin Katja Behrend um 15 Uhr an der alten Kirmesorgel der Schaustellerfamilie Heitmann offiziell die Kirmes. Nach der Er\u00f6ffnung gibt es auf den Karussells 15 Minuten lang Freifahrten zwischen 15.15 und 15.30 Uhr. Freifahrtchips werden nicht verteilt.<\/p>\n<p>Am Montag, 14. September, wird gegen 21 Uhr ein Feuerwerk abgebrannt, das von den Schaustellern mitfinanziert wird. Der Familientag ist traditionell wieder der Dienstag, 15. September. Besucher erhalten dann an den Fahr- und Verkaufsgesch\u00e4ften verschiedene Erm\u00e4\u00dfigungen und Verg\u00fcnstigungen in unterschiedlichster Form. Anl\u00e4sslich des Marktes \u00f6ffnen die Gesch\u00e4fte am Sonntag in der gesamten Innenstadt.<\/p>\n<p>Texte und Fotos von die-glocke.de sind urheberrechtlich gesch\u00fctzt.<br \/>\n            Weiterverwendung nur mit Genehmigung der Chefredaktion.<\/p>\n","protected":false},"excerpt":{"rendered":"Kirmes, Reitturnier und Feuerwerk: Der Telgter Mari\u00e4-Geburts-Markt bietet 2026 erneut viele Attraktionen f\u00fcr die ganze Familie. Telgte (gl)&hellip;\n","protected":false},"author":2,"featured_media":1283085,"comment_status":"","ping_status":"","sticky":false,"template":"","format":"standard","meta":{"footnotes":"","_share_on_mastodon":"0"},"categories":[1843],"tags":[3364,29,124513,30,2508,9588,8970,1209],"class_list":["post-1283084","post","type-post","status-publish","format-standard","has-post-thumbnail","category-muenster","tag-de","tag-deutschland","tag-geburts","tag-germany","tag-kirmes","tag-markt","tag-muenster","tag-nordrhein-westfalen"],"share_on_mastodon":{"url":"https:\/\/pubeurope.com\/@de\/117220709787463954","error":""},"_links":{"self":[{"href":"https:\/\/www.europesays.com\/de\/wp-json\/wp\/v2\/posts\/1283084","targetHints":{"allow":["GET"]}}],"collection":[{"href":"https:\/\/www.europesays.com\/de\/wp-json\/wp\/v2\/posts"}],"about":[{"href":"https:\/\/www.europesays.com\/de\/wp-json\/wp\/v2\/types\/post"}],"author":[{"embeddable":true,"href":"https:\/\/www.europesays.com\/de\/wp-json\/wp\/v2\/users\/2"}],"replies":[{"embeddable":true,"href":"https:\/\/www.europesays.com\/de\/wp-json\/wp\/v2\/comments?post=1283084"}],"version-history":[{"count":0,"href":"https:\/\/www.europesays.com\/de\/wp-json\/wp\/v2\/posts\/1283084\/revisions"}],"wp:featuredmedia":[{"embeddable":true,"href":"https:\/\/www.europesays.com\/de\/wp-json\/wp\/v2\/media\/1283085"}],"wp:attachment":[{"href":"https:\/\/www.europesays.com\/de\/wp-json\/wp\/v2\/media?parent=1283084"}],"wp:term":[{"taxonomy":"category","embeddable":true,"href":"https:\/\/www.europesays.com\/de\/wp-json\/wp\/v2\/categories?post=1283084"},{"taxonomy":"post_tag","embeddable":true,"href":"https:\/\/www.europesays.com\/de\/wp-json\/wp\/v2\/tags?post=1283084"}],"curies":[{"name":"wp","href":"https:\/\/api.w.org\/{rel}","templated":true}]}}