{"id":1283090,"date":"2026-09-05T22:14:20","date_gmt":"2026-09-05T22:14:20","guid":{"rendered":"https:\/\/www.europesays.com\/de\/1283090\/"},"modified":"2026-09-05T22:14:20","modified_gmt":"2026-09-05T22:14:20","slug":"alles-bereit-fuer-das-67-herzkamper-schuetzenfest","status":"publish","type":"post","link":"https:\/\/www.europesays.com\/de\/1283090\/","title":{"rendered":"Alles bereit f\u00fcr das 67. Herzkamper Sch\u00fctzenfest"},"content":{"rendered":"<p class=\"text_ohne_einzug richtext text-em-55 !leading-serif mx-6 desktop:mx-0\">Die Elberfelder Stra\u00dfe ist mit Wimpel-Girlanden bekr\u00e4nzt, das riesige Festzelt auf dem Festplatz ist ebenso aufgebaut wie der Auto-Scooter, das Kinderkarussell und die diversen Buden f\u00fcr ein vielf\u00e4ltiges gastronomisches Angebot, und auch eine Schie\u00dfbude wartet auf die G\u00e4ste, die selbst einmal zur Flinte greifen m\u00f6chten. Es ist also alles bereit f\u00fcr das 67. Herzkamper Sch\u00fctzenfest, das vom heutigen 4. bis zum 6. September Ziel der Menschen aus der n\u00e4heren und weiteren Umgebung ist, die ein z\u00fcnftiges Fest in urig-d\u00f6rflicher Umgebung erleben wollen.<\/p>\n","protected":false},"excerpt":{"rendered":"Die Elberfelder Stra\u00dfe ist mit Wimpel-Girlanden bekr\u00e4nzt, das riesige Festzelt auf dem Festplatz ist ebenso aufgebaut wie der&hellip;\n","protected":false},"author":2,"featured_media":1283091,"comment_status":"","ping_status":"","sticky":false,"template":"","format":"standard","meta":{"footnotes":"","_share_on_mastodon":"0"},"categories":[1840],"tags":[3364,29,264620,18675,3486,30,264619,18127,72288,236734,1209,23079,4728,9717,28260,264621,4418,3482],"class_list":["post-1283090","post","type-post","status-publish","format-standard","has-post-thumbnail","category-wuppertal","tag-de","tag-deutschland","tag-doerflicher","tag-festplatz","tag-festzelt","tag-germany","tag-herzkamp","tag-koenig","tag-koenigs","tag-koenigsschiessen","tag-nordrhein-westfalen","tag-schuetzenfest","tag-scooter","tag-uhr","tag-umgebung","tag-urig","tag-wuppertal","tag-zelt"],"share_on_mastodon":{"url":"https:\/\/pubeurope.com\/@de\/117220741113720497","error":""},"_links":{"self":[{"href":"https:\/\/www.europesays.com\/de\/wp-json\/wp\/v2\/posts\/1283090","targetHints":{"allow":["GET"]}}],"collection":[{"href":"https:\/\/www.europesays.com\/de\/wp-json\/wp\/v2\/posts"}],"about":[{"href":"https:\/\/www.europesays.com\/de\/wp-json\/wp\/v2\/types\/post"}],"author":[{"embeddable":true,"href":"https:\/\/www.europesays.com\/de\/wp-json\/wp\/v2\/users\/2"}],"replies":[{"embeddable":true,"href":"https:\/\/www.europesays.com\/de\/wp-json\/wp\/v2\/comments?post=1283090"}],"version-history":[{"count":0,"href":"https:\/\/www.europesays.com\/de\/wp-json\/wp\/v2\/posts\/1283090\/revisions"}],"wp:featuredmedia":[{"embeddable":true,"href":"https:\/\/www.europesays.com\/de\/wp-json\/wp\/v2\/media\/1283091"}],"wp:attachment":[{"href":"https:\/\/www.europesays.com\/de\/wp-json\/wp\/v2\/media?parent=1283090"}],"wp:term":[{"taxonomy":"category","embeddable":true,"href":"https:\/\/www.europesays.com\/de\/wp-json\/wp\/v2\/categories?post=1283090"},{"taxonomy":"post_tag","embeddable":true,"href":"https:\/\/www.europesays.com\/de\/wp-json\/wp\/v2\/tags?post=1283090"}],"curies":[{"name":"wp","href":"https:\/\/api.w.org\/{rel}","templated":true}]}}